{"id":4467,"date":"2018-05-29T14:01:08","date_gmt":"2018-05-29T17:01:08","guid":{"rendered":"https:\/\/hostnetart.com.br\/baixada\/brasileiros-sao-contra-privatizacao-das-empresas-estatais\/"},"modified":"2018-05-29T14:01:08","modified_gmt":"2018-05-29T17:01:08","slug":"brasileiros-sao-contra-privatizacao-das-empresas-estatais","status":"publish","type":"post","link":"https:\/\/hostnetart.com.br\/baixada\/brasileiros-sao-contra-privatizacao-das-empresas-estatais\/","title":{"rendered":"Brasileiros s\u00e3o contra privatiza\u00e7\u00e3o das empresas estatais"},"content":{"rendered":"<p>A absoluta maioria dos brasileiros \u00e9 contra privatiza\u00e7\u00e3o de empresas e servi\u00e7os p\u00fablicos, segundo pesquisa CUT\/Vox divulgada nesta segunda-feira (28).\u00a0<\/p>\n<p>E entre as raz\u00f5es para discordar do pacote de privatiza\u00e7\u00f5es do golpista e ileg\u00edtimo Michel Temer (MDB-SP), os entrevistados citaram pre\u00e7os mais caros, demiss\u00f5es de trabalhadores, redu\u00e7\u00e3o de sal\u00e1rios e mais: n\u00e3o \u00e9 um bom neg\u00f3cio nem traz benef\u00edcios para o Brasil, s\u00f3 beneficia empres\u00e1rios, investidores e os ricos.<\/p>\n<p>Perguntados se concordavam com a privatiza\u00e7\u00e3o da Petrobras, 60% foram contra e 59% disseram que a venda da companhia s\u00f3 beneficiaria os empres\u00e1rios, os investidores e os mais ricos.<\/p>\n<p><a class=\"dd-lightbox\" href=\"https:\/\/admin.cut.org.br\/system\/uploads\/ck\/SLIDE%20PETROBRAS.png\" target=\"_blank\" rel=\"noopener noreferrer\"><img fetchpriority=\"high\" decoding=\"async\" src=\"https:\/\/www.cut.org.br\/images\/cache\/systemuploadsckslide20petrobraspng-750x339xfit-a1a9e.png\" alt=\"\" width=\"750\" height=\"339\" \/><\/a>Tamb\u00e9m \u00e9 de 60% o percentual dos que s\u00e3o contra a venda da Caixa \u2013 61% acha que a privatiza\u00e7\u00e3o beneficia os de sempre, empres\u00e1rios, investidores e ricos.<\/p>\n<p><a class=\"dd-lightbox\" href=\"https:\/\/admin.cut.org.br\/system\/uploads\/ck\/SLIDE%20CAIXA.png\" target=\"_blank\" rel=\"noopener noreferrer\"><img decoding=\"async\" src=\"https:\/\/www.cut.org.br\/images\/cache\/systemuploadsckslide20caixapng-750x340xfit-971e4.png\" alt=\"\" width=\"750\" height=\"340\" \/><\/a><\/p>\n<p>58% dos brasileiros s\u00e3o conta da venda do Banco do Brasil \u2013 s\u00f3 beneficia empres\u00e1rios e ricos afirmaram 59% dos entrevistados.<\/p>\n<p><a class=\"dd-lightbox\" href=\"https:\/\/admin.cut.org.br\/system\/uploads\/ck\/SLIDE%20BANCO%20DO%20BRASIL.png\" target=\"_blank\" rel=\"noopener noreferrer\"><img decoding=\"async\" src=\"https:\/\/www.cut.org.br\/images\/cache\/systemuploadsckslide20banco20do20-750x341xfit-59638.png\" alt=\"\" width=\"750\" height=\"341\" \/><\/a><\/p>\n<p>E 57% d\u00e3o contra a venda da Eletrobras, entre outros motivos porque isso n\u00e3o beneficia nem o Brasil nem os brasileiros.<\/p>\n<p><a class=\"dd-lightbox\" href=\"https:\/\/admin.cut.org.br\/system\/uploads\/ck\/CUT-VOX%20SLIDE%20ELETROBRAS.png\" target=\"_blank\" rel=\"noopener noreferrer\"><img loading=\"lazy\" decoding=\"async\" src=\"https:\/\/www.cut.org.br\/images\/cache\/systemuploadsckcut-vox20slide20ele-750x339xfit-5e751.png\" alt=\"\" width=\"750\" height=\"339\" \/><\/a>No geral, 55% dos entrevistados pela CUT\/Vox s\u00e3o contra a privatiza\u00e7\u00e3o. Outros 23% s\u00e3o a favor e 22% n\u00e3o souberam ou n\u00e3o quiseram responder. A maior rejei\u00e7\u00e3o a venda de empresas e servi\u00e7os p\u00fablicos foi registrada na Regi\u00e3o Sudeste (59), seguida pela Regi\u00e3o Centro\/Oeste-Norte (57%); e Sul e Nordeste, com 49% cada.<\/p>\n<p>N\u00e3o importa o g\u00eanero, a idade, a escolaridade ou a renda, todos s\u00e3o contra a \u00a0privatiza\u00e7\u00e3o das empresas ou servi\u00e7os p\u00fablicos.<\/p>\n<p><strong>G\u00eanero e idade<\/strong><\/p>\n<p>Entre os homens o \u00edndice dos contr\u00e1rios \u00e9 de 54%, entre as mulheres \u00e9 de 55%.\u00a0No recorte por faixa et\u00e1ria, o cen\u00e1rio \u00e9 o mesmo: 51% dos jovens, 57% dos adultos, e 52 dos maduros n\u00e3o querem da venda das empresas e servi\u00e7os brasileiros.\u00a0<\/p>\n<p><strong>Escolaridade e renda<\/strong><\/p>\n<p>Por escolaridade, os percentuais tamb\u00e9m s\u00e3o acima de mais da metade dos entrevistados &#8211; 55% no ensino fundamental e no m\u00e9dio e 53% nos que t\u00eam ensino superior.\u00a0O mesmo ocorre no recorte por renda: 51% dos que ganham at\u00e9 2 SM s\u00e3o contra, 59% dos que ganham mais de 2 SM at\u00e9 5 SM, e 54% entre os que t\u00eam n\u00edvel superior.<\/p>\n<p><strong>Setores estrat\u00e9gicos<\/strong><\/p>\n<p>Entre os 23% que s\u00e3o a favor da privatiza\u00e7\u00e3o, 45% acham que todas as empresas e servi\u00e7os deveria ser privatizados; 50% acham que apenas algumas que n\u00e3o forem de setores estrat\u00e9gicos podem ser colocadas a venda; e 5% n\u00e3o soube ou n\u00e3o quis responder. \u00a0\u00a0<\/p>\n<p>Entre os 55% que s\u00e3o contra a privatiza\u00e7\u00e3o, 59% n\u00e3o quer que nenhuma seja vendida; 31% apenas algumas e 10% n\u00e3o sabem ou n\u00e3o responderam.<\/p>\n<p><strong>Avalia\u00e7\u00e3o da privatiza\u00e7\u00e3o feita no Brasil nos \u00faltimos 30 anos<\/strong><\/p>\n<p>Sobre as empresas que eram p\u00fablicas e foram privatizadas no Brasil nos \u00faltimos 30 anos, a avalia\u00e7\u00e3o tamb\u00e9m \u00e9 negativa.\u00a0<\/p>\n<p>Para 44%, nas m\u00e3os da iniciativa privada, as empresas n\u00e3o\u00a0ficaram rent\u00e1veis nem fortes; os pre\u00e7os est\u00e3o mais caros (42%), o n\u00famero de empregados diminuiu (38%), os sal\u00e1rios foram rebaixados (31%) e a qualidade dos produtos piorou (24%).<\/p>\n<p>Para 33% dos entrevistados, a privatiza\u00e7\u00e3o n\u00e3o trouxeram benef\u00edcios para o Brasil, 50% n\u00e3o \u00e9 um bom negocio<\/p>\n<p><strong>Bancos P\u00fablicos<\/strong><\/p>\n<p>49% dos entrevistados pela pesquisa CUT-Vox acham que os bancos p\u00fablicos, como o Banco do Brasil e a Caixa, s\u00e3o indispens\u00e1veis ao desenvolvimento nacional e n\u00e3o devem ser privatizados; outros 26% acham que os bancos privados s\u00e3o capazes de fazer as mesmas coisas e que a privatiza\u00e7\u00e3o do Banco do Brasil e da Caixa seria boa para o pa\u00eds.<\/p>\n<p>Para 47%, se a Caixa for privatizada muitas cidades do interior v\u00e3o ficar sem ag\u00eancias banc\u00e1rias e muitos programas sociais v\u00e3o diminuir ou parar de funcionar. Para 27%, isso n\u00e3o vai acontecer, ou seja, n\u00e3o haver\u00e1 redu\u00e7\u00e3o na cobertura de ag\u00eancias ou perdas nos programas sociais.<\/p>\n<p><strong>Sobre a administra\u00e7\u00e3o dos recursos do FGTS\u00a0\u00a0<\/strong><\/p>\n<p>49% dos entrevistados acham que, se a Caixa for privatizada, o FGTS n\u00e3o vai ser mais destinado a financiar a habita\u00e7\u00e3o para fam\u00edlias de renda baixa e m\u00e9dia. J\u00e1 outros 26%, acreditam que mesmo se for privatizada a Caixa continuar\u00e1 prestando esse tipo de servi\u00e7o. \u00a0<\/p>\n<p><a href=\"https:\/\/admin.cut.org.br\/system\/uploads\/ck\/cut_vox_privatizacao.pdf\"><strong>Confira a \u00edntegra da pesquisa<\/strong><\/a>.<\/p>\n<p>\u00a0<\/p>\n<p><span style=\"text-decoration: underline;\"><em><strong>Fonte: CUT<\/strong><\/em><\/span><\/p>\n","protected":false},"excerpt":{"rendered":"<p>A absoluta maioria dos brasileiros \u00e9 contra privatiza\u00e7\u00e3o de empresas e servi\u00e7os p\u00fablicos, segundo pesquisa CUT\/Vox divulgada nesta segunda-feira (28).\u00a0 E entre as raz\u00f5es para discordar do pacote de privatiza\u00e7\u00f5es do golpista e ileg\u00edtimo Michel Temer (MDB-SP), os entrevistados citaram pre\u00e7os mais caros, demiss\u00f5es de trabalhadores, redu\u00e7\u00e3o de sal\u00e1rios e mais: n\u00e3o \u00e9 um bom [&hellip;]<\/p>\n","protected":false},"author":2,"featured_media":4466,"comment_status":"","ping_status":"","sticky":false,"template":"","format":"standard","meta":{"footnotes":""},"categories":[3],"tags":[],"class_list":["post-4467","post","type-post","status-publish","format-standard","has-post-thumbnail","hentry","category-noticias"],"_links":{"self":[{"href":"https:\/\/hostnetart.com.br\/baixada\/wp-json\/wp\/v2\/posts\/4467","targetHints":{"allow":["GET"]}}],"collection":[{"href":"https:\/\/hostnetart.com.br\/baixada\/wp-json\/wp\/v2\/posts"}],"about":[{"href":"https:\/\/hostnetart.com.br\/baixada\/wp-json\/wp\/v2\/types\/post"}],"author":[{"embeddable":true,"href":"https:\/\/hostnetart.com.br\/baixada\/wp-json\/wp\/v2\/users\/2"}],"replies":[{"embeddable":true,"href":"https:\/\/hostnetart.com.br\/baixada\/wp-json\/wp\/v2\/comments?post=4467"}],"version-history":[{"count":0,"href":"https:\/\/hostnetart.com.br\/baixada\/wp-json\/wp\/v2\/posts\/4467\/revisions"}],"wp:featuredmedia":[{"embeddable":true,"href":"https:\/\/hostnetart.com.br\/baixada\/wp-json\/wp\/v2\/media\/4466"}],"wp:attachment":[{"href":"https:\/\/hostnetart.com.br\/baixada\/wp-json\/wp\/v2\/media?parent=4467"}],"wp:term":[{"taxonomy":"category","embeddable":true,"href":"https:\/\/hostnetart.com.br\/baixada\/wp-json\/wp\/v2\/categories?post=4467"},{"taxonomy":"post_tag","embeddable":true,"href":"https:\/\/hostnetart.com.br\/baixada\/wp-json\/wp\/v2\/tags?post=4467"}],"curies":[{"name":"wp","href":"https:\/\/api.w.org\/{rel}","templated":true}]}}