{"id":4465,"date":"2018-05-29T14:00:37","date_gmt":"2018-05-29T17:00:37","guid":{"rendered":"https:\/\/hostnetart.com.br\/baixada\/fenaban-responde-a-pedido-do-comando-nacional-dos-bancarios\/"},"modified":"2018-05-29T14:00:37","modified_gmt":"2018-05-29T17:00:37","slug":"fenaban-responde-a-pedido-do-comando-nacional-dos-bancarios","status":"publish","type":"post","link":"https:\/\/hostnetart.com.br\/baixada\/fenaban-responde-a-pedido-do-comando-nacional-dos-bancarios\/","title":{"rendered":"Fenaban responde a pedido do Comando Nacional dos Banc\u00e1rios"},"content":{"rendered":"<div class=\"content\">\n<p>Os banc\u00e1rios que tiverem problemas para ir ao trabalho devem avisar o banco. A solicita\u00e7\u00e3o ser\u00e1 avaliada caso a caso e os trabalhadores n\u00e3o ser\u00e3o punidos. A orienta\u00e7\u00e3o foi dada pela Federa\u00e7\u00e3o Nacional dos Bancos (Fenaban) ap\u00f3s cobran\u00e7a da Confedera\u00e7\u00e3o Nacional dos Trabalhadores do Ramo Financeiro (Contraf-CUT), em nome do Comando Nacional dos Banc\u00e1rios, na manh\u00e3 desta segunda-feira (28). A solicita\u00e7\u00e3o foi de que os bancos abonem as aus\u00eancias ocorridas devido aos problemas de abastecimento de combust\u00edvel. Para a Contraf-CUT, os trabalhadores n\u00e3o podem ser prejudicados pelos erros de gest\u00e3o do governo.<\/p>\n<p><strong>Leia mais:<\/strong>\u00a0<ins><strong><a href=\"http:\/\/contrafcut.org.br\/noticias\/comando-nacional-dos-bancarios-pede-abono-de-ausencias-de-trabalhadores-b568\/\" target=\"_blank\" rel=\"noopener noreferrer\">Comando Nacional dos Banc\u00e1rios pede abono de aus\u00eancias de trabalhadores<\/a><\/strong><\/ins><\/p>\n<\/div>\n<p id=\"page-author\"><strong>Fonte: Contraf-CUT<\/strong><\/p>\n","protected":false},"excerpt":{"rendered":"<p>Os banc\u00e1rios que tiverem problemas para ir ao trabalho devem avisar o banco. A solicita\u00e7\u00e3o ser\u00e1 avaliada caso a caso e os trabalhadores n\u00e3o ser\u00e3o punidos. A orienta\u00e7\u00e3o foi dada pela Federa\u00e7\u00e3o Nacional dos Bancos (Fenaban) ap\u00f3s cobran\u00e7a da Confedera\u00e7\u00e3o Nacional dos Trabalhadores do Ramo Financeiro (Contraf-CUT), em nome do Comando Nacional dos Banc\u00e1rios, na [&hellip;]<\/p>\n","protected":false},"author":2,"featured_media":4464,"comment_status":"","ping_status":"","sticky":false,"template":"","format":"standard","meta":{"footnotes":""},"categories":[3],"tags":[],"class_list":["post-4465","post","type-post","status-publish","format-standard","has-post-thumbnail","hentry","category-noticias"],"_links":{"self":[{"href":"https:\/\/hostnetart.com.br\/baixada\/wp-json\/wp\/v2\/posts\/4465","targetHints":{"allow":["GET"]}}],"collection":[{"href":"https:\/\/hostnetart.com.br\/baixada\/wp-json\/wp\/v2\/posts"}],"about":[{"href":"https:\/\/hostnetart.com.br\/baixada\/wp-json\/wp\/v2\/types\/post"}],"author":[{"embeddable":true,"href":"https:\/\/hostnetart.com.br\/baixada\/wp-json\/wp\/v2\/users\/2"}],"replies":[{"embeddable":true,"href":"https:\/\/hostnetart.com.br\/baixada\/wp-json\/wp\/v2\/comments?post=4465"}],"version-history":[{"count":0,"href":"https:\/\/hostnetart.com.br\/baixada\/wp-json\/wp\/v2\/posts\/4465\/revisions"}],"wp:featuredmedia":[{"embeddable":true,"href":"https:\/\/hostnetart.com.br\/baixada\/wp-json\/wp\/v2\/media\/4464"}],"wp:attachment":[{"href":"https:\/\/hostnetart.com.br\/baixada\/wp-json\/wp\/v2\/media?parent=4465"}],"wp:term":[{"taxonomy":"category","embeddable":true,"href":"https:\/\/hostnetart.com.br\/baixada\/wp-json\/wp\/v2\/categories?post=4465"},{"taxonomy":"post_tag","embeddable":true,"href":"https:\/\/hostnetart.com.br\/baixada\/wp-json\/wp\/v2\/tags?post=4465"}],"curies":[{"name":"wp","href":"https:\/\/api.w.org\/{rel}","templated":true}]}}