{"id":4461,"date":"2018-05-29T13:59:03","date_gmt":"2018-05-29T16:59:03","guid":{"rendered":"https:\/\/hostnetart.com.br\/baixada\/comando-nacional-dos-bancarios-pede-abono-de-ausencias-de-trabalhadores\/"},"modified":"2018-05-29T13:59:03","modified_gmt":"2018-05-29T16:59:03","slug":"comando-nacional-dos-bancarios-pede-abono-de-ausencias-de-trabalhadores","status":"publish","type":"post","link":"https:\/\/hostnetart.com.br\/baixada\/comando-nacional-dos-bancarios-pede-abono-de-ausencias-de-trabalhadores\/","title":{"rendered":"Comando Nacional dos Banc\u00e1rios pede abono de aus\u00eancias de trabalhadores"},"content":{"rendered":"<div class=\"content\">\n<p>A Confedera\u00e7\u00e3o Nacional dos Trabalhadores do Ramo Financeiro (Contraf-CUT), em nome do Comando Nacional dos Banc\u00e1rios, entrou em contato com a Federa\u00e7\u00e3o Nacional dos Bancos (Fenaban) na manh\u00e3 desta segunda-feira (28) e solicitou que os bancos abonem as aus\u00eancias ocorridas devido aos problemas de abastecimento de combust\u00edvel. Para a Contraf-CUT, os trabalhadores n\u00e3o podem ser prejudicados pelos erros de gest\u00e3o do governo.<\/p>\n<p>\u201cSolicitamos, ainda, que, nos casos em que a dispensa n\u00e3o for poss\u00edvel, os trabalhadores possam trabalhar em unidades mais pr\u00f3ximas \u00e0s suas resid\u00eancias\u201d, disse Juvandia Moreira, presidenta da Contraf-CUT.<\/p>\n<p>A Contraf-CUT repudia qualquer forma de press\u00e3o sobre os banc\u00e1rios que n\u00e3o conseguirem chegar aos seus locais de trabalho devido \u00e0 falta de transportes coletivos, assim como pela utiliza\u00e7\u00e3o de bicicletas, ou outros ve\u00edculos n\u00e3o motorizados.<\/p>\n<p>\u201cO uso da bicicleta n\u00e3o \u00e9 alternativa para um problema nacional de grandes dimens\u00f5es. Trata-se de uma alternativa amadora, que n\u00e3o leva em conta a condi\u00e7\u00e3o f\u00edsica e de sa\u00fade dos trabalhadores, tampouco as grandes dist\u00e2ncias que precisam ser percorridas para que muitos deles cheguem aos locais de trabalho\u201d, criticou Juvandia.<\/p>\n<p>Na noite desta segunda-feira (28), a\u00a0Fenaban respondeu \u00e0 Contraf-CUT que os banc\u00e1rios que tiverem problemas devem ligar para o banco que eles v\u00e3o avaliar caso a caso e n\u00e3o ser\u00e3o penalizados.<\/p>\n<p><strong>Aumentos abusivos combust\u00edveis\u00a0<\/strong><br \/>A Contraf-CUT apoia as mobiliza\u00e7\u00f5es dos caminhoneiros, que pedem a redu\u00e7\u00e3o do pre\u00e7o do diesel e o aumento da tarifa do frete, entre outras reivindica\u00e7\u00f5es, assim como dos petroleiros, que reivindicam a redu\u00e7\u00e3o dos pre\u00e7os de todos os combust\u00edveis e mudan\u00e7a da pol\u00edtica de reajuste de pre\u00e7os dos derivados de petr\u00f3leo.<\/p>\n<p>Em nota, a Federa\u00e7\u00e3o \u00danica dos Petroleiros explica que a atual pol\u00edtica de reajuste, que fez os pre\u00e7os dos combust\u00edveis dispararem, \u00e9 reflexo direto do maior desmonte da hist\u00f3ria da Petrobr\u00e1s.<\/p>\n<p>Segundo a FUP, a gest\u00e3o de Pedro Parente onera o consumidor brasileiro para garantir o lucro de grandes investidores que especulam no mercado financeiro a partir das a\u00e7\u00f5es da empresa. Obriga a Petrobr\u00e1s a abrir m\u00e3o do mercado nacional de derivados para as importadoras, que hoje s\u00e3o respons\u00e1veis por um quarto de todos os combust\u00edveis comercializados no pa\u00eds.<\/p>\n<p>A federa\u00e7\u00e3o dos petroleiros afirma, ainda que o n\u00famero de importadoras de derivados quadruplicou nos \u00faltimos dois anos, desde que Parente adotou pre\u00e7os internacionais para o combust\u00edvel vendido no pa\u00eds. Em 2017, segundo a FUP, o Brasil foi inundado com mais de 200 milh\u00f5es de barris de combust\u00edveis importados, enquanto as refinarias, por delibera\u00e7\u00e3o do governo Temer, est\u00e3o operando com menos de 70% de sua capacidade.<\/p>\n<p>\u201cO povo brasileiro \u00e9 quem paga a conta do desmonte da Petrobras, por meio de pre\u00e7os cada vez mais altos dos combust\u00edveis, da mesma forma que \u00e9 prejudicado com o desmonte dos bancos p\u00fablicos\u201d, observa Juvandia.<\/p>\n<\/div>\n<p id=\"page-author\"><span style=\"text-decoration: underline;\"><em><strong>Fonte: Contraf-CUT<\/strong><\/em><\/span><\/p>\n","protected":false},"excerpt":{"rendered":"<p>A Confedera\u00e7\u00e3o Nacional dos Trabalhadores do Ramo Financeiro (Contraf-CUT), em nome do Comando Nacional dos Banc\u00e1rios, entrou em contato com a Federa\u00e7\u00e3o Nacional dos Bancos (Fenaban) na manh\u00e3 desta segunda-feira (28) e solicitou que os bancos abonem as aus\u00eancias ocorridas devido aos problemas de abastecimento de combust\u00edvel. Para a Contraf-CUT, os trabalhadores n\u00e3o podem ser [&hellip;]<\/p>\n","protected":false},"author":2,"featured_media":4460,"comment_status":"","ping_status":"","sticky":false,"template":"","format":"standard","meta":{"footnotes":""},"categories":[3],"tags":[],"class_list":["post-4461","post","type-post","status-publish","format-standard","has-post-thumbnail","hentry","category-noticias"],"_links":{"self":[{"href":"https:\/\/hostnetart.com.br\/baixada\/wp-json\/wp\/v2\/posts\/4461","targetHints":{"allow":["GET"]}}],"collection":[{"href":"https:\/\/hostnetart.com.br\/baixada\/wp-json\/wp\/v2\/posts"}],"about":[{"href":"https:\/\/hostnetart.com.br\/baixada\/wp-json\/wp\/v2\/types\/post"}],"author":[{"embeddable":true,"href":"https:\/\/hostnetart.com.br\/baixada\/wp-json\/wp\/v2\/users\/2"}],"replies":[{"embeddable":true,"href":"https:\/\/hostnetart.com.br\/baixada\/wp-json\/wp\/v2\/comments?post=4461"}],"version-history":[{"count":0,"href":"https:\/\/hostnetart.com.br\/baixada\/wp-json\/wp\/v2\/posts\/4461\/revisions"}],"wp:featuredmedia":[{"embeddable":true,"href":"https:\/\/hostnetart.com.br\/baixada\/wp-json\/wp\/v2\/media\/4460"}],"wp:attachment":[{"href":"https:\/\/hostnetart.com.br\/baixada\/wp-json\/wp\/v2\/media?parent=4461"}],"wp:term":[{"taxonomy":"category","embeddable":true,"href":"https:\/\/hostnetart.com.br\/baixada\/wp-json\/wp\/v2\/categories?post=4461"},{"taxonomy":"post_tag","embeddable":true,"href":"https:\/\/hostnetart.com.br\/baixada\/wp-json\/wp\/v2\/tags?post=4461"}],"curies":[{"name":"wp","href":"https:\/\/api.w.org\/{rel}","templated":true}]}}