{"id":4451,"date":"2018-05-25T13:07:03","date_gmt":"2018-05-25T16:07:03","guid":{"rendered":"https:\/\/hostnetart.com.br\/baixada\/saude-caixa-eu-defendo-ecoa-por-todo-o-brasil\/"},"modified":"2018-05-25T13:07:03","modified_gmt":"2018-05-25T16:07:03","slug":"saude-caixa-eu-defendo-ecoa-por-todo-o-brasil","status":"publish","type":"post","link":"https:\/\/hostnetart.com.br\/baixada\/saude-caixa-eu-defendo-ecoa-por-todo-o-brasil\/","title":{"rendered":"&#8220;Sa\u00fade Caixa: eu defendo&#8221; ecoa por todo o Brasil"},"content":{"rendered":"<div class=\"content\">\n<p>Os empregados da Caixa de todo o Brasil se mobilizarama, nesta quinta-feira (24), no Dia Nacional em Defesa Do Sa\u00fade Caixa. Desde 2004, a Caixa paga 70% das despesas assistenciais e aos usu\u00e1rios cabem os outros 30%.\u00a0 As resolu\u00e7\u00f5es publicadas pelo Governo e a recente altera\u00e7\u00e3o no estatuto da Caixa prop\u00f5em um limite correspondente a 6,5% da Folha de Pagamento para a participa\u00e7\u00e3o da Caixa nessas despesas, \u00e0 revelia do que prev\u00ea o Acordo Coletivo de Trabalho (ACT).<\/p>\n<p>Clique <a href=\"http:\/\/www.contrafcut.org.br\/fotos\/dia-nacional-em-defesa-do-saude-caixa-e2b7\">aqui<\/a> para ver a galeria de fotos do Dia Nacional em Defesa Do Sa\u00fade Caixa<\/p>\n<p>Fabiana Uehara Proschodlt, secret\u00e1ria de Cultura da Contraf-CUT e representante da entidade na Comiss\u00e3o Executiva dos Empregados (CEE\/Caixa), lamenta as amea\u00e7as e os ataques sofridos pelo plano do plano de sa\u00fade dos empregados do banco. \u201cO Sa\u00fade Caixa \u00e9 uma das maiores conquistas da luta dos empregados. \u00c9 essencial que todos os benefici\u00e1rios do nosso plano de sa\u00fade encampem a campanha \u2018Sa\u00fade Caixa: eu defendo\u2019. A mobiliza\u00e7\u00e3o\u00a0 hoje foi importante para refor\u00e7ar a campanha e tamb\u00e9m a mesa de negocia\u00e7\u00e3o. Juntos somos mais! Juntos vamos manter essa conquista.\u201d<\/p>\n<p>O Sa\u00fade Caixa acumulou super\u00e1vit que chegava a R$ 670 milh\u00f5es em 2016. Dados mais recentes permanecem restritos \u00e0 gest\u00e3o do banco, que n\u00e3o deu ainda a devida transpar\u00eancia ao relat\u00f3rio atuarial de 2017.<\/p>\n<\/div>\n<p id=\"page-author\"><strong>Fonte: Contraf-CUT<\/strong><\/p>\n","protected":false},"excerpt":{"rendered":"<p>Os empregados da Caixa de todo o Brasil se mobilizarama, nesta quinta-feira (24), no Dia Nacional em Defesa Do Sa\u00fade Caixa. Desde 2004, a Caixa paga 70% das despesas assistenciais e aos usu\u00e1rios cabem os outros 30%.\u00a0 As resolu\u00e7\u00f5es publicadas pelo Governo e a recente altera\u00e7\u00e3o no estatuto da Caixa prop\u00f5em um limite correspondente a [&hellip;]<\/p>\n","protected":false},"author":2,"featured_media":4450,"comment_status":"","ping_status":"","sticky":false,"template":"","format":"standard","meta":{"footnotes":""},"categories":[3],"tags":[],"class_list":["post-4451","post","type-post","status-publish","format-standard","has-post-thumbnail","hentry","category-noticias"],"_links":{"self":[{"href":"https:\/\/hostnetart.com.br\/baixada\/wp-json\/wp\/v2\/posts\/4451","targetHints":{"allow":["GET"]}}],"collection":[{"href":"https:\/\/hostnetart.com.br\/baixada\/wp-json\/wp\/v2\/posts"}],"about":[{"href":"https:\/\/hostnetart.com.br\/baixada\/wp-json\/wp\/v2\/types\/post"}],"author":[{"embeddable":true,"href":"https:\/\/hostnetart.com.br\/baixada\/wp-json\/wp\/v2\/users\/2"}],"replies":[{"embeddable":true,"href":"https:\/\/hostnetart.com.br\/baixada\/wp-json\/wp\/v2\/comments?post=4451"}],"version-history":[{"count":0,"href":"https:\/\/hostnetart.com.br\/baixada\/wp-json\/wp\/v2\/posts\/4451\/revisions"}],"wp:featuredmedia":[{"embeddable":true,"href":"https:\/\/hostnetart.com.br\/baixada\/wp-json\/wp\/v2\/media\/4450"}],"wp:attachment":[{"href":"https:\/\/hostnetart.com.br\/baixada\/wp-json\/wp\/v2\/media?parent=4451"}],"wp:term":[{"taxonomy":"category","embeddable":true,"href":"https:\/\/hostnetart.com.br\/baixada\/wp-json\/wp\/v2\/categories?post=4451"},{"taxonomy":"post_tag","embeddable":true,"href":"https:\/\/hostnetart.com.br\/baixada\/wp-json\/wp\/v2\/tags?post=4451"}],"curies":[{"name":"wp","href":"https:\/\/api.w.org\/{rel}","templated":true}]}}