{"id":4447,"date":"2018-05-24T16:40:28","date_gmt":"2018-05-24T19:40:28","guid":{"rendered":"https:\/\/hostnetart.com.br\/baixada\/como-funciona-a-politica-de-precos-da-petrobras\/"},"modified":"2018-05-24T16:40:28","modified_gmt":"2018-05-24T19:40:28","slug":"como-funciona-a-politica-de-precos-da-petrobras","status":"publish","type":"post","link":"https:\/\/hostnetart.com.br\/baixada\/como-funciona-a-politica-de-precos-da-petrobras\/","title":{"rendered":"Como funciona a pol\u00edtica de pre\u00e7os da Petrobras"},"content":{"rendered":"<p>A\u00a0Associa\u00e7\u00e3o dos Engenheiros da Petrobras (Aepet) divulgou nessa quarta-feira (23)\u00a0<a class=\"external-link\" title=\"\" href=\"http:\/\/http\/\/www.aepet.org.br\/w3\/index.php\/artigos\/noticias-em-destaque\/item\/1749-nota-sobre-a-politica-de-precos-da-petrobras\" target=\"_blank\" rel=\"noopener noreferrer\">uma nota a respeito da pol\u00edtica de pre\u00e7os<\/a>\u00a0praticada pela companhia. Eles reafirmam e detalham o que j\u00e1 havia sido escrito em um editorial publicado em dezembro de 2017, no qual batizavam a linha adotada pela gest\u00e3o de Pedro Parente \u00e0 frente da empresa de\u00a0\u201cAmerica first! \u201d \u2013 \u201cos Estados Unidos primeiro!\u201d.<\/p>\n<p>A atual pol\u00edtica come\u00e7ou a vigorar\u00a0<a class=\"internal-link\" title=\"\" href=\"http:\/\/www.redebrasilatual.com.br\/trabalho\/2016\/09\/engenheiros-da-petrobras-se-opoem-a-privatizacao-e-desmonte-9005.html\" target=\"_blank\" rel=\"noopener noreferrer\">em outubro de 2016<\/a>. \u00c0 \u00e9poca, a empresa explicava que os reajustes seriam baseados na paridade com o mercado internacional e &#8220;mais uma margem que ser\u00e1 praticada para remunerar riscos inerentes \u00e0 opera\u00e7\u00e3o, como, por exemplo, volatilidade da taxa de c\u00e2mbio e dos pre\u00e7os sobre estadias em portos, e lucro, al\u00e9m de tributos. A Petrobras dizia ainda que a nova pol\u00edtica previa &#8220;avalia\u00e7\u00f5es para revis\u00f5es de pre\u00e7os pelo menos uma vez por m\u00eas&#8221;.<\/p>\n<p>Na pr\u00e1tica, as revis\u00f5es de pre\u00e7os foram mais frequentes do que &#8220;uma vez por m\u00eas&#8221;. S\u00f3 em uma semana do m\u00eas de maio, foram cinco altas consecutivas em fun\u00e7\u00e3o da varia\u00e7\u00e3o do pre\u00e7o do petr\u00f3leo e derivados no mercado internacional e da varia\u00e7\u00e3o da taxa cambial.\u00a0<\/p>\n<p class=\" \">A partir desse contexto, a Aepet faz algumas considera\u00e7\u00f5es.<\/p>\n<p class=\" \"><strong>A pol\u00edtica de pre\u00e7os de Temer \u00e9 melhor para a Petrobras?<\/strong><\/p>\n<p>Os engenheiros da companhia alertam para o que consideram ser uma &#8220;fal\u00e1cia&#8221;, de que a mudan\u00e7a da pol\u00edtica de pre\u00e7os atual amea\u00e7aria a capacidade empresarial da Petrobras.<\/p>\n<p>&#8220;Esclarecemos \u00e0 sociedade que a mudan\u00e7a na pol\u00edtica de pre\u00e7os, com a redu\u00e7\u00e3o dos pre\u00e7os no mercado interno, tem o potencial de melhorar o desempenho corporativo, ou de ser neutra, caso a redu\u00e7\u00e3o dos pre\u00e7os nas refinarias seja significativa, na medida em que a Petrobras pode recuperar o mercado entregue aos concorrentes por meio da atual pol\u00edtica de pre\u00e7os. Al\u00e9m da recupera\u00e7\u00e3o do mercado perdido, o tamanho do mercado tende a se expandir porque a demanda se aquece com pre\u00e7os mais baixos&#8221;, explicam.<\/p>\n<p class=\" \">&#8220;Outra fal\u00e1cia repetida 24 horas por dia diz respeito \u00e0 suposta &#8216;quebra da Petrobras&#8217; em consequ\u00eancia dos subs\u00eddios concedidos entre 2011 e 2014. A verdade \u00e9 que a gera\u00e7\u00e3o de caixa da companhia neste per\u00edodo foi pujante, sempre superior aos US$ 25 bilh\u00f5es, e compat\u00edvel ao desempenho empresarial hist\u00f3rico.&#8221;<\/p>\n<p class=\" \"><strong>Quem ganha com a atual pol\u00edtica de pre\u00e7os dos combust\u00edveis?<\/strong><\/p>\n<p>Com a ado\u00e7\u00e3o de uma pol\u00edtica de ajuste de pre\u00e7os atrelada ao mercado internacional, h\u00e1 setores que ganham, em preju\u00edzo do resto da sociedade, segundo a Aepet.<\/p>\n<p class=\" \">&#8220;Ganharam os produtores norte-americanos, os\u00a0<em>&#8216;traders<\/em>&#8216; multinacionais, os importadores e distribuidores de capital privado no Brasil. Perderam os consumidores brasileiros, a Petrobras, a Uni\u00e3o e os estados federados com os impactos recessivos e na arrecada\u00e7\u00e3o. Batizamos essa pol\u00edtica de &#8216;America first!&#8217; \u2013 &#8216;os Estados Unidos primeiro!&#8217;.\u201d<\/p>\n<p class=\" \"><strong>A Petrobras ganha com pre\u00e7os mais elevados no mercado interno?<\/strong><\/p>\n<p class=\" \"><a class=\"external-link\" title=\"\" href=\"http:\/\/www.aepet.org.br\/w3\/index.php\/artigos\/noticias-em-destaque\/item\/1125-editorial-politica-de-precos-de-temer-e-parente-e-america-first\" target=\"_blank\" rel=\"noopener noreferrer\">Em 2017<\/a>, a associa\u00e7\u00e3o j\u00e1 alertava que a empresa perdia &#8220;com a ociosidade de suas refinarias e a entrega da sua participa\u00e7\u00e3o no mercado brasileiro de combust\u00edveis. Perde a maioria dos brasileiros que consome, direta e indiretamente, os combust\u00edveis com pre\u00e7os majorados. Perde a Uni\u00e3o e os estados federados com os impactos recessivos e da arrecada\u00e7\u00e3o causados por pre\u00e7os elevados dos combust\u00edveis&#8221;.<\/p>\n<p>Com os pre\u00e7os mais altos, abre-se espa\u00e7o para a importa\u00e7\u00e3o por concorrentes. &#8220;A estatal perdeu mercado e a ociosidade de suas refinarias chegou a um quarto da capacidade instalada. A exporta\u00e7\u00e3o de petr\u00f3leo cru disparou, enquanto a importa\u00e7\u00e3o de derivados bateu recordes.\u00a0 O diesel importado dos EUA, que em 2015 respondia por 41% do total, em 2017 superou 80% do total importado pelo Brasil.&#8221;<\/p>\n<p><span style=\"text-decoration: underline;\"><strong><em>FONTE: Rede Brasil Atual<\/em><\/strong><\/span><\/p>\n","protected":false},"excerpt":{"rendered":"<p>A\u00a0Associa\u00e7\u00e3o dos Engenheiros da Petrobras (Aepet) divulgou nessa quarta-feira (23)\u00a0uma nota a respeito da pol\u00edtica de pre\u00e7os\u00a0praticada pela companhia. Eles reafirmam e detalham o que j\u00e1 havia sido escrito em um editorial publicado em dezembro de 2017, no qual batizavam a linha adotada pela gest\u00e3o de Pedro Parente \u00e0 frente da empresa de\u00a0\u201cAmerica first! \u201d [&hellip;]<\/p>\n","protected":false},"author":2,"featured_media":4446,"comment_status":"","ping_status":"","sticky":false,"template":"","format":"standard","meta":{"footnotes":""},"categories":[3],"tags":[],"class_list":["post-4447","post","type-post","status-publish","format-standard","has-post-thumbnail","hentry","category-noticias"],"_links":{"self":[{"href":"https:\/\/hostnetart.com.br\/baixada\/wp-json\/wp\/v2\/posts\/4447","targetHints":{"allow":["GET"]}}],"collection":[{"href":"https:\/\/hostnetart.com.br\/baixada\/wp-json\/wp\/v2\/posts"}],"about":[{"href":"https:\/\/hostnetart.com.br\/baixada\/wp-json\/wp\/v2\/types\/post"}],"author":[{"embeddable":true,"href":"https:\/\/hostnetart.com.br\/baixada\/wp-json\/wp\/v2\/users\/2"}],"replies":[{"embeddable":true,"href":"https:\/\/hostnetart.com.br\/baixada\/wp-json\/wp\/v2\/comments?post=4447"}],"version-history":[{"count":0,"href":"https:\/\/hostnetart.com.br\/baixada\/wp-json\/wp\/v2\/posts\/4447\/revisions"}],"wp:featuredmedia":[{"embeddable":true,"href":"https:\/\/hostnetart.com.br\/baixada\/wp-json\/wp\/v2\/media\/4446"}],"wp:attachment":[{"href":"https:\/\/hostnetart.com.br\/baixada\/wp-json\/wp\/v2\/media?parent=4447"}],"wp:term":[{"taxonomy":"category","embeddable":true,"href":"https:\/\/hostnetart.com.br\/baixada\/wp-json\/wp\/v2\/categories?post=4447"},{"taxonomy":"post_tag","embeddable":true,"href":"https:\/\/hostnetart.com.br\/baixada\/wp-json\/wp\/v2\/tags?post=4447"}],"curies":[{"name":"wp","href":"https:\/\/api.w.org\/{rel}","templated":true}]}}