{"id":4445,"date":"2018-05-24T16:33:01","date_gmt":"2018-05-24T19:33:01","guid":{"rendered":"https:\/\/hostnetart.com.br\/baixada\/cut-apoia-paralisacao-dos-caminhoneiros\/"},"modified":"2018-05-24T16:33:01","modified_gmt":"2018-05-24T19:33:01","slug":"cut-apoia-paralisacao-dos-caminhoneiros","status":"publish","type":"post","link":"https:\/\/hostnetart.com.br\/baixada\/cut-apoia-paralisacao-dos-caminhoneiros\/","title":{"rendered":"CUT apoia paralisa\u00e7\u00e3o dos caminhoneiros"},"content":{"rendered":"<p>A paralisa\u00e7\u00e3o dos caminhoneiros nas estradas de todo pa\u00eds \u00e9 um movimento leg\u00edtimo da classe trabalhadora que vem tendo seus sal\u00e1rios e renda vilipendiados pelo governo ileg\u00edtimo e golpista de Michel Temer (MDB-SP).<\/p>\n<p>Os aumentos nos pre\u00e7os dos combust\u00edveis tornam invi\u00e1veis ao trabalhador caminhoneiro prover o seu sustento e da sua fam\u00edlia, j\u00e1 que o valor do frete n\u00e3o cobre os reajustes di\u00e1rios e diminui o valor do sal\u00e1rio dele.<\/p>\n<p>E n\u00e3o s\u00e3o apenas os caminhoneiros que sofrem. Trabalhadores do setor de transporte e a popula\u00e7\u00e3o como um todo arcam com as consequ\u00eancias desses aumentos, que refletem ainda nos pre\u00e7os do g\u00e1s, no p\u00e3o e em outros itens da cesta b\u00e1sica.<\/p>\n<p>\u201cA popula\u00e7\u00e3o precisa apoiar este movimento que n\u00e3o \u00e9 somente contra o reajuste dos combust\u00edveis, \u00e9 contra a privatiza\u00e7\u00e3o da Petrobras. O governo est\u00e1 utilizando esses aumentos para defender a venda da estatal\u201d, diz o presidente da CUT Vagner Freitas.<\/p>\n<p>Segundo ele, a greve dos companheiros caminhoneiros deve ser apoiada por conta dos desmandos e sucateamento que Pedro Parente, presidente da Petrobras, faz na estatal, com o intuito de vender a empresa a pre\u00e7o de banana.<\/p>\n<p>\u201cO Brasil tem de extrair o petr\u00f3leo e refinar aqui, como era feito antes desse governo. S\u00f3 assim conseguiremos baratear os combust\u00edveis. Hoje, 25% do produto s\u00e3o importados e ainda h\u00e1 a previs\u00e3o de privatizar quatro refinarias do pa\u00eds. Com isso, milhares de empregos ser\u00e3o perdidos aqui enquanto fora do pa\u00eds s\u00e3o gerados novos postos de trabalho\u201d, declara o presidente da CUT.<\/p>\n<p>Para Vagner Freitas, o governo tem a obriga\u00e7\u00e3o de diminuir os pre\u00e7os dos combust\u00edveis e atender as reivindica\u00e7\u00f5es dos trabalhadores caminhoneiros.<\/p>\n<p>Por tudo isso, a CUT defende uma Petrobras p\u00fablica e estatal, o pr\u00e9-sal e defende que \u201cO Petr\u00f3leo \u00e9 do Brasil\u201d.<\/p>\n<p>\u00a0<\/p>\n<p><strong>Fonte: CUT<\/strong><\/p>\n","protected":false},"excerpt":{"rendered":"<p>A paralisa\u00e7\u00e3o dos caminhoneiros nas estradas de todo pa\u00eds \u00e9 um movimento leg\u00edtimo da classe trabalhadora que vem tendo seus sal\u00e1rios e renda vilipendiados pelo governo ileg\u00edtimo e golpista de Michel Temer (MDB-SP). Os aumentos nos pre\u00e7os dos combust\u00edveis tornam invi\u00e1veis ao trabalhador caminhoneiro prover o seu sustento e da sua fam\u00edlia, j\u00e1 que o [&hellip;]<\/p>\n","protected":false},"author":2,"featured_media":4444,"comment_status":"","ping_status":"","sticky":false,"template":"","format":"standard","meta":{"footnotes":""},"categories":[3],"tags":[],"class_list":["post-4445","post","type-post","status-publish","format-standard","has-post-thumbnail","hentry","category-noticias"],"_links":{"self":[{"href":"https:\/\/hostnetart.com.br\/baixada\/wp-json\/wp\/v2\/posts\/4445","targetHints":{"allow":["GET"]}}],"collection":[{"href":"https:\/\/hostnetart.com.br\/baixada\/wp-json\/wp\/v2\/posts"}],"about":[{"href":"https:\/\/hostnetart.com.br\/baixada\/wp-json\/wp\/v2\/types\/post"}],"author":[{"embeddable":true,"href":"https:\/\/hostnetart.com.br\/baixada\/wp-json\/wp\/v2\/users\/2"}],"replies":[{"embeddable":true,"href":"https:\/\/hostnetart.com.br\/baixada\/wp-json\/wp\/v2\/comments?post=4445"}],"version-history":[{"count":0,"href":"https:\/\/hostnetart.com.br\/baixada\/wp-json\/wp\/v2\/posts\/4445\/revisions"}],"wp:featuredmedia":[{"embeddable":true,"href":"https:\/\/hostnetart.com.br\/baixada\/wp-json\/wp\/v2\/media\/4444"}],"wp:attachment":[{"href":"https:\/\/hostnetart.com.br\/baixada\/wp-json\/wp\/v2\/media?parent=4445"}],"wp:term":[{"taxonomy":"category","embeddable":true,"href":"https:\/\/hostnetart.com.br\/baixada\/wp-json\/wp\/v2\/categories?post=4445"},{"taxonomy":"post_tag","embeddable":true,"href":"https:\/\/hostnetart.com.br\/baixada\/wp-json\/wp\/v2\/tags?post=4445"}],"curies":[{"name":"wp","href":"https:\/\/api.w.org\/{rel}","templated":true}]}}