{"id":4439,"date":"2018-05-24T14:51:52","date_gmt":"2018-05-24T17:51:52","guid":{"rendered":"https:\/\/hostnetart.com.br\/baixada\/reuniao-da-comissao-bipartite-de-saude-do-trabalhador-com-fenaban-termina-sem-avancos\/"},"modified":"2018-05-24T14:51:52","modified_gmt":"2018-05-24T17:51:52","slug":"reuniao-da-comissao-bipartite-de-saude-do-trabalhador-com-fenaban-termina-sem-avancos","status":"publish","type":"post","link":"https:\/\/hostnetart.com.br\/baixada\/reuniao-da-comissao-bipartite-de-saude-do-trabalhador-com-fenaban-termina-sem-avancos\/","title":{"rendered":"Reuni\u00e3o da Comiss\u00e3o Bipartite de Sa\u00fade do Trabalhador com Fenaban termina sem avan\u00e7os"},"content":{"rendered":"<div class=\"content\">\n<p>A mesa de negocia\u00e7\u00e3o da Comiss\u00e3o Bipartite de Sa\u00fade do Trabalhador da Contraf-CUT com a Federa\u00e7\u00e3o Nacional dos Bancos (Fenaban), realizada nesta quarta-feira (23), terminou sem avan\u00e7os para a classe trabalhadora.\u00a0<br \/> Na tentativa de retomar as negocia\u00e7\u00f5es, a Contraf-CUT cobrou a continuidade dos debates, realizados na \u00faltima reuni\u00e3o, sobre a preven\u00e7\u00e3o de adoecimentos e acidentes de trabalho, a suspens\u00e3o das demiss\u00f5es\u00a0dos banc\u00e1rios retornados do INSS e, tamb\u00e9m, sobre as clausulas 45 \u2013 que aborda a o retorno ao trabalho \u2013 e 57 \u2013 que prop\u00f5e a cria\u00e7\u00e3o de um programa de acompanhamento das rela\u00e7\u00f5es de trabalho.<\/p>\n<p>Para o secret\u00e1rio da Sa\u00fade da Contraf-CUT, Mauro Salles, h\u00e1 uma press\u00e3o dos bancos sob os trabalhadores doentes. \u201cH\u00e1 uma pol\u00edtica de discrimina\u00e7\u00e3o nos bancos contra os trabalhadores adoecidos, n\u00e3o acatando laudos e exames m\u00e9dicos, buscando descaracterizar adoecimento para poder demitir\u201d, disse.<\/p>\n<p>A cobran\u00e7a do movimento sindical gerou impasse durante a reuni\u00e3o. A Fenaban se recusou a avan\u00e7ar na negocia\u00e7\u00e3o, por\u00e9m apresentou dificuldade para se contrapor aos argumentos da Comiss\u00e3o Bipartite de Sa\u00fade do Trabalhador. \u201cA Fenaban n\u00e3o deu resposta \u00e0s nossas demandas, portanto, vamos continuar mobilizados na luta em todas as esferas e apostando no processo negocial\u201d, disse o secret\u00e1rio de Sa\u00fade da Contraf-CUT.<\/p>\n<p>De acordo com Mauro, o tema ser\u00e1 prioridade na Campanha Nacional dos Banc\u00e1rios 2018.<\/p>\n<\/div>\n<p id=\"page-author\"><strong>Fonte: Contraf-CUT<\/strong><\/p>\n","protected":false},"excerpt":{"rendered":"<p>A mesa de negocia\u00e7\u00e3o da Comiss\u00e3o Bipartite de Sa\u00fade do Trabalhador da Contraf-CUT com a Federa\u00e7\u00e3o Nacional dos Bancos (Fenaban), realizada nesta quarta-feira (23), terminou sem avan\u00e7os para a classe trabalhadora.\u00a0 Na tentativa de retomar as negocia\u00e7\u00f5es, a Contraf-CUT cobrou a continuidade dos debates, realizados na \u00faltima reuni\u00e3o, sobre a preven\u00e7\u00e3o de adoecimentos e acidentes [&hellip;]<\/p>\n","protected":false},"author":2,"featured_media":4438,"comment_status":"","ping_status":"","sticky":false,"template":"","format":"standard","meta":{"footnotes":""},"categories":[3],"tags":[],"class_list":["post-4439","post","type-post","status-publish","format-standard","has-post-thumbnail","hentry","category-noticias"],"_links":{"self":[{"href":"https:\/\/hostnetart.com.br\/baixada\/wp-json\/wp\/v2\/posts\/4439","targetHints":{"allow":["GET"]}}],"collection":[{"href":"https:\/\/hostnetart.com.br\/baixada\/wp-json\/wp\/v2\/posts"}],"about":[{"href":"https:\/\/hostnetart.com.br\/baixada\/wp-json\/wp\/v2\/types\/post"}],"author":[{"embeddable":true,"href":"https:\/\/hostnetart.com.br\/baixada\/wp-json\/wp\/v2\/users\/2"}],"replies":[{"embeddable":true,"href":"https:\/\/hostnetart.com.br\/baixada\/wp-json\/wp\/v2\/comments?post=4439"}],"version-history":[{"count":0,"href":"https:\/\/hostnetart.com.br\/baixada\/wp-json\/wp\/v2\/posts\/4439\/revisions"}],"wp:featuredmedia":[{"embeddable":true,"href":"https:\/\/hostnetart.com.br\/baixada\/wp-json\/wp\/v2\/media\/4438"}],"wp:attachment":[{"href":"https:\/\/hostnetart.com.br\/baixada\/wp-json\/wp\/v2\/media?parent=4439"}],"wp:term":[{"taxonomy":"category","embeddable":true,"href":"https:\/\/hostnetart.com.br\/baixada\/wp-json\/wp\/v2\/categories?post=4439"},{"taxonomy":"post_tag","embeddable":true,"href":"https:\/\/hostnetart.com.br\/baixada\/wp-json\/wp\/v2\/tags?post=4439"}],"curies":[{"name":"wp","href":"https:\/\/api.w.org\/{rel}","templated":true}]}}