{"id":4437,"date":"2018-05-23T12:41:39","date_gmt":"2018-05-23T15:41:39","guid":{"rendered":"https:\/\/hostnetart.com.br\/baixada\/sindbaixada-reintegra-bancarios-por-demissao-irregular\/"},"modified":"2018-05-23T12:41:39","modified_gmt":"2018-05-23T15:41:39","slug":"sindbaixada-reintegra-bancarios-por-demissao-irregular","status":"publish","type":"post","link":"https:\/\/hostnetart.com.br\/baixada\/sindbaixada-reintegra-bancarios-por-demissao-irregular\/","title":{"rendered":"SindBaixada reintegra banc\u00e1rios por demiss\u00e3o irregular"},"content":{"rendered":"<p><span style=\"text-decoration: underline;\"><em>Mais um banc\u00e1rio reintegrado<\/em><\/span><\/p>\n<p>Os banc\u00e1rios da Baixada Fluminense conquistaram mais uma reintegra\u00e7\u00e3o, desta vez no Banco Ita\u00fa Personnalit\u00e9, em Nova Igua\u00e7u<\/p>\n<p>A banc\u00e1ria Marcela foi reintegrada hoje, dia 23 de maio, pela Justi\u00e7a do Trabalho de Nova Igua\u00e7u, por ter comprovado ser portadora de doen\u00e7a ocupacional provocada por movimentos repetitivos relacionados ao trabalho. A banc\u00e1ria ter\u00e1 estabilidade provis\u00f3ria enquanto persistir o problema.<\/p>\n<p>Na foto, Marcela est\u00e1 entre o Diretor Jur\u00eddico do Sindicato, Adjalmo Klein, e o Diretor respons\u00e1vel pelo atendimento na \u00e1rea de Sa\u00fade e Seguran\u00e7a do Trabalho, Silvio Brand\u00e3o.<\/p>\n<p>\u00c9 o Departamento Jur\u00eddico e Departamento de Sa\u00fade do SindBaixada trabalhando em conjunto e marcando mais um gol de placa!<\/p>\n<p><strong>REINTEGRA\u00c7\u00d5ES DO SINDBAIXADA<\/strong><\/p>\n<p>Nos \u00faltimos dois meses, o Sindicato dos Banc\u00e1rios da Baixada Fluminense j\u00e1 contabiliza cinco reintegra\u00e7\u00f5es por motivo de doen\u00e7a ocupacional, o que demonstra o quanto os bancos est\u00e3o errando na gest\u00e3o de seus funcion\u00e1rios, provocando cada vez mais doen\u00e7as de natureza osteomusculares e tamb\u00e9m de origem emocional.<\/p>\n","protected":false},"excerpt":{"rendered":"<p>Mais um banc\u00e1rio reintegrado Os banc\u00e1rios da Baixada Fluminense conquistaram mais uma reintegra\u00e7\u00e3o, desta vez no Banco Ita\u00fa Personnalit\u00e9, em Nova Igua\u00e7u A banc\u00e1ria Marcela foi reintegrada hoje, dia 23 de maio, pela Justi\u00e7a do Trabalho de Nova Igua\u00e7u, por ter comprovado ser portadora de doen\u00e7a ocupacional provocada por movimentos repetitivos relacionados ao trabalho. A [&hellip;]<\/p>\n","protected":false},"author":2,"featured_media":4436,"comment_status":"","ping_status":"","sticky":false,"template":"","format":"standard","meta":{"footnotes":""},"categories":[3],"tags":[],"class_list":["post-4437","post","type-post","status-publish","format-standard","has-post-thumbnail","hentry","category-noticias"],"_links":{"self":[{"href":"https:\/\/hostnetart.com.br\/baixada\/wp-json\/wp\/v2\/posts\/4437","targetHints":{"allow":["GET"]}}],"collection":[{"href":"https:\/\/hostnetart.com.br\/baixada\/wp-json\/wp\/v2\/posts"}],"about":[{"href":"https:\/\/hostnetart.com.br\/baixada\/wp-json\/wp\/v2\/types\/post"}],"author":[{"embeddable":true,"href":"https:\/\/hostnetart.com.br\/baixada\/wp-json\/wp\/v2\/users\/2"}],"replies":[{"embeddable":true,"href":"https:\/\/hostnetart.com.br\/baixada\/wp-json\/wp\/v2\/comments?post=4437"}],"version-history":[{"count":0,"href":"https:\/\/hostnetart.com.br\/baixada\/wp-json\/wp\/v2\/posts\/4437\/revisions"}],"wp:featuredmedia":[{"embeddable":true,"href":"https:\/\/hostnetart.com.br\/baixada\/wp-json\/wp\/v2\/media\/4436"}],"wp:attachment":[{"href":"https:\/\/hostnetart.com.br\/baixada\/wp-json\/wp\/v2\/media?parent=4437"}],"wp:term":[{"taxonomy":"category","embeddable":true,"href":"https:\/\/hostnetart.com.br\/baixada\/wp-json\/wp\/v2\/categories?post=4437"},{"taxonomy":"post_tag","embeddable":true,"href":"https:\/\/hostnetart.com.br\/baixada\/wp-json\/wp\/v2\/tags?post=4437"}],"curies":[{"name":"wp","href":"https:\/\/api.w.org\/{rel}","templated":true}]}}