{"id":4435,"date":"2018-05-23T12:40:19","date_gmt":"2018-05-23T15:40:19","guid":{"rendered":"https:\/\/hostnetart.com.br\/baixada\/sem-bancos-publicos-desenvolvimento-fica-submetido-a-humores-do-mercado\/"},"modified":"2018-05-23T12:40:19","modified_gmt":"2018-05-23T15:40:19","slug":"sem-bancos-publicos-desenvolvimento-fica-submetido-a-humores-do-mercado","status":"publish","type":"post","link":"https:\/\/hostnetart.com.br\/baixada\/sem-bancos-publicos-desenvolvimento-fica-submetido-a-humores-do-mercado\/","title":{"rendered":"Sem bancos p\u00fablicos, desenvolvimento fica submetido a humores do mercado"},"content":{"rendered":"<p>O governo Temer, atendendo aos interesses do mercado financeiro, promove o desmonte dos <strong>bancos p\u00fablicos<\/strong> com a venda fatiada de ativos da Caixa Econ\u00f4mica e do Banco do Brasil, al\u00e9m de promover a descapitaliza\u00e7\u00e3o do BNDES. Ao mesmo tempo, as institui\u00e7\u00f5es &#8220;equalizam&#8221; suas taxas de juros e tarifas enxugando o cr\u00e9dito e abrindo espa\u00e7o para os grandes bancos privados.<\/p>\n<p>O resultado \u00e9 falta de recursos para financiar o consumo das fam\u00edlias e o setor produtivo. Sem outro planejamento que n\u00e3o o pr\u00f3prio desmonte dessas institui\u00e7\u00f5es, a economia nacional \u00e9 deixada ao sabor das crises e dos humores dos especuladores.<\/p>\n<p>Esses foram alguns dos apontamentos trazidos pelo debate <em>Di\u00e1logos Capitais: Bancos p\u00fablicos e o desenvolvimento econ\u00f4mico e social<\/em>, realizado nesta ter\u00e7a-feira (22) em S\u00e3o Paulo, iniciativa da <a class=\"external-link\" title=\"\" href=\"https:\/\/www.cartacapital.com.br\/\" target=\"_blank\" rel=\"noopener noreferrer\">revista <em>CartaCapital<\/em><\/a>, apoiada pela Federa\u00e7\u00e3o Nacional das Associa\u00e7\u00f5es do Pessoal da Caixa Econ\u00f4mica Federal (<a class=\"external-link\" title=\"\" href=\"http:\/\/www.fenae.org.br\/portal\/fenae-portal\/\" target=\"_blank\" rel=\"noopener noreferrer\">Fenae<\/a>).<\/p>\n<p>Na abertura,\u00a0o economista e professor da Universidade Estadual de Campinas (Unicamp) <a class=\"internal-link\" title=\"\" href=\"http:\/\/www.redebrasilatual.com.br\/economia\/2018\/05\/belluzzo-neoliberalismo-esta-moribundo-mas-nao-sabemos-para-onde-vamos\" target=\"_blank\" rel=\"noopener noreferrer\">Luiz Gonzaga Belluzzo<\/a> lembrou que tanto a nossa pr\u00f3pria hist\u00f3ria recente como a de pa\u00edses como Inglaterra, Estados Unidos e Alemanha, ou ainda a China dos tempos atuais, mostram que n\u00e3o h\u00e1 conflito irreconcili\u00e1vel entre a a\u00e7\u00e3o do Estado e do capital privado para a promo\u00e7\u00e3o do desenvolvimento nacional.\u00a0<\/p>\n<p>Segundo Belluzzo, \u00e9 papel do Estado \u2013 e dos bancos p\u00fablicos \u2013 &#8220;gastar na frente&#8221;, para assim criar o ambiente econ\u00f4mico prop\u00edcio ao investimento privado. Ele citou casos de empresas como a Eletrobras e a Telebras, que por meio de um plano de a\u00e7\u00e3o de longo prazo promoviam consider\u00e1vel crescimento dessas cadeias produtivas, contribuindo para o desenvolvimento de milhares de empresas.<\/p>\n<p>O professor afirmou que os bancos p\u00fablicos \u2013 e as empresas p\u00fablicas de maneira geral \u2013 t\u00eam papel fundamental porque podem agir com mais autonomia em rela\u00e7\u00e3o aos ciclos econ\u00f4micos. Em momentos de crise, enquanto o capital privado se retrai, estas institui\u00e7\u00f5es podem fazer a\u00e7\u00f5es que sirvam de &#8220;contraponto&#8221;, expandindo o cr\u00e9dito e dissipando incertezas, como ensinava o\u00a0economista brit\u00e2nico John Maynard\u00a0Keynes\u00a0(1883-1946). O que n\u00e3o vem sendo feito no Brasil hoje.<\/p>\n<h3>Desmonte<\/h3>\n<p>Representante dos empregados da Caixa no Conselho de Administra\u00e7\u00e3o da institui\u00e7\u00e3o, Rita Serrano disse que os bancos p\u00fablicos v\u00eam sendo fatiados pelo atual governo, com a venda de ativos para o capital privado. Enquanto o <a class=\"internal-link\" title=\"\" href=\"http:\/\/www.redebrasilatual.com.br\/blogs\/blog-na-rede\/2017\/08\/empresa-ligada-ao-itau-prepara-a-privatizacao-do-banco-do-brasil\" target=\"_blank\" rel=\"noopener noreferrer\">Banco do Brasil estuda vender<\/a> a sua participa\u00e7\u00e3o em opera\u00e7\u00f5es com cart\u00f5es de cr\u00e9dito e seguros, a CEF quer repassar suas loterias instant\u00e2neas.\u00a0<\/p>\n<p>Rita lembrou que a Caixa chegou a responder por at\u00e9 70% do cr\u00e9dito imobili\u00e1rio no pa\u00eds, contribuindo com a cria\u00e7\u00e3o de emprego e renda. O programa Minha Casa Minha Vida, que chegou a contar com or\u00e7amento de cerca de R$ 20 bilh\u00f5es em 2015, recuou para R$ 7,7 bi dois anos depois, e segue sendo &#8220;enxugado&#8221;.<\/p>\n<p>Para al\u00e9m da import\u00e2ncia nos investimentos diretos, Rita destacou o papel da Caixa no avan\u00e7o da &#8220;bancariza\u00e7\u00e3o&#8221; no pa\u00eds. Segundo ela, foram criadas, nos \u00faltimos anos, cerca de 12 milh\u00f5es de contas para quem n\u00e3o tinha acesso ao sistema banc\u00e1rio. Restam 30 milh\u00f5es de pessoas ainda exclu\u00eddas, que devem ter a sua situa\u00e7\u00e3o prejudicada a partir do atual processo de\u00a0&#8220;elitiza\u00e7\u00e3o&#8221; do sistema banc\u00e1rio, com o fechamento de ag\u00eancias da Caixa e do Banco do Brasil, e com a <a class=\"internal-link\" title=\"\" href=\"http:\/\/www.redebrasilatual.com.br\/economia\/2018\/03\/caixa-adota-modelo-de-bancos-privados-e-corta-programas-sociais\" target=\"_blank\" rel=\"noopener noreferrer\">equipara\u00e7\u00e3o das tarifas com os bancos privados<\/a>.<\/p>\n<h3>Seguir a lei<\/h3>\n<p>O professor da Faculdade de Direito da Universidade de S\u00e3o Paulo (USP) Gilberto Bercovici lembrou que os bancos p\u00fablicos e empresas estatais n\u00e3o existem com a finalidade exclusiva do lucro, &#8220;mas para cumprir a sua fun\u00e7\u00e3o&#8221;, definida por lei. &#8220;N\u00e3o fazer isso n\u00e3o \u00e9 s\u00f3 desmonte ou esvaziamento pol\u00edtico, \u00e9 descumprimento e viola\u00e7\u00e3o da legisla\u00e7\u00e3o vigente.&#8221;<\/p>\n<p>Bercovici critica a ideia liberal de que os bancos p\u00fablicos tomariam espa\u00e7o dos privados, causando danos \u00e0 concorr\u00eancia, e usou o mercado de capitais para ilustrar. Segundo ele, sem a participa\u00e7\u00e3o do BNDESPar (que atua como s\u00f3cio de empresas com capital aberto) e do Banco do Brasil, &#8220;n\u00e3o haveria mercado de capitais&#8221;.<\/p>\n<h3>O debate de sempre<\/h3>\n<p>Pedro Celestino,\u00a0integrante do Conselho Diretor do <a class=\"external-link\" title=\"\" href=\"http:\/\/www.portalclubedeengenharia.org.br\/\" target=\"_blank\" rel=\"noopener noreferrer\">Clube de Engenharia do Rio de Janeiro<\/a>, lembrou que foi o planejamento estatal levado a cabo por diferentes governos \u2013 desde Get\u00falio Vargas aos presidentes militares, passando por\u00a0Juscelino Kubitschek \u2013 que garantiu que o Brasil avan\u00e7asse de uma economia prim\u00e1ria exportadora para a industrializa\u00e7\u00e3o.\u00a0<\/p>\n<p>Ele afirmou que os atuais dilemas econ\u00f4micos do pa\u00eds remontam ao debate ocorrido na d\u00e9cada de 1940 entre o\u00a0l\u00edder industrial paulista Roberto Simonsen e o economista liberal carioca Eug\u00eanio Gudin. Para o primeiro, o Estado deveria intervir para criar as bases do desenvolvimento nacional, corrente vitoriosa nas d\u00e9cadas seguintes e que agora volta a perder espa\u00e7o para aqueles que defendem que a a\u00e7\u00e3o do Estado mais atrapalha, como defendia Gudin.<\/p>\n<p>Sobre Temer, Celestino afirmou que &#8220;nunca tivemos governo t\u00e3o descompromissado com o interesse nacional&#8221;, e defendeu a convoca\u00e7\u00e3o de <a class=\"internal-link\" title=\"\" href=\"http:\/\/www.redebrasilatual.com.br\/politica\/2017\/09\/revogacao-reformas-de-Temer-bandeira-com-potencial-de-unir-o-pais\" target=\"_blank\" rel=\"noopener noreferrer\">plebiscito revogat\u00f3rio<\/a>, pelo pr\u00f3ximo presidente eleito, de todos os atos &#8220;antinacionais&#8221; cometidos desde 2016. &#8220;S\u00f3 o povo poder\u00e1 garantir a recupera\u00e7\u00e3o do que \u00e9 nosso.&#8221;\u00a0<\/p>\n<p><strong>FONTE: Rede Brasil Atual<\/strong><\/p>\n","protected":false},"excerpt":{"rendered":"<p>O governo Temer, atendendo aos interesses do mercado financeiro, promove o desmonte dos bancos p\u00fablicos com a venda fatiada de ativos da Caixa Econ\u00f4mica e do Banco do Brasil, al\u00e9m de promover a descapitaliza\u00e7\u00e3o do BNDES. Ao mesmo tempo, as institui\u00e7\u00f5es &#8220;equalizam&#8221; suas taxas de juros e tarifas enxugando o cr\u00e9dito e abrindo espa\u00e7o para [&hellip;]<\/p>\n","protected":false},"author":2,"featured_media":4434,"comment_status":"","ping_status":"","sticky":false,"template":"","format":"standard","meta":{"footnotes":""},"categories":[3],"tags":[],"class_list":["post-4435","post","type-post","status-publish","format-standard","has-post-thumbnail","hentry","category-noticias"],"_links":{"self":[{"href":"https:\/\/hostnetart.com.br\/baixada\/wp-json\/wp\/v2\/posts\/4435","targetHints":{"allow":["GET"]}}],"collection":[{"href":"https:\/\/hostnetart.com.br\/baixada\/wp-json\/wp\/v2\/posts"}],"about":[{"href":"https:\/\/hostnetart.com.br\/baixada\/wp-json\/wp\/v2\/types\/post"}],"author":[{"embeddable":true,"href":"https:\/\/hostnetart.com.br\/baixada\/wp-json\/wp\/v2\/users\/2"}],"replies":[{"embeddable":true,"href":"https:\/\/hostnetart.com.br\/baixada\/wp-json\/wp\/v2\/comments?post=4435"}],"version-history":[{"count":0,"href":"https:\/\/hostnetart.com.br\/baixada\/wp-json\/wp\/v2\/posts\/4435\/revisions"}],"wp:featuredmedia":[{"embeddable":true,"href":"https:\/\/hostnetart.com.br\/baixada\/wp-json\/wp\/v2\/media\/4434"}],"wp:attachment":[{"href":"https:\/\/hostnetart.com.br\/baixada\/wp-json\/wp\/v2\/media?parent=4435"}],"wp:term":[{"taxonomy":"category","embeddable":true,"href":"https:\/\/hostnetart.com.br\/baixada\/wp-json\/wp\/v2\/categories?post=4435"},{"taxonomy":"post_tag","embeddable":true,"href":"https:\/\/hostnetart.com.br\/baixada\/wp-json\/wp\/v2\/tags?post=4435"}],"curies":[{"name":"wp","href":"https:\/\/api.w.org\/{rel}","templated":true}]}}