{"id":4425,"date":"2018-05-22T17:05:52","date_gmt":"2018-05-22T20:05:52","guid":{"rendered":"https:\/\/hostnetart.com.br\/baixada\/empresas-publicas-sao-pilares-no-desenvolvimento-de-paises\/"},"modified":"2018-05-22T17:05:52","modified_gmt":"2018-05-22T20:05:52","slug":"empresas-publicas-sao-pilares-no-desenvolvimento-de-paises","status":"publish","type":"post","link":"https:\/\/hostnetart.com.br\/baixada\/empresas-publicas-sao-pilares-no-desenvolvimento-de-paises\/","title":{"rendered":"Empresas p\u00fablicas s\u00e3o pilares no desenvolvimento de pa\u00edses"},"content":{"rendered":"<p>Os bancos p\u00fablicos e o desenvolvimento econ\u00f4mico e social foram o tema central do debate promovido na manh\u00e3 de ter\u00e7a-feira (22), em S\u00e3o Paulo, na s\u00e9rie Di\u00e1logos Capitais, realizada pela revista CartaCapital com o apoio da Federa\u00e7\u00e3o Nacional das Associa\u00e7\u00f5es de Pessoal da Caixa (Fenae). O evento foi aberto pelo professor e economista Luiz Gonzaga Belluzzo, com a palestra \u201cO papel do Estado no desenvolvimento brasileiro\u201d. Em seguida foram discutidos os t\u00f3picos desnacionaliza\u00e7\u00e3o, desindustrializa\u00e7\u00e3o, conte\u00fado nacional e bancos p\u00fablicos.<\/p>\n<p>Belluzzo foi enf\u00e1tico ao afirmar que as empresas p\u00fablicas s\u00e3o fundamentais na elabora\u00e7\u00e3o de projetos de desenvolvimento de um pa\u00eds e citou como exemplos experi\u00eancias nos Estados Unidos, China, Inglaterra e no Brasil, entre as d\u00e9cadas de 1930 e 1980. \u201cAs p\u00fablicas v\u00e3o na frente, criam um ambiente de investimento, e as privadas se preparam para produzir\u201d, explicou. Esse investimento a partir de crit\u00e9rios definidos d\u00e1 mais autonomia \u00e0s p\u00fablicas em rela\u00e7\u00e3o aos ciclos econ\u00f4micos, \u201cpara que (essas empresas) sejam utilizadas inclusive quando esses ciclos desfalecem\u201d, destacou.<\/p>\n<p>Rita Serrano, representante dos funcion\u00e1rios no Conselho de Administra\u00e7\u00e3o da Caixa Econ\u00f4mica Federal e coordenadora do Comit\u00ea Nacional em Defesa das Empresas P\u00fablicas, apresentou dados sobre a atua\u00e7\u00e3o da institui\u00e7\u00e3o e as investidas privatistas do atual governo. Rita citou os cortes em programas sociais como o Minha Casa, Minha Vida, a privatiza\u00e7\u00e3o de ativos, como no caso das loterias instant\u00e2neas; o baixo uso do estoque de cr\u00e9dito direcionado na atualidade e o desmonte que vem sendo promovido n\u00e3o s\u00f3 na Caixa, mas tamb\u00e9m no Banco do Brasil, Eletrobras, Petrobras, entre outras. Lembrou, ainda, o fechamento de centenas de ag\u00eancias banc\u00e1rias no BB e Caixa e os milhares de cortes de postos na categoria, liderados por estas institui\u00e7\u00f5es. \u201cN\u00e3o h\u00e1 como sair da crise sem os bancos p\u00fablicos\u201d, ressaltou.<\/p>\n<p>O professor titular da Faculdade de Direito da USP; Gilberto Bercovici, acrescentou que a quest\u00e3o n\u00e3o \u00e9 apenas pol\u00edtica, mas jur\u00eddica, j\u00e1 que as empresas p\u00fablicas t\u00eam um papel definido no Sistema Financeiro Nacional. \u201cH\u00e1 hoje um descumprimento e uma viola\u00e7\u00e3o dessa legisla\u00e7\u00e3o\u201d, afirmou, citando a lei 4595\/64.\u00a0 J\u00e1 Pedro Celestino, engenheiro e integrante do Conselho Diretor do Clube de Engenharia do RJ, resgatou parte do processo de industrializa\u00e7\u00e3o no Pa\u00eds iniciado nos anos Vargas, apontando os grandes investimentos que transcendem ciclos econ\u00f4micos e precisam de aportes para serem realizados. \u201cSem a cria\u00e7\u00e3o do BNDES n\u00e3o ter\u00edamos ind\u00fastria no Brasil\u201d, apontou, enfatizando que \u201cn\u00e3o haver\u00e1 paz social sem proposta de desenvolvimento\u201d.<\/p>\n<p>Ao final, as quest\u00f5es focaram tamb\u00e9m nas elei\u00e7\u00f5es de outubro, j\u00e1 que uma mudan\u00e7a no atual modelo privatista para valoriza\u00e7\u00e3o das empresas p\u00fablicas passa necessariamente pela elei\u00e7\u00e3o de um novo projeto de governo.<\/p>\n<article>\n<p id=\"page-author\"><strong>Fonte: Contraf-CUT<\/strong><\/p>\n<\/article>\n<div id=\"related-content\" class=\"normal\" data-tbl=\"news\" data-id=\"7b48e3df60d1de0e1ff6b0330b122374\">\u00a0<\/div>\n","protected":false},"excerpt":{"rendered":"<p>Os bancos p\u00fablicos e o desenvolvimento econ\u00f4mico e social foram o tema central do debate promovido na manh\u00e3 de ter\u00e7a-feira (22), em S\u00e3o Paulo, na s\u00e9rie Di\u00e1logos Capitais, realizada pela revista CartaCapital com o apoio da Federa\u00e7\u00e3o Nacional das Associa\u00e7\u00f5es de Pessoal da Caixa (Fenae). O evento foi aberto pelo professor e economista Luiz Gonzaga [&hellip;]<\/p>\n","protected":false},"author":2,"featured_media":4424,"comment_status":"","ping_status":"","sticky":false,"template":"","format":"standard","meta":{"footnotes":""},"categories":[3],"tags":[],"class_list":["post-4425","post","type-post","status-publish","format-standard","has-post-thumbnail","hentry","category-noticias"],"_links":{"self":[{"href":"https:\/\/hostnetart.com.br\/baixada\/wp-json\/wp\/v2\/posts\/4425","targetHints":{"allow":["GET"]}}],"collection":[{"href":"https:\/\/hostnetart.com.br\/baixada\/wp-json\/wp\/v2\/posts"}],"about":[{"href":"https:\/\/hostnetart.com.br\/baixada\/wp-json\/wp\/v2\/types\/post"}],"author":[{"embeddable":true,"href":"https:\/\/hostnetart.com.br\/baixada\/wp-json\/wp\/v2\/users\/2"}],"replies":[{"embeddable":true,"href":"https:\/\/hostnetart.com.br\/baixada\/wp-json\/wp\/v2\/comments?post=4425"}],"version-history":[{"count":0,"href":"https:\/\/hostnetart.com.br\/baixada\/wp-json\/wp\/v2\/posts\/4425\/revisions"}],"wp:featuredmedia":[{"embeddable":true,"href":"https:\/\/hostnetart.com.br\/baixada\/wp-json\/wp\/v2\/media\/4424"}],"wp:attachment":[{"href":"https:\/\/hostnetart.com.br\/baixada\/wp-json\/wp\/v2\/media?parent=4425"}],"wp:term":[{"taxonomy":"category","embeddable":true,"href":"https:\/\/hostnetart.com.br\/baixada\/wp-json\/wp\/v2\/categories?post=4425"},{"taxonomy":"post_tag","embeddable":true,"href":"https:\/\/hostnetart.com.br\/baixada\/wp-json\/wp\/v2\/tags?post=4425"}],"curies":[{"name":"wp","href":"https:\/\/api.w.org\/{rel}","templated":true}]}}