{"id":4421,"date":"2018-05-22T16:01:08","date_gmt":"2018-05-22T19:01:08","guid":{"rendered":"https:\/\/hostnetart.com.br\/baixada\/reforma-compromete-mercado-de-trabalho-e-a-propria-economia-diz-professor\/"},"modified":"2018-05-22T16:01:08","modified_gmt":"2018-05-22T19:01:08","slug":"reforma-compromete-mercado-de-trabalho-e-a-propria-economia-diz-professor","status":"publish","type":"post","link":"https:\/\/hostnetart.com.br\/baixada\/reforma-compromete-mercado-de-trabalho-e-a-propria-economia-diz-professor\/","title":{"rendered":"Reforma compromete mercado de trabalho e a pr\u00f3pria economia, diz professor"},"content":{"rendered":"<div class=\"\">\n<div id=\"content\">\n<div id=\"content-core\">\n<div>\n<p>Sem visualizar perspectiva de o mercado de trabalho apresentar melhora significativa no curto prazo, o professor Jos\u00e9 Dari Krein, do Centro de Estudos Sindicais e de Economia do Trabalho da Universidade Estadual de Campinas (Cesit-Unicamp), avalia que a recente &#8220;reforma&#8221; da legisla\u00e7\u00e3o compromete n\u00e3o s\u00f3 o pr\u00f3prio mercado como a economia brasileira. &#8220;Essa desestrutura\u00e7\u00e3o do mercado de trabalho est\u00e1 sendo uma explica\u00e7\u00e3o para o baixo desempenho recente da economia. A reforma n\u00e3o resolve os nossos problemas para pensar em um projeto de desenvolvimento para o nosso pa\u00eds&#8221;, afirmou o pesquisador, durante evento na manh\u00e3 desta ter\u00e7a-feira (22) na Faculdade de Sa\u00fade P\u00fablica da Universidade de S\u00e3o Paulo (USP).<\/p>\n<p>Segundo ele, a &#8220;reforma&#8221;,\u00a0<a class=\"internal-link\" title=\"\" href=\"http:\/\/www.redebrasilatual.com.br\/trabalho\/2017\/11\/reforma-trabalhista-vale-a-lei-ou-o-direito\" target=\"_blank\" rel=\"noopener noreferrer\">implementada h\u00e1 seis meses<\/a>, por meio da Lei 13.467, aumenta as chamadas formas prec\u00e1rias de contrata\u00e7\u00e3o, reduzindo o mercado formal e atingindo o cr\u00e9dito. &#8220;Uma economia capitalista depende do cr\u00e9dito. Isso afeta negativamente o n\u00edvel de compra&#8221;, observa.<\/p>\n<p>Dari acrescenta que a expans\u00e3o do n\u00edvel de emprego n\u00e3o depende, &#8220;em nenhuma medida&#8221;, das mudan\u00e7as efetivadas pela lei. &#8220;O que gera emprego \u00e9 a din\u00e2mica econ\u00f4mica ou as pol\u00edticas p\u00fablicas. O problema do emprego s\u00f3 se resolveu quando se aproveitou parte do ganho de produtividade para universalizar as pol\u00edticas sociais&#8221;, diz o professor. &#8220;N\u00e3o existe comprova\u00e7\u00e3o emp\u00edrica de que fazer uma reforma trabalhista crie emprego. A reforma, nos pa\u00edses centrais e aqui, vai provocando cada vez mais uma precariza\u00e7\u00e3o do trabalho&#8221;, acrescenta.<\/p>\n<p>Para ele, a reforma brasileira segue um movimento do capital internacional. Um movimento &#8220;destrutivo&#8221; e que n\u00e3o deixa nada no lugar. &#8220;Existe espa\u00e7o para pensar na inser\u00e7\u00e3o do pa\u00eds de uma forma diferente.&#8221;<\/p>\n<p>N\u00e3o chega a ser um fen\u00f4meno recente, lembra Dari. &#8220;A agenda da reforma trabalhista est\u00e1 colocada no contexto do debate internacional desde os anos 80. Tem diferentes ondas de reforma que foram implementadas nos pa\u00edses avan\u00e7ados&#8221;, afirma, apontando um &#8220;processo de internacionaliza\u00e7\u00e3o da produ\u00e7\u00e3o de bens, reposicionamento do papel do Estado&#8221;.\u00a0<\/p>\n<p>As recentes mudan\u00e7as procuraram, segundo ele, legalizar pr\u00e1ticas j\u00e1 existentes no mercado de trabalho, como a\u00a0<a class=\"internal-link\" title=\"\" href=\"http:\/\/www.redebrasilatual.com.br\/trabalho\/2013\/10\/pl-da-terceirizacao-esconde-reforma-trabalhista-e-sindical-1226.html\" target=\"_blank\" rel=\"noopener noreferrer\">terceiriza\u00e7\u00e3o<\/a>\u00a0(&#8220;todos os estudos acad\u00eamicos mostram precariza\u00e7\u00e3o&#8221;, oferecendo &#8220;card\u00e1pio amplo ao setor empresarial, para poder manejar o trabalho de acordo com suas necessidades&#8221;.<\/p>\n<p>A &#8220;reforma&#8221; amplia as possibilidades de contrata\u00e7\u00e3o flex\u00edvel, mexe na jornada e na remunera\u00e7\u00e3o. Dari lembra que, segundo estudos, aproximadamente 30% do ganho do trabalhador n\u00e3o \u00e9 mais sal\u00e1rio, mas benef\u00edcios e remunera\u00e7\u00e3o vari\u00e1vel. Ele avalia que as altera\u00e7\u00f5es &#8220;v\u00e3o afetar profundamente a fonte de financiamento da seguridade social&#8221; e, consequentemente, as pol\u00edticas p\u00fablicas. &#8220;N\u00e3o \u00e9 uma reforma que altera s\u00f3 a regula\u00e7\u00e3o do padr\u00e3o do trabalho, mas altera a nossa sociabilidade.&#8221; Al\u00e9m disso, aponta, &#8220;asfixia&#8221; financeiramente os sindicatos, que t\u00eam papel estrat\u00e9gico nesse debate.<\/p>\n<p>Promovido pela Faculdade de Medicina de Bauru, da Universidade Estadual Paulista (Unesp), pela Faculdade de Sa\u00fade P\u00fablica da USP, pelo Cesit-Unicamp e pela Secretaria estadual de Sa\u00fade, o evento vai at\u00e9 o final do dia. Antes de Dari, fez palestra o professor Homero Silva, da Faculdade de Direito da USP. Tamb\u00e9m se apresentam Jorge Pontes (Fundacentro), Ludmila Abilio (Cesit) e Cl\u00e1udia Moreno (Faculdade de Sa\u00fade P\u00fablica). O evento \u00e9 transmitido ao vivo pela IPTV-USP.<\/p>\n<\/div>\n<div class=\"newsview\">\u00a0<\/div>\n<\/div>\n<div id=\"viewlet-below-content-body\">\u00a0<\/div>\n<\/div>\n<\/div>\n<div id=\"viewlet-below-content\"><strong>FONTE: Rede Brasil Atual<\/strong><\/div>\n","protected":false},"excerpt":{"rendered":"<p>Sem visualizar perspectiva de o mercado de trabalho apresentar melhora significativa no curto prazo, o professor Jos\u00e9 Dari Krein, do Centro de Estudos Sindicais e de Economia do Trabalho da Universidade Estadual de Campinas (Cesit-Unicamp), avalia que a recente &#8220;reforma&#8221; da legisla\u00e7\u00e3o compromete n\u00e3o s\u00f3 o pr\u00f3prio mercado como a economia brasileira. &#8220;Essa desestrutura\u00e7\u00e3o do [&hellip;]<\/p>\n","protected":false},"author":2,"featured_media":4420,"comment_status":"","ping_status":"","sticky":false,"template":"","format":"standard","meta":{"footnotes":""},"categories":[3],"tags":[],"class_list":["post-4421","post","type-post","status-publish","format-standard","has-post-thumbnail","hentry","category-noticias"],"_links":{"self":[{"href":"https:\/\/hostnetart.com.br\/baixada\/wp-json\/wp\/v2\/posts\/4421","targetHints":{"allow":["GET"]}}],"collection":[{"href":"https:\/\/hostnetart.com.br\/baixada\/wp-json\/wp\/v2\/posts"}],"about":[{"href":"https:\/\/hostnetart.com.br\/baixada\/wp-json\/wp\/v2\/types\/post"}],"author":[{"embeddable":true,"href":"https:\/\/hostnetart.com.br\/baixada\/wp-json\/wp\/v2\/users\/2"}],"replies":[{"embeddable":true,"href":"https:\/\/hostnetart.com.br\/baixada\/wp-json\/wp\/v2\/comments?post=4421"}],"version-history":[{"count":0,"href":"https:\/\/hostnetart.com.br\/baixada\/wp-json\/wp\/v2\/posts\/4421\/revisions"}],"wp:featuredmedia":[{"embeddable":true,"href":"https:\/\/hostnetart.com.br\/baixada\/wp-json\/wp\/v2\/media\/4420"}],"wp:attachment":[{"href":"https:\/\/hostnetart.com.br\/baixada\/wp-json\/wp\/v2\/media?parent=4421"}],"wp:term":[{"taxonomy":"category","embeddable":true,"href":"https:\/\/hostnetart.com.br\/baixada\/wp-json\/wp\/v2\/categories?post=4421"},{"taxonomy":"post_tag","embeddable":true,"href":"https:\/\/hostnetart.com.br\/baixada\/wp-json\/wp\/v2\/tags?post=4421"}],"curies":[{"name":"wp","href":"https:\/\/api.w.org\/{rel}","templated":true}]}}