{"id":4419,"date":"2018-05-22T15:50:58","date_gmt":"2018-05-22T18:50:58","guid":{"rendered":"https:\/\/hostnetart.com.br\/baixada\/vii-oficina-rede-de-mulheres-uni-america-discute-atual-conjuntura-politica-nacional\/"},"modified":"2018-05-22T15:50:58","modified_gmt":"2018-05-22T18:50:58","slug":"vii-oficina-rede-de-mulheres-uni-america-discute-atual-conjuntura-politica-nacional","status":"publish","type":"post","link":"https:\/\/hostnetart.com.br\/baixada\/vii-oficina-rede-de-mulheres-uni-america-discute-atual-conjuntura-politica-nacional\/","title":{"rendered":"VII Oficina \u2013 rede de Mulheres Uni Am\u00e9rica discute atual conjuntura pol\u00edtica nacional"},"content":{"rendered":"<div class=\"content\">\n<p>Representantes de diversas entidades sindicais se reuniram, de 14 a 16 de maio, na VII Oficina \u2013 rede de Mulheres UNI Am\u00e9ricas, para discutir sobre a conjuntura pol\u00edtica nacional. O evento, que aconteceu na Col\u00f4nia de F\u00e9rias do Sindicato dos Comerci\u00e1rios de S\u00e3o Paulo, destacou a import\u00e2ncia da uni\u00e3o da esquerda na luta contra o retrocesso.<\/p>\n<p>Na abertura, al\u00e9m de representantes das Entidades sindicais, o evento contou com a presen\u00e7a da companheira Briceida Gonzalez, diretora regional da UNI AMERICAS.<\/p>\n<p>Segundo Briceida, este \u00e9 um momento de solidariedade. \u201cO Brasil vive um momento muito grave, em rela\u00e7\u00e3o a direitos sociais e direito das mulheres\u201d, disse.<\/p>\n<p>A companheira Karen de Souza, diretora do Sindicato dos Banc\u00e1rios de S\u00e3o Paulo, Osasco e regi\u00e3o (SEEB\/SP), saudou os presentes em nome da Contraf-CUT e destacou a import\u00e2ncia dos temas tratados na Oficina e a import\u00e2ncia da organiza\u00e7\u00e3o da juventude no momento atual do pa\u00eds.<\/p>\n<p>Na ter\u00e7a-feira (15), o jornalista e ex-ministro Paulo Vannuchi e a pesquisadora da Universidade Federal de Campinas (UNICAMP), Marilene Teixeira, fizeram uma an\u00e1lise da atual conjuntura pol\u00edtica nacional.<\/p>\n<p>Em sua explana\u00e7\u00e3o, Vannuchi fez um resgate na hist\u00f3ria para mostrar que a democracia \u00e9 uma constru\u00e7\u00e3o hist\u00f3rica. \u201cA hist\u00f3ria \u00e9 uma sequ\u00eancia de ciclos e n\u00e3o \u00e9 a primeira vez que est\u00e1 acontecendo retrocessos no Brasil. O que est\u00e1 acontecendo no Brasil \u00e9 a desconstru\u00e7\u00e3o da democracia, dos direitos humanos\u201d, afirmou.<\/p>\n<p>Vannuchi tamb\u00e9m destacou os importantes avan\u00e7os nos governos Lula e Dilma. \u201cPodemos afirmar que, enquanto esteve no poder, a esquerda promoveu grandes mudan\u00e7as sem ser necess\u00e1rio o derramamento de sangue. Tivemos muitos acertos neste per\u00edodo mas erros tamb\u00e9m como, por exemplo, na comunica\u00e7\u00e3o\u201d, disse.<\/p>\n<p>Ele tamb\u00e9m enfatizou que em dois anos de governo Temer, a viol\u00eancia voltou a crescer no Pa\u00eds. \u201cOs impactos na vida da mulher foram danosos e tamb\u00e9m houve aumento da mortalidade infantil\u201d, explicou.<\/p>\n<p>O ex-ministro destacou ainda que \u00e9 essencial enfrentar a quest\u00e3o das mulheres, dos negros e da juventude. \u201cPodemos acrescentar tamb\u00e9m a cultura, que \u00e9 uma esfinge que temos que decifrar. Se a luta sindical n\u00e3o tiver vencido estes temas, teremos menos \u00eaxito de vit\u00f3ria. \u201d<\/p>\n<p><a class=\"has-subtitle img\" title=\"\" href=\"http:\/\/admin.contrafcut.com.br\/system\/uploads\/ck\/images\/mulheres-debatem-estrategias-contra-a-retirada-de-direitos.jpg\" data-lightbox=\"lightbox\" data-title=\"\"><img decoding=\"async\" src=\"http:\/\/contrafcut.org.br\/images\/_35f901591daabca897123b911b1a1c7b.jpg\" alt=\"\" \/><\/a>De acordo com Vannuchi, para enfrentar o retrocesso, \u00e9 preciso que a esquerda se uma em prol do combate a essa viol\u00eancia e da retirada dos direitos dos trabalhadores. \u201cDevemos nos desapegar do saudosismo, criar a unidade mesmo nas diverg\u00eancias e entender que os momentos mais importantes s\u00e3o aqueles que ainda est\u00e3o por vir. A revolu\u00e7\u00e3o \u00e9 a busca de um tempo que est\u00e1 sempre a nossa frente, explicou o ex-ministro.\u201d<\/p>\n<p>Marilane afirmou ser otimista em rela\u00e7\u00e3o ao futuro do Brasil, mas lembrou que vivemos num pa\u00eds comandado pelas grandes corpora\u00e7\u00f5es, principalmente o capital especulativo, que ganhou e at\u00e9 hoje ganha muito dinheiro.<\/p>\n<p>Com foco central no emprego, sua palestra prop\u00f4s repensar a sociedade atual e a produ\u00e7\u00e3o de bens, ressaltando que a robotiza\u00e7\u00e3o e a tecnologia est\u00e3o mudando significativamente a sociedade e nesse cen\u00e1rio, as principais v\u00edtimas s\u00e3o as mulheres. \u201cN\u00f3s temos um trabalho muito \u00e1rduo como mulheres\u201d, disse a pesquisadora.<\/p>\n<p>A economista do Dieese, B\u00e1rbara Vallejos, explicou que a desigualdade no Brasil ainda existe e \u00e9 preocupante. \u201cEstamos vivendo a pior crise de todas. A incid\u00eancia de contrato intermitente e trabalho em casa \u00e9 muito maior com as mulheres. S\u00e3o 12% das mulheres que trabalham atualmente s\u00e3o do emprego dom\u00e9stico. H\u00e1 uma aus\u00eancia de alternativas nos demais mercados de trabalho\u201d, disse.<\/p>\n<p>A economista afirmou que a expectativa do pa\u00eds se recuperar do golpe \u00e9 a partir de 2022. \u201cSe n\u00e3o intervirmos seremos jogadas aos piores locais de trabalho ou tiradas do mercado de trabalho novamente. O governo diz que o mercado est\u00e1 se aquecendo, mas o que eu acredito \u00e9 que as pessoas est\u00e3o dando um jeito de sobreviver. \u201d<\/p>\n<p><strong>Impactos da Comunica\u00e7\u00e3o<\/strong><\/p>\n<p>Durante a tarde, os participantes abordaram o tema comunica\u00e7\u00e3o. Paulo Salvador, da Rede Brasil Atual, falou sobre o papel da comunica\u00e7\u00e3o em todo o contexto do golpe e destacou a import\u00e2ncia em produzir e difundir comunica\u00e7\u00e3o e cultura diferenciada daquela vista na imprensa tradicional e comercial.<\/p>\n<p>Neste sentido, destacou a Rede Brasil Atual, que foi criada em 2009, fruto de parceria entre alguns sindicatos de trabalhadores. A editora \u00e9 respons\u00e1vel pela produ\u00e7\u00e3o da Revista do Brasil, criada em 2006, e pelo portal RBA. A funda\u00e7\u00e3o det\u00e9m a outorga das concess\u00f5es da TVT, em 2010, primeiro canal aberto conduzido por entidades de trabalhadores, e da R\u00e1dio Brasil Atual, em 2012, (FM 98,9 na Grande S\u00e3o Paulo, FM 93,3 no litoral paulista e FM 102,7 no noroeste do estado).<\/p>\n<p>De acordo com ele, 35% dos brasileiros n\u00e3o possuem uma m\u00eddia local. \u201c\u00c9 essencial que os sindicatos participem efetivamente deste projeto, seja por WhatsApp, pela tv ou pela r\u00e1dio. \u2019\u201d<\/p>\n<p>Raquel Moreno, psic\u00f3loga e pesquisadora, falou sobre a imagem da mulher na m\u00eddia e sua influ\u00eancia sobre o imagin\u00e1rio, a naturaliza\u00e7\u00e3o da viol\u00eancia, a imposi\u00e7\u00e3o de modelos e valores.<\/p>\n<p><strong>Cria\u00e7\u00e3o inferiorizada e viol\u00eancia contra a mulher<\/strong><\/p>\n<p>No dia 16, a advogada, doutoranda e mestra em Sociologia Jur\u00eddica pela Faculdade de Direito do Largo S\u00e3o Francisco \u2013 USP (FDUSP), Marina Ganzarolli, fez uma reconstru\u00e7\u00e3o da cria\u00e7\u00e3o inferiorizada das mulheres desde a inf\u00e2ncia e apresentou dados alarmantes da viol\u00eancia contra a mulher.<\/p>\n<p>Ela destacou que o Brasil \u00e9 um dos pa\u00edses que mais mata mulheres, principalmente, as mulheres negras, nas quais se obt\u00e9m os maiores \u00edndices de feminicidio.<\/p>\n<p>Marina demonstrou ainda que as agress\u00f5es come\u00e7am de forma sutil. \u201cCi\u00fames, possessividade e tentar controlar a pessoa ( pedindo que mande a sua localiza\u00e7\u00e3o, proibindo uso de roupas)\u00a0 s\u00e3o comportamentos cl\u00e1ssicos do companheiro que podem levar uma mulher para uma rela\u00e7\u00e3o de viol\u00eancia\u201d, explicou.<\/p>\n<p>De acordo com Marina, o Brasil \u00e9 um dos l\u00edderes no n\u00famero de casamentos infantis (4\u00aa lugar), \u201cElas casam porque engravidam ou engravidam porque casam, normalmente s\u00e3o parceiros bem mais jovens que elas. Costumam viver uma rela\u00e7\u00e3o de depend\u00eancia financeira e submiss\u00e3o emocional.\u00a0 Este tipo de pr\u00e1tica que deixa as meninas ainda mais vulner\u00e1veis e aumenta a desigualdade de g\u00eanero. \u201d<\/p>\n<p>A pesquisadora lembrou ainda que 5,5 milh\u00f5es de crian\u00e7as s\u00e3o registradas apenas pelas m\u00e3es.<\/p>\n<p>Para Elaine Cutis, secret\u00e1ria da Mulher, o evento foi enriquecedor. \u201cSa\u00edmos dessa oficina com a certeza de que todas (os) tiveram um bom aproveitamento e, a partir da nossa reflex\u00e3o, estamos mais fortes para enfrentar o pr\u00f3ximo per\u00edodo de luta. Principalmente n\u00f3s, as mulheres, que teremos os maiores impactos de todo este retrocesso\u201d<\/p>\n<\/div>\n<p id=\"page-author\"><span style=\"text-decoration: underline;\"><em><strong>Fonte: Contraf-CUT<\/strong><\/em><\/span><\/p>\n","protected":false},"excerpt":{"rendered":"<p>Representantes de diversas entidades sindicais se reuniram, de 14 a 16 de maio, na VII Oficina \u2013 rede de Mulheres UNI Am\u00e9ricas, para discutir sobre a conjuntura pol\u00edtica nacional. O evento, que aconteceu na Col\u00f4nia de F\u00e9rias do Sindicato dos Comerci\u00e1rios de S\u00e3o Paulo, destacou a import\u00e2ncia da uni\u00e3o da esquerda na luta contra o [&hellip;]<\/p>\n","protected":false},"author":2,"featured_media":4418,"comment_status":"","ping_status":"","sticky":false,"template":"","format":"standard","meta":{"footnotes":""},"categories":[3],"tags":[],"class_list":["post-4419","post","type-post","status-publish","format-standard","has-post-thumbnail","hentry","category-noticias"],"_links":{"self":[{"href":"https:\/\/hostnetart.com.br\/baixada\/wp-json\/wp\/v2\/posts\/4419","targetHints":{"allow":["GET"]}}],"collection":[{"href":"https:\/\/hostnetart.com.br\/baixada\/wp-json\/wp\/v2\/posts"}],"about":[{"href":"https:\/\/hostnetart.com.br\/baixada\/wp-json\/wp\/v2\/types\/post"}],"author":[{"embeddable":true,"href":"https:\/\/hostnetart.com.br\/baixada\/wp-json\/wp\/v2\/users\/2"}],"replies":[{"embeddable":true,"href":"https:\/\/hostnetart.com.br\/baixada\/wp-json\/wp\/v2\/comments?post=4419"}],"version-history":[{"count":0,"href":"https:\/\/hostnetart.com.br\/baixada\/wp-json\/wp\/v2\/posts\/4419\/revisions"}],"wp:featuredmedia":[{"embeddable":true,"href":"https:\/\/hostnetart.com.br\/baixada\/wp-json\/wp\/v2\/media\/4418"}],"wp:attachment":[{"href":"https:\/\/hostnetart.com.br\/baixada\/wp-json\/wp\/v2\/media?parent=4419"}],"wp:term":[{"taxonomy":"category","embeddable":true,"href":"https:\/\/hostnetart.com.br\/baixada\/wp-json\/wp\/v2\/categories?post=4419"},{"taxonomy":"post_tag","embeddable":true,"href":"https:\/\/hostnetart.com.br\/baixada\/wp-json\/wp\/v2\/tags?post=4419"}],"curies":[{"name":"wp","href":"https:\/\/api.w.org\/{rel}","templated":true}]}}