{"id":4417,"date":"2018-05-21T19:20:43","date_gmt":"2018-05-21T22:20:43","guid":{"rendered":"https:\/\/hostnetart.com.br\/baixada\/interferencias-externas-voltam-a-ameacar-a-caixa\/"},"modified":"2018-05-21T19:20:43","modified_gmt":"2018-05-21T22:20:43","slug":"interferencias-externas-voltam-a-ameacar-a-caixa","status":"publish","type":"post","link":"https:\/\/hostnetart.com.br\/baixada\/interferencias-externas-voltam-a-ameacar-a-caixa\/","title":{"rendered":"Interfer\u00eancias externas voltam a amea\u00e7ar a Caixa"},"content":{"rendered":"<div class=\"content\">\n<p>O Conselho de Administra\u00e7\u00e3o da Caixa Econ\u00f4mica Federal, comandado pela secret\u00e1ria executiva do Minist\u00e9rio da Fazenda, Ana Paula Vescovi, prepara nova mudan\u00e7a no estatuto do banco que, se aprovada, atingir\u00e1 diretamente as carreiras dos empregados e amea\u00e7ar\u00e1 a fun\u00e7\u00e3o p\u00fablica e social da institui\u00e7\u00e3o.<\/p>\n<p>O colegiado quer acabar com a prerrogativa dos empregados concursados do banco p\u00fablico ocuparem Diretorias-Executivas, a Diretoria Jur\u00eddica e o posto de Auditor-Chefe.<\/p>\n<p>A proposta foi divulgada pelo jornal <em>Correio Braziliense<\/em> e, segundo o ve\u00edculo, confirmada por tr\u00eas pessoas que acompanham o tema. Mas a data da pr\u00f3xima reuni\u00e3o do colegiado ainda n\u00e3o foi marcada.<\/p>\n<p>A proposta surge pouco mais de seis meses depois de o movimento dos trabalhadores conseguir barrar a tentativa de mudan\u00e7a no estatuto que <strong><ins><a href=\"http:\/\/spbancarios.com.br\/10\/2017\/conselho-de-administracao-da-caixa-pode-transformar-banco-em-sa\" target=\"_blank\" rel=\"noopener noreferrer\">pretendia transformar a Caixa em sociedade an\u00f4nima<\/a><\/ins><\/strong>, consequentemente abrindo caminho para interfer\u00eancia do sistema financeiro no banco, amea\u00e7ando sua fun\u00e7\u00e3o p\u00fablica e social.<\/p>\n<p>\u201cEssa proposta nasceu de uma pessoa ligada ao Minist\u00e9rio da Fazenda, um \u00f3rg\u00e3o capturado pelo sistema financeiro. Ou seja, \u00e9 uma interfer\u00eancia pol\u00edtica do sistema financeiro no maior banco 100% p\u00fablico com atua\u00e7\u00e3o nacional do pa\u00eds\u201d, afirma Dion\u00edsio Reis, coordenador da Comiss\u00e3o Executiva dos Empregados da Caixa (CEE\/Caixa) e diretor do Sindicato dos Banc\u00e1rios de S\u00e3o Paulo, Osasco e Regi\u00e3o.<\/p>\n<p>\u201cQuerem colocar gente no comando da Caixa que n\u00e3o \u00e9 empregado de carreira, e por isso n\u00e3o tem liga\u00e7\u00e3o com o banco. \u00c9 uma medida que atinge a todos os banc\u00e1rios\u201d, alerta Dion\u00edsio.\u00a0<\/p>\n<p>Dion\u00edsio lembra o grande movimento de resist\u00eancia contra a interfer\u00eancia do sistema financeiro da Caixa no ano passado. \u201cPor isso cabem algumas perguntas: por que essa tentativa volta para a pauta apenas alguns meses depois? Quem ganha com a interven\u00e7\u00e3o do sistema financeiro na Caixa? E como o rec\u00e9m empossado presidente da Caixa, Nelson Antonio de Souza, ir\u00e1 se posicionar quanto a essa proposta?\u201d, questiona o dirigente. \u00a0<\/p>\n<p>A representante eleita dos empregados no Conselho de Administra\u00e7\u00e3o da Caixa, Maria Rita Serrano, denuncia que foi exclu\u00edda do debate, j\u00e1 que at\u00e9, o momento, o assunto em pauta n\u00e3o foi levado ao seu conhecimento.<\/p>\n<p>\u201cA proposta de que os diretores fossem do tal \u2018mercado\u2019 foi vencida no debate em dezembro, quando foi aprovado o novo estatuto, e agora retorna. \u00c9 uma tentativa evidente para privatizar a gest\u00e3o e tornar a Caixa um \u2018cabid\u00e3o\u2019 para os aliados da Fazenda. N\u00e3o vamos permitir que isso aconte\u00e7a. Vamos lutar\u201d, afirma Maria Rita.<\/p>\n<p>Para saber mais sobre a import\u00e2ncia dos bancos p\u00fablicos, acesse a <ins><strong><a href=\"http:\/\/spbancarios.com.br\/sites\/default\/files\/anexos\/cartilha_bancos_publicos.pdf\" target=\"_blank\" rel=\"noopener noreferrer\">cartilha<\/a><\/strong><\/ins> produzida pelo Sindicato dos Banc\u00e1rios de S\u00e3o Paulo ou o <strong><a href=\"http:\/\/www.comiteempresaspublicas.com.br\/\" target=\"_blank\" rel=\"noopener noreferrer\"><ins>site<\/ins> <\/a><\/strong>do Comit\u00ea em Defesa das Empresas P\u00fablicas.<\/p>\n<\/div>\n<p id=\"page-author\"><strong>Fonte: SPBanc\u00e1rios<\/strong><\/p>\n","protected":false},"excerpt":{"rendered":"<p>O Conselho de Administra\u00e7\u00e3o da Caixa Econ\u00f4mica Federal, comandado pela secret\u00e1ria executiva do Minist\u00e9rio da Fazenda, Ana Paula Vescovi, prepara nova mudan\u00e7a no estatuto do banco que, se aprovada, atingir\u00e1 diretamente as carreiras dos empregados e amea\u00e7ar\u00e1 a fun\u00e7\u00e3o p\u00fablica e social da institui\u00e7\u00e3o. O colegiado quer acabar com a prerrogativa dos empregados concursados do [&hellip;]<\/p>\n","protected":false},"author":2,"featured_media":4416,"comment_status":"","ping_status":"","sticky":false,"template":"","format":"standard","meta":{"footnotes":""},"categories":[3],"tags":[],"class_list":["post-4417","post","type-post","status-publish","format-standard","has-post-thumbnail","hentry","category-noticias"],"_links":{"self":[{"href":"https:\/\/hostnetart.com.br\/baixada\/wp-json\/wp\/v2\/posts\/4417","targetHints":{"allow":["GET"]}}],"collection":[{"href":"https:\/\/hostnetart.com.br\/baixada\/wp-json\/wp\/v2\/posts"}],"about":[{"href":"https:\/\/hostnetart.com.br\/baixada\/wp-json\/wp\/v2\/types\/post"}],"author":[{"embeddable":true,"href":"https:\/\/hostnetart.com.br\/baixada\/wp-json\/wp\/v2\/users\/2"}],"replies":[{"embeddable":true,"href":"https:\/\/hostnetart.com.br\/baixada\/wp-json\/wp\/v2\/comments?post=4417"}],"version-history":[{"count":0,"href":"https:\/\/hostnetart.com.br\/baixada\/wp-json\/wp\/v2\/posts\/4417\/revisions"}],"wp:featuredmedia":[{"embeddable":true,"href":"https:\/\/hostnetart.com.br\/baixada\/wp-json\/wp\/v2\/media\/4416"}],"wp:attachment":[{"href":"https:\/\/hostnetart.com.br\/baixada\/wp-json\/wp\/v2\/media?parent=4417"}],"wp:term":[{"taxonomy":"category","embeddable":true,"href":"https:\/\/hostnetart.com.br\/baixada\/wp-json\/wp\/v2\/categories?post=4417"},{"taxonomy":"post_tag","embeddable":true,"href":"https:\/\/hostnetart.com.br\/baixada\/wp-json\/wp\/v2\/tags?post=4417"}],"curies":[{"name":"wp","href":"https:\/\/api.w.org\/{rel}","templated":true}]}}