{"id":4413,"date":"2018-05-21T19:17:05","date_gmt":"2018-05-21T22:17:05","guid":{"rendered":"https:\/\/hostnetart.com.br\/baixada\/bancarios-do-rj-e-es-querem-em-defesa-da-democracia-e-dos-direitos\/"},"modified":"2018-05-21T19:17:05","modified_gmt":"2018-05-21T22:17:05","slug":"bancarios-do-rj-e-es-querem-em-defesa-da-democracia-e-dos-direitos","status":"publish","type":"post","link":"https:\/\/hostnetart.com.br\/baixada\/bancarios-do-rj-e-es-querem-em-defesa-da-democracia-e-dos-direitos\/","title":{"rendered":"Banc\u00e1rios do RJ e ES querem em defesa da democracia e dos direitos"},"content":{"rendered":"<div class=\"content\">\n<p>Os banc\u00e1rios e banc\u00e1rias da base do Rio de Janeiro e Esp\u00edrito Santo realizaram no s\u00e1bado (19), em Tr\u00eas Rios, os debates e estrat\u00e9gias de organiza\u00e7\u00e3o de luta para a campanha nacional da categoria. A unidade da categoria e a mesa \u00fanica de negocia\u00e7\u00e3o continuam sendo estrat\u00e9gias de luta fundamentais para os banc\u00e1rios. Entretanto, diante da conjuntura mais adversa para os trabalhadores nas \u00faltimas d\u00e9cadas, a busca por garantia do emprego e melhores condi\u00e7\u00f5es de vida e de trabalho com aumento real de sal\u00e1rios, na avalia\u00e7\u00e3o dos sindicalistas, n\u00e3o poder\u00e1 se restringir \u00e0 mesa de negocia\u00e7\u00e3o.<\/p>\n<p>\u201cN\u00e3o est\u00e3o em risco apenas nossos direitos da CLT e da Conven\u00e7\u00e3o Coletiva de Trabalho, mas tamb\u00e9m a estrutura de organiza\u00e7\u00e3o de luta dos trabalhadores, retirando recursos para a sobreviv\u00eancia das entidades sindicais\u201d, disse o vice-presidente da Confedera\u00e7\u00e3o Nacional dos Trabalhadores do Ramo Financeiro (Contraf-CUT), Vin\u00edcius Assump\u00e7\u00e3o. Na avalia\u00e7\u00e3o do sindicalista, o pa\u00eds sofreu em dois anos do golpe que levou Temer \u00e0 presid\u00eancia da Rep\u00fablica, um retrocesso de 20 anos, disse parodiando o slogan publicit\u00e1rio do atual governo, que foi suspenso devido \u00e0s cr\u00edticas e deboches que tomaram as redes sociais.<\/p>\n<p>\u201cO Brasil, que se tornou refer\u00eancia no combate \u00e0 mis\u00e9ria com Lula e Dilma retornou ao Mapa da Fome com Temer\u201d, acrescentou. Para Vin\u00edcius, o movimento sindical precisa repensar as estrat\u00e9gias de organiza\u00e7\u00e3o de luta.<\/p>\n<p>\u201cTemos que fortalecer a mobiliza\u00e7\u00e3o criando a unidade dos trabalhadores do macro setor de servi\u00e7os, unificando datas-bases e as categorias, como banc\u00e1rios, trabalhadores dos transportes e comerci\u00e1rios\u201d, concluiu.<\/p>\n<p><strong>Al\u00e9m da negocia\u00e7\u00e3o<\/strong><br \/> O diretor do Sindicato dos Banc\u00e1rios do Rio, Ronald Carvalhosa, compartilha da ideia.<\/p>\n<p>\u201cSe limitarmos nossa campanha nacional \u00e0s mesas de negocia\u00e7\u00f5es seremos derrotados porque com a reforma trabalhista os banqueiros podem tudo\u201d, disse.<\/p>\n<p>Para Carvalhosa, a inseguran\u00e7a jur\u00eddica e pol\u00edtica criada pelas novas regras trabalhistas n\u00e3o atinge apenas os trabalhadores, mas tamb\u00e9m os patr\u00f5es.<\/p>\n<p>\u201cPrecisamos refletir sobre a causa de a reforma trabalhista ainda n\u00e3o ter sido implementada de uma forma mais pesada nos bancos. Certamente n\u00e3o \u00e9 porque os banqueiros s\u00e3o bonzinhos. H\u00e1 inseguran\u00e7a jur\u00eddica em rela\u00e7\u00e3o as reformas e tamb\u00e9m pol\u00edtica. Os patr\u00f5es n\u00e3o sabem no que vai dar esta elei\u00e7\u00e3o de 2018 por isso temos de fazer o debate pol\u00edtico\u201d, destacou.<\/p>\n<p><strong>Di\u00e1logo com a categoria<\/strong><br \/> A presidenta reeleita do Sindicato do Rio, Adriana Nalesso, defendeu a amplia\u00e7\u00e3o do di\u00e1logo com a categoria.<\/p>\n<p>\u201c\u00c9 fundamental nesta conjuntura ampliar o di\u00e1logo com a categoria para fazer o debate do processo pol\u00edtico e desta conjuntura t\u00e3o adversa. Muitos banc\u00e1rios ainda n\u00e3o tomaram conhecimento de que poderemos perder mais de 40% dos direitos e conquistas de nossa conven\u00e7\u00e3o coletiva, a partir do dia 31 de agosto, quando acaba o acordo de dois anos,\u201d, ressaltou.<\/p>\n<p><strong>As mentiras da reforma<\/strong><br \/> Para o presidente da Federa\u00e7\u00e3o dos Trabalhadores do Ramo Financeiro do Rio de Janeiro e Esp\u00edrito Santo (Fetraf-RJ\/ES), Nilton Dami\u00e3o, o Niltinho, o povo j\u00e1 percebeu que a reforma trabalhista \u00e9 uma furada para os trabalhadores.<\/p>\n<p>\u201cTodos estamos vendo que caiu por terra as mentiras deste governo de que a reforma trabalhista iria gerar mais empregos\u201d, disse. Dados divulgados pelo IBGE nesta semana revelam que4,6 milh\u00f5es de brasileiros desistiram de procurar trabalho e 3 milh\u00f5es est\u00e3o sem emprego h\u00e1 mais de dois anos.<\/p>\n<p>A Confer\u00eancia Interestadual, que contou com a presen\u00e7a de 448 delegados e parlamentares, entre eles o deputado estadual do Rio de Janeiro, Gilberto Palmares (PT) e o vereador petista Reimont Luiz, elegeu chapa \u00fanica com os delegados que v\u00e3o para a 20\u00aa Confer\u00eancia Nacional dos Banc\u00e1rios, dias 9 e 10 de junho, em S\u00e3o Paulo.<\/p>\n<p>Um consenso no encontro foi a defesa da restaura\u00e7\u00e3o da democracia, com a liberdade e o direito do ex-presidente Lula ser candidato \u00e0 presid\u00eancia da Rep\u00fablica. A todo momento os participantes entoavam o lema \u201cLula livre! Fora Temer!\u201d<\/p>\n<\/div>\n<p id=\"page-author\"><span style=\"text-decoration: underline;\"><em><strong>Fonte: Seeb\/Rio de Janeiro<\/strong><\/em><\/span><\/p>\n","protected":false},"excerpt":{"rendered":"<p>Os banc\u00e1rios e banc\u00e1rias da base do Rio de Janeiro e Esp\u00edrito Santo realizaram no s\u00e1bado (19), em Tr\u00eas Rios, os debates e estrat\u00e9gias de organiza\u00e7\u00e3o de luta para a campanha nacional da categoria. A unidade da categoria e a mesa \u00fanica de negocia\u00e7\u00e3o continuam sendo estrat\u00e9gias de luta fundamentais para os banc\u00e1rios. Entretanto, diante [&hellip;]<\/p>\n","protected":false},"author":2,"featured_media":4412,"comment_status":"","ping_status":"","sticky":false,"template":"","format":"standard","meta":{"footnotes":""},"categories":[3],"tags":[],"class_list":["post-4413","post","type-post","status-publish","format-standard","has-post-thumbnail","hentry","category-noticias"],"_links":{"self":[{"href":"https:\/\/hostnetart.com.br\/baixada\/wp-json\/wp\/v2\/posts\/4413","targetHints":{"allow":["GET"]}}],"collection":[{"href":"https:\/\/hostnetart.com.br\/baixada\/wp-json\/wp\/v2\/posts"}],"about":[{"href":"https:\/\/hostnetart.com.br\/baixada\/wp-json\/wp\/v2\/types\/post"}],"author":[{"embeddable":true,"href":"https:\/\/hostnetart.com.br\/baixada\/wp-json\/wp\/v2\/users\/2"}],"replies":[{"embeddable":true,"href":"https:\/\/hostnetart.com.br\/baixada\/wp-json\/wp\/v2\/comments?post=4413"}],"version-history":[{"count":0,"href":"https:\/\/hostnetart.com.br\/baixada\/wp-json\/wp\/v2\/posts\/4413\/revisions"}],"wp:featuredmedia":[{"embeddable":true,"href":"https:\/\/hostnetart.com.br\/baixada\/wp-json\/wp\/v2\/media\/4412"}],"wp:attachment":[{"href":"https:\/\/hostnetart.com.br\/baixada\/wp-json\/wp\/v2\/media?parent=4413"}],"wp:term":[{"taxonomy":"category","embeddable":true,"href":"https:\/\/hostnetart.com.br\/baixada\/wp-json\/wp\/v2\/categories?post=4413"},{"taxonomy":"post_tag","embeddable":true,"href":"https:\/\/hostnetart.com.br\/baixada\/wp-json\/wp\/v2\/tags?post=4413"}],"curies":[{"name":"wp","href":"https:\/\/api.w.org\/{rel}","templated":true}]}}