{"id":4409,"date":"2018-05-18T13:39:47","date_gmt":"2018-05-18T16:39:47","guid":{"rendered":"https:\/\/hostnetart.com.br\/baixada\/papa-critica-intrigas-da-midia-e-acoes-da-justica-que-culminam-em-golpes-de-estado\/"},"modified":"2018-05-18T13:39:47","modified_gmt":"2018-05-18T16:39:47","slug":"papa-critica-intrigas-da-midia-e-acoes-da-justica-que-culminam-em-golpes-de-estado","status":"publish","type":"post","link":"https:\/\/hostnetart.com.br\/baixada\/papa-critica-intrigas-da-midia-e-acoes-da-justica-que-culminam-em-golpes-de-estado\/","title":{"rendered":"Papa critica intrigas da m\u00eddia e a\u00e7\u00f5es da Justi\u00e7a que culminam em golpes de Estado"},"content":{"rendered":"<p>Em missa nesta quinta-feira (17), no Vaticano, o\u00a0<strong>papa Francisco<\/strong>, durante a homilia, criticou a utiliza\u00e7\u00e3o do m\u00e9todo da intriga para dividir o povo, na vida civil e na pol\u00edtica. &#8220;Criam-se condi\u00e7\u00f5es obscuras&#8221; para condenar a pessoa, explicou, e depois a unidade se desfaz. Um m\u00e9todo com o qual perseguiram Jesus, Paulo, Estev\u00e3o e todos os m\u00e1rtires, e muito usado ainda hoje.<\/p>\n<p>Sem citar o Brasil, ou outros pa\u00edses com passado recente de mudan\u00e7as de governo por meio de mecanismos de exce\u00e7\u00e3o, Francisco afirmou que primeiro &#8220;<strong>a m\u00eddia<\/strong>\u00a0come\u00e7a a falar mal das pessoas, dos dirigentes, e com a cal\u00fania e a difama\u00e7\u00e3o essas pessoas ficam manchadas.\u00a0Depois chega a\u00a0<strong>Justi\u00e7a<\/strong>, as condena e, no final, se faz um\u00a0<strong>golpe de Estado<\/strong>&#8220;.<\/p>\n<p>Francisco lembrou a hist\u00f3ria do ap\u00f3stolo Paulo, contra quem\u00a0o povo grita sem nem mesmo saber o que est\u00e1 dizendo, com &#8220;os dirigentes&#8221; sugerindo o que gritar. &#8220;Esta instrumentaliza\u00e7\u00e3o do povo \u00e9 tamb\u00e9m um desprezo pelo povo, porque o transforma em massa. \u00c9 um elemento que se repete com frequ\u00eancia, desde os primeiros tempos at\u00e9 hoje. Pensemos nisso.<i>&#8220;<\/i><\/p>\n<p>Ele comparou com as intrigas que semeiam a divis\u00e3o tamb\u00e9m nas comunidades paroquiais, &#8220;quando dois ou tr\u00eas come\u00e7am a criticar o outro. E come\u00e7am a falar mal daquele outro\u2026&#8221;, e afirmou que &#8220;a fofoca \u00e9 uma atitude assassina, porque mata, exclui as pessoas, destr\u00f3i a reputa\u00e7\u00e3o&#8221;.<\/p>\n<p><strong>FONTE: Rede Brasil Atual<\/strong><\/p>\n","protected":false},"excerpt":{"rendered":"<p>Em missa nesta quinta-feira (17), no Vaticano, o\u00a0papa Francisco, durante a homilia, criticou a utiliza\u00e7\u00e3o do m\u00e9todo da intriga para dividir o povo, na vida civil e na pol\u00edtica. &#8220;Criam-se condi\u00e7\u00f5es obscuras&#8221; para condenar a pessoa, explicou, e depois a unidade se desfaz. Um m\u00e9todo com o qual perseguiram Jesus, Paulo, Estev\u00e3o e todos os [&hellip;]<\/p>\n","protected":false},"author":2,"featured_media":4408,"comment_status":"","ping_status":"","sticky":false,"template":"","format":"standard","meta":{"footnotes":""},"categories":[3],"tags":[],"class_list":["post-4409","post","type-post","status-publish","format-standard","has-post-thumbnail","hentry","category-noticias"],"_links":{"self":[{"href":"https:\/\/hostnetart.com.br\/baixada\/wp-json\/wp\/v2\/posts\/4409","targetHints":{"allow":["GET"]}}],"collection":[{"href":"https:\/\/hostnetart.com.br\/baixada\/wp-json\/wp\/v2\/posts"}],"about":[{"href":"https:\/\/hostnetart.com.br\/baixada\/wp-json\/wp\/v2\/types\/post"}],"author":[{"embeddable":true,"href":"https:\/\/hostnetart.com.br\/baixada\/wp-json\/wp\/v2\/users\/2"}],"replies":[{"embeddable":true,"href":"https:\/\/hostnetart.com.br\/baixada\/wp-json\/wp\/v2\/comments?post=4409"}],"version-history":[{"count":0,"href":"https:\/\/hostnetart.com.br\/baixada\/wp-json\/wp\/v2\/posts\/4409\/revisions"}],"wp:featuredmedia":[{"embeddable":true,"href":"https:\/\/hostnetart.com.br\/baixada\/wp-json\/wp\/v2\/media\/4408"}],"wp:attachment":[{"href":"https:\/\/hostnetart.com.br\/baixada\/wp-json\/wp\/v2\/media?parent=4409"}],"wp:term":[{"taxonomy":"category","embeddable":true,"href":"https:\/\/hostnetart.com.br\/baixada\/wp-json\/wp\/v2\/categories?post=4409"},{"taxonomy":"post_tag","embeddable":true,"href":"https:\/\/hostnetart.com.br\/baixada\/wp-json\/wp\/v2\/tags?post=4409"}],"curies":[{"name":"wp","href":"https:\/\/api.w.org\/{rel}","templated":true}]}}