{"id":4407,"date":"2018-05-18T13:36:05","date_gmt":"2018-05-18T16:36:05","guid":{"rendered":"https:\/\/hostnetart.com.br\/baixada\/aumenta-desemprego-entre-a-populacao-negra-e-mulheres\/"},"modified":"2018-05-18T13:36:05","modified_gmt":"2018-05-18T16:36:05","slug":"aumenta-desemprego-entre-a-populacao-negra-e-mulheres","status":"publish","type":"post","link":"https:\/\/hostnetart.com.br\/baixada\/aumenta-desemprego-entre-a-populacao-negra-e-mulheres\/","title":{"rendered":"Aumenta desemprego entre a popula\u00e7\u00e3o negra e mulheres"},"content":{"rendered":"<p>O desemprego, que segue em alta pelo pa\u00eds, atinge ainda mais a popula\u00e7\u00e3o negra, segundo os dados do IBGE. No primeiro trimestre, os pardos (classifica\u00e7\u00e3o usada pelo instituto) eram 52,6% dos 13,7 milh\u00f5es de desempregados no pa\u00eds e os pretos, 11,6%, somando 64,2% e mantendo tend\u00eancia de alta \u2013 h\u00e1 seis meses, eram 63,7%.<\/p>\n<p>Em igual per\u00edodo de 2012, eles correspondiam a 48,9% e 10,2%, respectivamente. Nessa mesma compara\u00e7\u00e3o, a participa\u00e7\u00e3o dos brancos diminuiu de 40,2% para 35,2%.<\/p>\n<p>Al\u00e9m disso, o total de desempregados quase dobrou nesse per\u00edodo. Passou de 7,6 milh\u00f5es, no primeiro trimestre de 2012, para 13,7 milh\u00f5es.<\/p>\n<p>A taxa de desemprego dos brancos foi de 10,5%, abaixo da m\u00e9dia nacional (13,1%). J\u00e1 a de pretos e pardos ficou acima: 16% e 15,1%. Nos tr\u00eas casos, houve crescimento em rela\u00e7\u00e3o a 2012.<\/p>\n<p>Segundo o IBGE,<a class=\"internal-link\" title=\"\" href=\"http:\/\/www.redebrasilatual.com.br\/economia\/2018\/05\/desempregados-e-subutilizados-sao-quase-28-milhoes\" target=\"_blank\" rel=\"noopener noreferrer\">\u00a0<\/a>que divulgou nesta quinta-feira (17) mais informa\u00e7\u00f5es da\u00a0<a class=\"internal-link\" title=\"\" href=\"http:\/\/www.redebrasilatual.com.br\/economia\/2018\/05\/desempregados-e-subutilizados-sao-quase-28-milhoes\" target=\"_blank\" rel=\"noopener noreferrer\">Pesquisa Nacional por Amostra de Domic\u00edlios (Pnad) Cont\u00ednua<\/a>, os pardos representavam 48,1% da popula\u00e7\u00e3o fora da for\u00e7a de trabalho. Os brancos eram 42,5% e os pretos, 8,4%.<\/p>\n<p>As mulheres eram maioria (50,9%) dos desempregados. Isso aconteceu em quase todas as regi\u00f5es \u2013 a exce\u00e7\u00e3o foi o Nordeste (47,3%). A taxa de desemprego foi bem maior entre a m\u00e3o de obra feminina (15%) do que para os homens (11,6%). Elas tamb\u00e9m comp\u00f5em a maior parte da popula\u00e7\u00e3o fora da for\u00e7a de trabalho (65,2%).<\/p>\n<p>De acordo com o instituto, o rendimento m\u00e9dio do trabalho manteve-se est\u00e1vel, sendo estimado em R$ 2.169. O valor ficou pr\u00f3ximo ao do \u00faltimo trimestre de 2017 (R$ 2.173) e foi igual ao do primeiro per\u00edodo do ano passado.<\/p>\n<p><strong>FONTE: Rede Brasil Atual<\/strong><\/p>\n","protected":false},"excerpt":{"rendered":"<p>O desemprego, que segue em alta pelo pa\u00eds, atinge ainda mais a popula\u00e7\u00e3o negra, segundo os dados do IBGE. No primeiro trimestre, os pardos (classifica\u00e7\u00e3o usada pelo instituto) eram 52,6% dos 13,7 milh\u00f5es de desempregados no pa\u00eds e os pretos, 11,6%, somando 64,2% e mantendo tend\u00eancia de alta \u2013 h\u00e1 seis meses, eram 63,7%. Em [&hellip;]<\/p>\n","protected":false},"author":2,"featured_media":4406,"comment_status":"","ping_status":"","sticky":false,"template":"","format":"standard","meta":{"footnotes":""},"categories":[3],"tags":[],"class_list":["post-4407","post","type-post","status-publish","format-standard","has-post-thumbnail","hentry","category-noticias"],"_links":{"self":[{"href":"https:\/\/hostnetart.com.br\/baixada\/wp-json\/wp\/v2\/posts\/4407","targetHints":{"allow":["GET"]}}],"collection":[{"href":"https:\/\/hostnetart.com.br\/baixada\/wp-json\/wp\/v2\/posts"}],"about":[{"href":"https:\/\/hostnetart.com.br\/baixada\/wp-json\/wp\/v2\/types\/post"}],"author":[{"embeddable":true,"href":"https:\/\/hostnetart.com.br\/baixada\/wp-json\/wp\/v2\/users\/2"}],"replies":[{"embeddable":true,"href":"https:\/\/hostnetart.com.br\/baixada\/wp-json\/wp\/v2\/comments?post=4407"}],"version-history":[{"count":0,"href":"https:\/\/hostnetart.com.br\/baixada\/wp-json\/wp\/v2\/posts\/4407\/revisions"}],"wp:featuredmedia":[{"embeddable":true,"href":"https:\/\/hostnetart.com.br\/baixada\/wp-json\/wp\/v2\/media\/4406"}],"wp:attachment":[{"href":"https:\/\/hostnetart.com.br\/baixada\/wp-json\/wp\/v2\/media?parent=4407"}],"wp:term":[{"taxonomy":"category","embeddable":true,"href":"https:\/\/hostnetart.com.br\/baixada\/wp-json\/wp\/v2\/categories?post=4407"},{"taxonomy":"post_tag","embeddable":true,"href":"https:\/\/hostnetart.com.br\/baixada\/wp-json\/wp\/v2\/tags?post=4407"}],"curies":[{"name":"wp","href":"https:\/\/api.w.org\/{rel}","templated":true}]}}