{"id":4401,"date":"2018-05-18T13:33:53","date_gmt":"2018-05-18T16:33:53","guid":{"rendered":"https:\/\/hostnetart.com.br\/baixada\/28-milhoes-querem-trabalhar-mas-nao-conseguem-5-milhoes-desistiram-de-procurar\/"},"modified":"2018-05-18T13:33:53","modified_gmt":"2018-05-18T16:33:53","slug":"28-milhoes-querem-trabalhar-mas-nao-conseguem-5-milhoes-desistiram-de-procurar","status":"publish","type":"post","link":"https:\/\/hostnetart.com.br\/baixada\/28-milhoes-querem-trabalhar-mas-nao-conseguem-5-milhoes-desistiram-de-procurar\/","title":{"rendered":"28 milh\u00f5es querem trabalhar, mas n\u00e3o conseguem; 5 milh\u00f5es desistiram de procurar"},"content":{"rendered":"<div class=\"content\">\n<p>A taxa de subutiliza\u00e7\u00e3o da for\u00e7a de trabalho, que inclui os desempregados, pessoas que gostariam e precisam trabalhar mais e aqueles que desistiram de procurar emprego, bateu recorde hist\u00f3rico no primeiro trimestre de 2018, chegando a 24,7% \u2013 \u00e9 mais alta taxa da s\u00e9rie iniciada em 2012.<\/p>\n<p>Se comparado com o primeiro trimestre de 2014, antes do golpe de Estado que tirou do poder uma presidenta democraticamente eleita, a popula\u00e7\u00e3o subutilizada cresceu 73% &#8211; 11,7 milh\u00f5es de pessoas.<\/p>\n<p>Ao todo, s\u00e3o 27,7 milh\u00f5es de pessoas com for\u00e7a de trabalho subutilizada. Desse total, 13,7 milh\u00f5es est\u00e3o desempregados, o que corresponde a 13,1%. Se comparado com 2014, o n\u00famero de desempregados cresceu 94,2%, o que significa que h\u00e1 6,6 milh\u00f5es de pessoas a mais procurando emprego no Pa\u00eds desde que o ileg\u00edtimo Michel Temer (MDB-SP) assumiu o governo.<\/p>\n<p>Os dados de subutiliza\u00e7\u00e3o da for\u00e7a de trabalho, divulgados nesta quinta-feira (17) pelo Instituto Brasileiro de Geografia e Estat\u00edstica (IBGE), mostram que foi recorde tamb\u00e9m a taxa de desalento da for\u00e7a de trabalho. Aumentou em 194,9% o n\u00famero de pessoas que desistiram de procurar emprego no primeiro trimestre de 2018 em compara\u00e7\u00e3o com o mesmo per\u00edodo de 2014.<\/p>\n<p>O Brasil tem hoje 4,6 milh\u00f5es de trabalhadores e trabalhadoras que sequer t\u00eam for\u00e7as para procurar uma vaga no mercado de trabalho, depois de meses e meses de tentativas frustradas. A maioria (60,6%) vive na Regi\u00e3o Nordeste, onde 2,8 milh\u00f5es de trabalhadores est\u00e3o desalentados.<\/p>\n<p>Entre os que desistiram de procurar emprego, pretos e pardos s\u00e3o a maioria, representando 73,1%. Do total, 23,4% t\u00eam entre 18 e 24 anos e 38,4% ensino fundamental incompleto.<\/p>\n<p>Para o presidente nacional da CUT, Vagner Freitas, o governo golpista e ileg\u00edtimo de Temer \u00e9 o que a gente sabia que seria: um desastre para a classe trabalhadora brasileira.<\/p>\n<p>\u201cN\u00e3o h\u00e1 gera\u00e7\u00e3o de emprego, milh\u00f5es de brasileiros desistiram de entregar curr\u00edculos e outros tantos milh\u00f5es est\u00e3o trabalhando por conta pr\u00f3pria ou sendo explorados com contratos tempor\u00e1rios\u201d.\u00a0<br \/>O retrato do Brasil p\u00f3s-golpe \u00e9 mis\u00e9ria, desalento, desesperan\u00e7a.<\/p>\n<p>Com o usurpador Temer, diz Vagner, o que temos s\u00e3o taxas recordes de desemprego e gera\u00e7\u00e3o de trabalho prec\u00e1rio e informal.<\/p>\n<p>E as pesquisas confirmam a afirma\u00e7\u00e3o do presidente da CUT. No primeiro trimestre 2018, o Brasil atingiu o menor n\u00famero de trabalhadores com carteira assinada desde 2012.<\/p>\n<p><strong>Norte e Nordeste mais penalizados<\/strong><\/p>\n<p>As Regi\u00f5es Norte e Nordeste s\u00e3o as mais penalizadas com o desemprego e o subemprego. Com uma taxa de desemprego de 15,9%, o Nordeste \u00e9 a Regi\u00e3o que atingiu o pior \u00edndice.<\/p>\n<p>J\u00e1 o estado do Amap\u00e1 registrou a maior taxa (21,5%). Na sequ\u00eancia v\u00eam os estados da Bahia (17,9%) Pernambuco (17,7%), Alagoas (17,7%) e Maranh\u00e3o (15,6%), todos no Nordeste.<\/p>\n<p>Nas Regi\u00f5es Norte e Nordeste o percentual de pessoas que trabalharam por conta pr\u00f3pria, sem direitos, em condi\u00e7\u00f5es prec\u00e1rias e sem renda fixa, tamb\u00e9m foi maior do que nas demais regi\u00f5es. S\u00e3o 32,4% de pessoas no Norte e 29% no Nordeste.<\/p>\n<p>S\u00e3o nessas regi\u00f5es tamb\u00e9m que foram registrados os menores percentuais de empregos com carteira assinada &#8211; Norte (62,9%) e Nordeste (59,7%).<\/p>\n<p>A Regi\u00e3o Sul apresentou o maior \u00edndice (83,3%) de trabalhadores com registro em carteira, assim como tamb\u00e9m o menor n\u00famero de desempregados (8,4%).<\/p>\n<p>As menores taxas de desemprego foram registradas nas regi\u00f5es Sul e Centro-Oeste &#8211; Santa Catarina (6,5%) Mato Grosso do Sul (8,4%), Rio Grande do Sul (8,5%) e Mato Grosso (9,3%).<\/p>\n<p><strong>Total popula\u00e7\u00e3o ocupada<\/strong><\/p>\n<p>A popula\u00e7\u00e3o ocupada, estimada em 90,6 milh\u00f5es de pessoas, era composta, no primeiro trimestre de 20018, por 67,4% de empregados, 25,3% de pessoas que trabalharam por conta pr\u00f3pria, 4,8% de empregadores e 2,5% de trabalhadores familiares auxiliares.<\/p>\n<\/div>\n<p id=\"page-author\"><span style=\"text-decoration: underline;\"><em><strong>Fonte: CUT<\/strong><\/em><\/span><\/p>\n","protected":false},"excerpt":{"rendered":"<p>A taxa de subutiliza\u00e7\u00e3o da for\u00e7a de trabalho, que inclui os desempregados, pessoas que gostariam e precisam trabalhar mais e aqueles que desistiram de procurar emprego, bateu recorde hist\u00f3rico no primeiro trimestre de 2018, chegando a 24,7% \u2013 \u00e9 mais alta taxa da s\u00e9rie iniciada em 2012. Se comparado com o primeiro trimestre de 2014, [&hellip;]<\/p>\n","protected":false},"author":2,"featured_media":4400,"comment_status":"","ping_status":"","sticky":false,"template":"","format":"standard","meta":{"footnotes":""},"categories":[3],"tags":[],"class_list":["post-4401","post","type-post","status-publish","format-standard","has-post-thumbnail","hentry","category-noticias"],"_links":{"self":[{"href":"https:\/\/hostnetart.com.br\/baixada\/wp-json\/wp\/v2\/posts\/4401","targetHints":{"allow":["GET"]}}],"collection":[{"href":"https:\/\/hostnetart.com.br\/baixada\/wp-json\/wp\/v2\/posts"}],"about":[{"href":"https:\/\/hostnetart.com.br\/baixada\/wp-json\/wp\/v2\/types\/post"}],"author":[{"embeddable":true,"href":"https:\/\/hostnetart.com.br\/baixada\/wp-json\/wp\/v2\/users\/2"}],"replies":[{"embeddable":true,"href":"https:\/\/hostnetart.com.br\/baixada\/wp-json\/wp\/v2\/comments?post=4401"}],"version-history":[{"count":0,"href":"https:\/\/hostnetart.com.br\/baixada\/wp-json\/wp\/v2\/posts\/4401\/revisions"}],"wp:featuredmedia":[{"embeddable":true,"href":"https:\/\/hostnetart.com.br\/baixada\/wp-json\/wp\/v2\/media\/4400"}],"wp:attachment":[{"href":"https:\/\/hostnetart.com.br\/baixada\/wp-json\/wp\/v2\/media?parent=4401"}],"wp:term":[{"taxonomy":"category","embeddable":true,"href":"https:\/\/hostnetart.com.br\/baixada\/wp-json\/wp\/v2\/categories?post=4401"},{"taxonomy":"post_tag","embeddable":true,"href":"https:\/\/hostnetart.com.br\/baixada\/wp-json\/wp\/v2\/tags?post=4401"}],"curies":[{"name":"wp","href":"https:\/\/api.w.org\/{rel}","templated":true}]}}