{"id":4397,"date":"2018-05-17T14:26:18","date_gmt":"2018-05-17T17:26:18","guid":{"rendered":"https:\/\/hostnetart.com.br\/baixada\/brasil-precisa-mudar-leis-para-garantir-igualdade-de-genero-no-trabalho\/"},"modified":"2018-05-17T14:26:18","modified_gmt":"2018-05-17T17:26:18","slug":"brasil-precisa-mudar-leis-para-garantir-igualdade-de-genero-no-trabalho","status":"publish","type":"post","link":"https:\/\/hostnetart.com.br\/baixada\/brasil-precisa-mudar-leis-para-garantir-igualdade-de-genero-no-trabalho\/","title":{"rendered":"Brasil precisa mudar leis para garantir igualdade de g\u00eanero no trabalho"},"content":{"rendered":"<p>Divulgado na \u00faltima segunda-feira (14) pelo Banco Mundial, na sede da Funda\u00e7\u00e3o Get\u00falio Vargas (FGV), em S\u00e3o Paulo, o estudo\u00a0<em>Mulheres, Empresas e o Direito 2018: Igualdade de G\u00eanero e Inclus\u00e3o Econ\u00f4mica<\/em>, referenda dado de pesquisa da Organiza\u00e7\u00e3o Internacional do Trabalho (OIT), de 2017, apontando que a melhoria nas condi\u00e7\u00f5es econ\u00f4micas das mulheres no mercado de trabalho do Brasil poderia aumentar o Produto Interno Bruto (PIB) do pa\u00eds em 3,3%. O estudo considera a desigualdade entre homens e mulheres no mundo do trabalho, levando-se em conta sal\u00e1rios, gest\u00e3o e participa\u00e7\u00e3o nas empresas.\u00a0<\/p>\n<p>A an\u00e1lise compara a situa\u00e7\u00e3o das mulheres em 186 pa\u00edses, considerando desde a presen\u00e7a delas no mercado de trabalho, al\u00e9m de outros elementos da igualdade entre homens e mulheres, como a licen\u00e7a parental \u2013 que no Brasil pode chegar at\u00e9 a seis meses para a mulher, mas apenas cinco dias para o homem, enquanto em outros pa\u00edses essa licen\u00e7a pode chegar a dois anos, divididos entre os pais.<\/p>\n<p>\u201cS\u00e3o exemplos que mostram a desigualdade da presen\u00e7a de homens e mulheres no mercado de trabalho, mas essa desigualdade tamb\u00e9m est\u00e1 presente em v\u00e1rios outros direitos civis. Em muitos pa\u00edses, a desigualdade est\u00e1 tamb\u00e9m em v\u00e1rios aspectos da cidadania e da liberdade das mulheres\u201d, analisa o diretor t\u00e9cnico do Dieese, Clemente Ganz L\u00facio, em entrevista \u00e0 jornalista Marilu Caba\u00f1as, da\u00a0<strong>R\u00e1dio Brasil Atual<\/strong>.<\/p>\n<p>O diretor do Dieese enfatiza que, em alguns aspectos, o Brasil j\u00e1 conseguiu superar essa desigualdade dos direitos civis, mas em muitos outros pa\u00edses isto ainda limita o acesso \u00e0 igualdade, a liberdade de express\u00e3o, de circula\u00e7\u00e3o e at\u00e9 o direito \u00e0 propriedade.<\/p>\n<p>O trabalho mostra que na maioria dos pa\u00edses n\u00e3o h\u00e1 qualquer tipo de cota para as mulheres participarem da dire\u00e7\u00e3o das empresas. Uma das exce\u00e7\u00f5es \u00e9 o Canad\u00e1, onde existe um crit\u00e9rio que garante a participa\u00e7\u00e3o delas em conselhos de empresas, o que resultou num aumento de 18% para 25%.\u00a0\u00a0<\/p>\n<p>\u201cEsse estudo converge no sentido de que n\u00f3s dever\u00edamos avan\u00e7ar em legisla\u00e7\u00e3o e negocia\u00e7\u00f5es que criassem condi\u00e7\u00f5es para que as mulheres tivessem igualdade, do ponto de vista das condi\u00e7\u00f5es econ\u00f4micas e acesso aos postos de trabalho, na gest\u00e3o e dire\u00e7\u00e3o das empresas\u201d, afirma Clemente.\u00a0<\/p>\n<p>\u00a0<\/p>\n<p><strong>FONTE: Rede Brasil Atual<\/strong><\/p>\n","protected":false},"excerpt":{"rendered":"<p>Divulgado na \u00faltima segunda-feira (14) pelo Banco Mundial, na sede da Funda\u00e7\u00e3o Get\u00falio Vargas (FGV), em S\u00e3o Paulo, o estudo\u00a0Mulheres, Empresas e o Direito 2018: Igualdade de G\u00eanero e Inclus\u00e3o Econ\u00f4mica, referenda dado de pesquisa da Organiza\u00e7\u00e3o Internacional do Trabalho (OIT), de 2017, apontando que a melhoria nas condi\u00e7\u00f5es econ\u00f4micas das mulheres no mercado de [&hellip;]<\/p>\n","protected":false},"author":2,"featured_media":4396,"comment_status":"","ping_status":"","sticky":false,"template":"","format":"standard","meta":{"footnotes":""},"categories":[3],"tags":[],"class_list":["post-4397","post","type-post","status-publish","format-standard","has-post-thumbnail","hentry","category-noticias"],"_links":{"self":[{"href":"https:\/\/hostnetart.com.br\/baixada\/wp-json\/wp\/v2\/posts\/4397","targetHints":{"allow":["GET"]}}],"collection":[{"href":"https:\/\/hostnetart.com.br\/baixada\/wp-json\/wp\/v2\/posts"}],"about":[{"href":"https:\/\/hostnetart.com.br\/baixada\/wp-json\/wp\/v2\/types\/post"}],"author":[{"embeddable":true,"href":"https:\/\/hostnetart.com.br\/baixada\/wp-json\/wp\/v2\/users\/2"}],"replies":[{"embeddable":true,"href":"https:\/\/hostnetart.com.br\/baixada\/wp-json\/wp\/v2\/comments?post=4397"}],"version-history":[{"count":0,"href":"https:\/\/hostnetart.com.br\/baixada\/wp-json\/wp\/v2\/posts\/4397\/revisions"}],"wp:featuredmedia":[{"embeddable":true,"href":"https:\/\/hostnetart.com.br\/baixada\/wp-json\/wp\/v2\/media\/4396"}],"wp:attachment":[{"href":"https:\/\/hostnetart.com.br\/baixada\/wp-json\/wp\/v2\/media?parent=4397"}],"wp:term":[{"taxonomy":"category","embeddable":true,"href":"https:\/\/hostnetart.com.br\/baixada\/wp-json\/wp\/v2\/categories?post=4397"},{"taxonomy":"post_tag","embeddable":true,"href":"https:\/\/hostnetart.com.br\/baixada\/wp-json\/wp\/v2\/tags?post=4397"}],"curies":[{"name":"wp","href":"https:\/\/api.w.org\/{rel}","templated":true}]}}