{"id":4395,"date":"2018-05-17T14:24:15","date_gmt":"2018-05-17T17:24:15","guid":{"rendered":"https:\/\/hostnetart.com.br\/baixada\/propaganda-de-temer-omite-perda-de-emprego-com-carteira\/"},"modified":"2018-05-17T14:24:15","modified_gmt":"2018-05-17T17:24:15","slug":"propaganda-de-temer-omite-perda-de-emprego-com-carteira","status":"publish","type":"post","link":"https:\/\/hostnetart.com.br\/baixada\/propaganda-de-temer-omite-perda-de-emprego-com-carteira\/","title":{"rendered":"Propaganda de Temer omite perda de emprego com carteira"},"content":{"rendered":"<p>Em cerim\u00f4nia para enaltecer os &#8220;feitos&#8221; de seu governo em dois anos, Michel Temer anunciou que a &#8220;moderniza\u00e7\u00e3o&#8221; trabalhista era uma grande conquista e disse que os empregos estavam de volta. S\u00f3 que citou apenas dados deste ano, que de fato s\u00e3o positivos. Mas, em sua gest\u00e3o, houve\u00a0<a class=\"internal-link\" title=\"\" href=\"http:\/\/www.redebrasilatual.com.br\/economia\/2018\/04\/alta-do-emprego-formal-inclui-trabalho-parcial-ou-intermitente\" target=\"_blank\" rel=\"noopener noreferrer\">perda de postos de trabalho com carteira assinada<\/a>.<\/p>\n<p>Em mar\u00e7o deste ano, \u00faltimo dado dispon\u00edvel, o estoque do Cadastro Geral de Empregados e Desempregados (Caged), do Minist\u00e9rio do Trabalho, era de 38.072.395 trabalhadores formais. Em igual m\u00eas de 2016, o estoque chegava a 38.911.497 \u2013 diferen\u00e7a, para menos, de 829.102 empregos com carteira.\u00a0<\/p>\n<p>O governo, na propaganda, fala no per\u00edodo maio de 2016 a maio de 2018. Se for considerado o estoque de maio, dois anos atr\u00e1s, a compara\u00e7\u00e3o tamb\u00e9m \u00e9 negativa: 38.789.289, menos 716.894 em rela\u00e7\u00e3o a mar\u00e7o \u00faltimo.<\/p>\n<p>O estoque tamb\u00e9m diminuiu depois da &#8220;moderniza\u00e7\u00e3o&#8221;, forma como o governo se refere \u00e0 &#8220;reforma&#8221; da legisla\u00e7\u00e3o trabalhista, aprovada a toque de caixa no Congresso Nacional. Em novembro, quando a Lei 13.467 entrou em vigor, eram 38.207.979 postos de trabalho formais. At\u00e9 mar\u00e7o, s\u00e3o menos 135.584 vagas. Como diz o slogan oficial, o Brasil voltou, mas para tr\u00e1s.<\/p>\n<p>Temer disse ainda, em seu discurso, ter &#8220;estancado&#8221; o desemprego. A taxa nacional de desemprego no trimestre encerrado em maio de 2016 foi de 11,2%. O \u00edndice em mar\u00e7o deste ano atingiu 13,1%. Os dados s\u00e3o da Pesquisa Nacional por Amostra de Domic\u00edlios (Pnad), do IBGE.<\/p>\n<p>Em junho daquele ano, o n\u00famero de desempregados era estimado em 11,586 milh\u00f5es. Em mar\u00e7o \u00faltimo, eram 13,689 milh\u00f5es.<\/p>\n<p>\u00a0<\/p>\n<p><strong>FONTE: Rede Brasil Atual<\/strong><\/p>\n","protected":false},"excerpt":{"rendered":"<p>Em cerim\u00f4nia para enaltecer os &#8220;feitos&#8221; de seu governo em dois anos, Michel Temer anunciou que a &#8220;moderniza\u00e7\u00e3o&#8221; trabalhista era uma grande conquista e disse que os empregos estavam de volta. S\u00f3 que citou apenas dados deste ano, que de fato s\u00e3o positivos. Mas, em sua gest\u00e3o, houve\u00a0perda de postos de trabalho com carteira assinada. [&hellip;]<\/p>\n","protected":false},"author":2,"featured_media":4394,"comment_status":"","ping_status":"","sticky":false,"template":"","format":"standard","meta":{"footnotes":""},"categories":[3],"tags":[],"class_list":["post-4395","post","type-post","status-publish","format-standard","has-post-thumbnail","hentry","category-noticias"],"_links":{"self":[{"href":"https:\/\/hostnetart.com.br\/baixada\/wp-json\/wp\/v2\/posts\/4395","targetHints":{"allow":["GET"]}}],"collection":[{"href":"https:\/\/hostnetart.com.br\/baixada\/wp-json\/wp\/v2\/posts"}],"about":[{"href":"https:\/\/hostnetart.com.br\/baixada\/wp-json\/wp\/v2\/types\/post"}],"author":[{"embeddable":true,"href":"https:\/\/hostnetart.com.br\/baixada\/wp-json\/wp\/v2\/users\/2"}],"replies":[{"embeddable":true,"href":"https:\/\/hostnetart.com.br\/baixada\/wp-json\/wp\/v2\/comments?post=4395"}],"version-history":[{"count":0,"href":"https:\/\/hostnetart.com.br\/baixada\/wp-json\/wp\/v2\/posts\/4395\/revisions"}],"wp:featuredmedia":[{"embeddable":true,"href":"https:\/\/hostnetart.com.br\/baixada\/wp-json\/wp\/v2\/media\/4394"}],"wp:attachment":[{"href":"https:\/\/hostnetart.com.br\/baixada\/wp-json\/wp\/v2\/media?parent=4395"}],"wp:term":[{"taxonomy":"category","embeddable":true,"href":"https:\/\/hostnetart.com.br\/baixada\/wp-json\/wp\/v2\/categories?post=4395"},{"taxonomy":"post_tag","embeddable":true,"href":"https:\/\/hostnetart.com.br\/baixada\/wp-json\/wp\/v2\/tags?post=4395"}],"curies":[{"name":"wp","href":"https:\/\/api.w.org\/{rel}","templated":true}]}}