{"id":4393,"date":"2018-05-17T14:22:44","date_gmt":"2018-05-17T17:22:44","guid":{"rendered":"https:\/\/hostnetart.com.br\/baixada\/bc-aponta-arrefecimento-na-economia-e-mantem-taxa-de-juros\/"},"modified":"2018-05-17T14:22:44","modified_gmt":"2018-05-17T17:22:44","slug":"bc-aponta-arrefecimento-na-economia-e-mantem-taxa-de-juros","status":"publish","type":"post","link":"https:\/\/hostnetart.com.br\/baixada\/bc-aponta-arrefecimento-na-economia-e-mantem-taxa-de-juros\/","title":{"rendered":"BC aponta &#8216;arrefecimento&#8217; na economia e mant\u00e9m taxa de juros"},"content":{"rendered":"<p>Pela primeira vez em quase dois anos, o Comit\u00ea de Pol\u00edtica Monet\u00e1ria (Copom) do Banco Central n\u00e3o reduziu a taxa b\u00e1sica de juros, a Selic, que foi mantida em 6,50% ao ano. Segundo comunicado divulgado pelo BC no final da tarde desta quarta-feira (16), &#8220;os \u00faltimos indicadores de atividade econ\u00f4mica mostram arrefecimento, num contexto de recupera\u00e7\u00e3o consistente, mas gradual, da economia brasileira&#8221;. A decis\u00e3o surpreendeu o chamado &#8220;mercado&#8221;, que esperava novo corte, de pelo menos 0,25 ponto percentual.<\/p>\n<p>A \u00faltima vez em que a taxa de juros se manteve foi na reuni\u00e3o encerrada em 31 de agosto de 2016. Naquela ocasi\u00e3o, estava em 14,25%. Desde ent\u00e3o, foram 12 redu\u00e7\u00f5es. No comunicado de hoje, o Copom diz que o cen\u00e1rio externo &#8220;tornou-se mais desafiador e apresentou volatilidade&#8221;, com ajustes nos mercados internacionais. &#8220;Como resultado, houve redu\u00e7\u00e3o do apetite ao risco em rela\u00e7\u00e3o a economias emergentes.&#8221;<\/p>\n<p>Considerando esse cen\u00e1rio, o Comit\u00ea tomou a decis\u00e3o por unanimidade. Al\u00e9m disso, afirma ver como adequada a manuten\u00e7\u00e3o dos juros no atual patamar.\u00a0<\/p>\n<p>Para a For\u00e7a Sindical, o BC &#8220;mais uma vez frustra os anseios dos trabalhadores&#8221;. Em nota, a entidade fala que a pol\u00edtica de &#8220;conta-gotas&#8221; de redu\u00e7\u00e3o dos juros continua favorecendo &#8220;banqueiros e especuladores, que preferem aplicar no mercado financeiro em detrimento da produ\u00e7\u00e3o&#8221;, e o resultado dessa pol\u00edtica \u00e9 a estagna\u00e7\u00e3o econ\u00f4mica.<\/p>\n<p>\u00a0<\/p>\n<p><strong>FONTE: Rede Brasil Atual<\/strong><\/p>\n","protected":false},"excerpt":{"rendered":"<p>Pela primeira vez em quase dois anos, o Comit\u00ea de Pol\u00edtica Monet\u00e1ria (Copom) do Banco Central n\u00e3o reduziu a taxa b\u00e1sica de juros, a Selic, que foi mantida em 6,50% ao ano. Segundo comunicado divulgado pelo BC no final da tarde desta quarta-feira (16), &#8220;os \u00faltimos indicadores de atividade econ\u00f4mica mostram arrefecimento, num contexto de [&hellip;]<\/p>\n","protected":false},"author":2,"featured_media":4392,"comment_status":"","ping_status":"","sticky":false,"template":"","format":"standard","meta":{"footnotes":""},"categories":[3],"tags":[],"class_list":["post-4393","post","type-post","status-publish","format-standard","has-post-thumbnail","hentry","category-noticias"],"_links":{"self":[{"href":"https:\/\/hostnetart.com.br\/baixada\/wp-json\/wp\/v2\/posts\/4393","targetHints":{"allow":["GET"]}}],"collection":[{"href":"https:\/\/hostnetart.com.br\/baixada\/wp-json\/wp\/v2\/posts"}],"about":[{"href":"https:\/\/hostnetart.com.br\/baixada\/wp-json\/wp\/v2\/types\/post"}],"author":[{"embeddable":true,"href":"https:\/\/hostnetart.com.br\/baixada\/wp-json\/wp\/v2\/users\/2"}],"replies":[{"embeddable":true,"href":"https:\/\/hostnetart.com.br\/baixada\/wp-json\/wp\/v2\/comments?post=4393"}],"version-history":[{"count":0,"href":"https:\/\/hostnetart.com.br\/baixada\/wp-json\/wp\/v2\/posts\/4393\/revisions"}],"wp:featuredmedia":[{"embeddable":true,"href":"https:\/\/hostnetart.com.br\/baixada\/wp-json\/wp\/v2\/media\/4392"}],"wp:attachment":[{"href":"https:\/\/hostnetart.com.br\/baixada\/wp-json\/wp\/v2\/media?parent=4393"}],"wp:term":[{"taxonomy":"category","embeddable":true,"href":"https:\/\/hostnetart.com.br\/baixada\/wp-json\/wp\/v2\/categories?post=4393"},{"taxonomy":"post_tag","embeddable":true,"href":"https:\/\/hostnetart.com.br\/baixada\/wp-json\/wp\/v2\/tags?post=4393"}],"curies":[{"name":"wp","href":"https:\/\/api.w.org\/{rel}","templated":true}]}}