{"id":4389,"date":"2018-05-17T14:21:05","date_gmt":"2018-05-17T17:21:05","guid":{"rendered":"https:\/\/hostnetart.com.br\/baixada\/empregados-da-caixa-realizam-dia-nacional-de-luta-em-todo-o-pais\/"},"modified":"2018-05-17T14:21:05","modified_gmt":"2018-05-17T17:21:05","slug":"empregados-da-caixa-realizam-dia-nacional-de-luta-em-todo-o-pais","status":"publish","type":"post","link":"https:\/\/hostnetart.com.br\/baixada\/empregados-da-caixa-realizam-dia-nacional-de-luta-em-todo-o-pais\/","title":{"rendered":"Empregados da Caixa realizam Dia Nacional de Luta em todo o pa\u00eds"},"content":{"rendered":"<div class=\"content\">\n<p>Os empregados da Caixa Econ\u00f4mica Federal realizaram, nesta quarta-feira (16), o Dia Nacional de Luta por mais respeito e valoriza\u00e7\u00e3o. Os atos, que aconteceram em v\u00e1rias cidades do pa\u00eds, s\u00e3o uma resposta aos atos contradit\u00f3rios da empresa, que ao mesmo tempo em que reduz despesas com o quadro funcional, financia com dinheiro p\u00fablico um megaevento, a ser realizado, em Bras\u00edlia\/DF, nesta quarta-feira (16), com a presen\u00e7a de mais de 6 mil gestores.<\/p>\n<p>Em Bras\u00edlia, o Sindicato dos Banc\u00e1rios fez uma atividade paralela ao mega evento, realizado pelo banco.\u00a0 Em S\u00e3o Paulo, 5 superintend\u00eancias foram fechadas e os trabalhadores entregaram a carta aberta \u00e0 dire\u00e7\u00e3o da Caixa. \u00a0Nas outras cidades do pa\u00eds tamb\u00e9m ocorreram atos e retardos nas aberturas das ag\u00eancias. \u00a0<\/p>\n<p>Para Dion\u00edsio Reis, coordenador da Comiss\u00e3o Executiva de Empregados da Caixa, o Dia Nacional de Luta \u00e9 contra a precariza\u00e7\u00e3o das condi\u00e7\u00f5es de trabalho e projetos que enfraquecem e diminuem a Caixa. \u201cNesta quarta-feira, 16 de maio, data em que iniciativas que significam o desmonte do banco s\u00e3o pano de fundo de um megaevento em Bras\u00edlia (DF), bancado com dinheiro p\u00fablico, n\u00f3s, empregados da Caixa Econ\u00f4mica Federal, reivindicamos por mais valoriza\u00e7\u00e3o e respeito aos nossos direitos\u201d, afirmou.<\/p>\n<p>De acordo com a carta aberta, entregue ao banco, o clima de inseguran\u00e7a entre os trabalhadores se agrava em todas as unidades do pa\u00eds. \u201cDecis\u00f5es unilaterais est\u00e3o levando ao encolhimento da empresa e restringindo as conquistas dos banc\u00e1rios e banc\u00e1rias. Um dos exemplos \u00e9 a redu\u00e7\u00e3o do quadro de pessoal. Gra\u00e7as a programas de demiss\u00e3o e aposentadoria, mais de 16 mil empregados deixaram o banco desde 2015, sem que houvesse a retomada das contrata\u00e7\u00f5es\u201d, diz o texto.<\/p>\n<p>A carta tamb\u00e9m cita a nova reestrutura\u00e7\u00e3o em curso, chamada agora de Programa Efici\u00eancia, que \u00e9 outro motivo de protesto dos empregados do banco. \u00a0Lan\u00e7ada no dia 19 de abril, a iniciativa mira na redu\u00e7\u00e3o de despesas operacionais em R$ 2,5 bilh\u00f5es at\u00e9 2019. \u201cMais uma vez, o que est\u00e1 em risco \u00e9 o papel social da Caixa e os direitos da categoria. Ao contr\u00e1rio do que prev\u00ea o Acordo Coletivo de Trabalho (ACT), n\u00e3o houve qualquer debate pr\u00e9vio entre a dire\u00e7\u00e3o da empresa e as entidades representativas dos empregados\u201d, afirma o documento.<\/p>\n<p>\u201cN\u00f3s, empregados da Caixa, defendemos um banco 100% p\u00fablico, fomentador do desenvolvimento econ\u00f4mico e social do pa\u00eds, por meio de pol\u00edticas p\u00fablicas. Defendemos tamb\u00e9m uma Caixa que valorize seus trabalhadores, pois s\u00e3o eles que constroem, todos os dias, essa empresa a servi\u00e7o dos brasileiros, sobretudo dos mais carentes. Para isso, no entanto, respeito deve ser a palavra de ordem\u201d, finalizou Dion\u00edsio Reis.<\/p>\n<\/div>\n<p id=\"page-author\"><strong>Fonte: Contraf-CUT<\/strong><\/p>\n","protected":false},"excerpt":{"rendered":"<p>Os empregados da Caixa Econ\u00f4mica Federal realizaram, nesta quarta-feira (16), o Dia Nacional de Luta por mais respeito e valoriza\u00e7\u00e3o. Os atos, que aconteceram em v\u00e1rias cidades do pa\u00eds, s\u00e3o uma resposta aos atos contradit\u00f3rios da empresa, que ao mesmo tempo em que reduz despesas com o quadro funcional, financia com dinheiro p\u00fablico um megaevento, [&hellip;]<\/p>\n","protected":false},"author":2,"featured_media":4388,"comment_status":"","ping_status":"","sticky":false,"template":"","format":"standard","meta":{"footnotes":""},"categories":[3],"tags":[],"class_list":["post-4389","post","type-post","status-publish","format-standard","has-post-thumbnail","hentry","category-noticias"],"_links":{"self":[{"href":"https:\/\/hostnetart.com.br\/baixada\/wp-json\/wp\/v2\/posts\/4389","targetHints":{"allow":["GET"]}}],"collection":[{"href":"https:\/\/hostnetart.com.br\/baixada\/wp-json\/wp\/v2\/posts"}],"about":[{"href":"https:\/\/hostnetart.com.br\/baixada\/wp-json\/wp\/v2\/types\/post"}],"author":[{"embeddable":true,"href":"https:\/\/hostnetart.com.br\/baixada\/wp-json\/wp\/v2\/users\/2"}],"replies":[{"embeddable":true,"href":"https:\/\/hostnetart.com.br\/baixada\/wp-json\/wp\/v2\/comments?post=4389"}],"version-history":[{"count":0,"href":"https:\/\/hostnetart.com.br\/baixada\/wp-json\/wp\/v2\/posts\/4389\/revisions"}],"wp:featuredmedia":[{"embeddable":true,"href":"https:\/\/hostnetart.com.br\/baixada\/wp-json\/wp\/v2\/media\/4388"}],"wp:attachment":[{"href":"https:\/\/hostnetart.com.br\/baixada\/wp-json\/wp\/v2\/media?parent=4389"}],"wp:term":[{"taxonomy":"category","embeddable":true,"href":"https:\/\/hostnetart.com.br\/baixada\/wp-json\/wp\/v2\/categories?post=4389"},{"taxonomy":"post_tag","embeddable":true,"href":"https:\/\/hostnetart.com.br\/baixada\/wp-json\/wp\/v2\/tags?post=4389"}],"curies":[{"name":"wp","href":"https:\/\/api.w.org\/{rel}","templated":true}]}}