{"id":4387,"date":"2018-05-17T14:19:14","date_gmt":"2018-05-17T17:19:14","guid":{"rendered":"https:\/\/hostnetart.com.br\/baixada\/a-contraf-cut-participa-da-primeira-reuniao-regional-do-grupo-de-trabalho-sobre-igualdade-racial\/"},"modified":"2018-05-17T14:19:14","modified_gmt":"2018-05-17T17:19:14","slug":"a-contraf-cut-participa-da-primeira-reuniao-regional-do-grupo-de-trabalho-sobre-igualdade-racial","status":"publish","type":"post","link":"https:\/\/hostnetart.com.br\/baixada\/a-contraf-cut-participa-da-primeira-reuniao-regional-do-grupo-de-trabalho-sobre-igualdade-racial\/","title":{"rendered":"A Contraf-CUT participa da primeira Reuni\u00e3o Regional do Grupo de Trabalho sobre Igualdade Racial"},"content":{"rendered":"<div class=\"content\">\n<p>A Contraf-CUT participou, nesta ter\u00e7a e quarta-feira (15 e 16), da Primeira Reuni\u00e3o Regional do Grupo de Trabalho sobre Igualdade Racial, organizado pela Confedera\u00e7\u00e3o Sindical de Trabalhadores das Am\u00e9ricas (CSA), com a coopera\u00e7\u00e3o do Centro de Solidariedade de AFL-CIO,\u00a0central sindical americana com atua\u00e7\u00e3o no Brasil.<\/p>\n<p>Para Laerte Teixeira, secret\u00e1rio de Pol\u00edticas Sociais de CSA, o objetivo da reuni\u00e3o \u00e9 debater o contexto regional e as perspectivas sindicais sobre de discrimina\u00e7\u00e3o racial no trabalho. \u201cConsideramos a situa\u00e7\u00e3o particular das mulheres e jovens, identificamos as experi\u00eancias sobre a situa\u00e7\u00e3o de igualdade racial e as a\u00e7\u00f5es desenvolvidas pelas centrais sindicais, para elaborar um plano de a\u00e7\u00e3o e uma agenda do grupo de trabalho sobre igualdade racial.\u201d<\/p>\n<p>Com o tema Reconhecimento, Justi\u00e7a e Desenvolvimento, a ONU instituiu a D\u00e9cada do Afrodescendentes (2015\/2024) para debater o racismo no mundo e criar condi\u00e7\u00e3o para acabar com esta pr\u00e1tica. Segundo Francisco Xavier Mena, representante Regional Adjunto do Alto Comissariado de Direitos Humanos da ONU, s\u00f3 nas Am\u00e9ricas tem mais de 200 milh\u00f5es de Afrodescendentes e \u00e9 preciso criar condi\u00e7\u00f5es de avan\u00e7ar nesse tema.<\/p>\n<p>Almir Aguiar, Secret\u00e1rio de Combate ao Racismo da Contraf-CUT, enalteceu a participa\u00e7\u00e3o dos representantes do Peru, Rep\u00fablica Dominicana e Barbados. \u201cFoi importante para entender as peculiaridades do racismo nesses pa\u00edses. Como \u00e9 a discrimina\u00e7\u00e3o no mercado de trabalho e na vida. Entender a situa\u00e7\u00e3o de cada pa\u00eds \u00e9 fundamental para criarmos um plano de a\u00e7\u00e3o contra essas pr\u00e1ticas para combater seus efeitos, no caso do Brasil, \u00e9 importante que sofra san\u00e7\u00f5es pelo n\u00e3o cumprimento dos tratados internacionais\u201d, afirmou.<\/p>\n<\/div>\n<p id=\"page-author\"><strong>Fonte: Contraf-CUT<\/strong><\/p>\n","protected":false},"excerpt":{"rendered":"<p>A Contraf-CUT participou, nesta ter\u00e7a e quarta-feira (15 e 16), da Primeira Reuni\u00e3o Regional do Grupo de Trabalho sobre Igualdade Racial, organizado pela Confedera\u00e7\u00e3o Sindical de Trabalhadores das Am\u00e9ricas (CSA), com a coopera\u00e7\u00e3o do Centro de Solidariedade de AFL-CIO,\u00a0central sindical americana com atua\u00e7\u00e3o no Brasil. Para Laerte Teixeira, secret\u00e1rio de Pol\u00edticas Sociais de CSA, o [&hellip;]<\/p>\n","protected":false},"author":2,"featured_media":4386,"comment_status":"","ping_status":"","sticky":false,"template":"","format":"standard","meta":{"footnotes":""},"categories":[3],"tags":[],"class_list":["post-4387","post","type-post","status-publish","format-standard","has-post-thumbnail","hentry","category-noticias"],"_links":{"self":[{"href":"https:\/\/hostnetart.com.br\/baixada\/wp-json\/wp\/v2\/posts\/4387","targetHints":{"allow":["GET"]}}],"collection":[{"href":"https:\/\/hostnetart.com.br\/baixada\/wp-json\/wp\/v2\/posts"}],"about":[{"href":"https:\/\/hostnetart.com.br\/baixada\/wp-json\/wp\/v2\/types\/post"}],"author":[{"embeddable":true,"href":"https:\/\/hostnetart.com.br\/baixada\/wp-json\/wp\/v2\/users\/2"}],"replies":[{"embeddable":true,"href":"https:\/\/hostnetart.com.br\/baixada\/wp-json\/wp\/v2\/comments?post=4387"}],"version-history":[{"count":0,"href":"https:\/\/hostnetart.com.br\/baixada\/wp-json\/wp\/v2\/posts\/4387\/revisions"}],"wp:featuredmedia":[{"embeddable":true,"href":"https:\/\/hostnetart.com.br\/baixada\/wp-json\/wp\/v2\/media\/4386"}],"wp:attachment":[{"href":"https:\/\/hostnetart.com.br\/baixada\/wp-json\/wp\/v2\/media?parent=4387"}],"wp:term":[{"taxonomy":"category","embeddable":true,"href":"https:\/\/hostnetart.com.br\/baixada\/wp-json\/wp\/v2\/categories?post=4387"},{"taxonomy":"post_tag","embeddable":true,"href":"https:\/\/hostnetart.com.br\/baixada\/wp-json\/wp\/v2\/tags?post=4387"}],"curies":[{"name":"wp","href":"https:\/\/api.w.org\/{rel}","templated":true}]}}