{"id":4385,"date":"2018-05-17T14:18:27","date_gmt":"2018-05-17T17:18:27","guid":{"rendered":"https:\/\/hostnetart.com.br\/baixada\/diretor-de-saude-e-rede-de-atendimento-da-cassi-faz-balanco-de-seu-mandato\/"},"modified":"2018-05-17T14:18:27","modified_gmt":"2018-05-17T17:18:27","slug":"diretor-de-saude-e-rede-de-atendimento-da-cassi-faz-balanco-de-seu-mandato","status":"publish","type":"post","link":"https:\/\/hostnetart.com.br\/baixada\/diretor-de-saude-e-rede-de-atendimento-da-cassi-faz-balanco-de-seu-mandato\/","title":{"rendered":"Diretor de Sa\u00fade e Rede de Atendimento da Cassi faz balan\u00e7o de seu mandato"},"content":{"rendered":"<div class=\"content\">\n<p>O diretor de Sa\u00fade e Rede de Atendimento da Caixa de Assist\u00eancia dos Funcion\u00e1rios do Banco do Brasil (Cassi), William Mendes de Oliveiras, se reuniu, na manh\u00e3 desta quarta-feira (16), com a Comiss\u00e3o de Empresa do Banco do Brasil, lideran\u00e7as e entidades representativas da comunidade Banco do Brasil para fazer um balan\u00e7o do mandato 2014\/ 2018, na Cassi, na sede da Contraf-CUT, em S\u00e3o Paulo.<\/p>\n<p>Durante seu agradecimento pelo apoio do trabalho em conjunto com as entidades, ele destacou o fortalecimento da participa\u00e7\u00e3o social no estabelecimento da estrat\u00e9gia Sa\u00fade da Fam\u00edlia (ESF).<\/p>\n<p>Wiliam Mendes tamb\u00e9m fez um agradecimento especial \u00e0 Contraf-CUT pelo pronto atendimento e apoio dado quando procurada, em dezembro de 2014, para buscar construir um calend\u00e1rio nacional, mobiliza\u00e7\u00e3o e uma mesa com o Banco do Brasil para discutir as quest\u00f5es relativas a Cassi, que enfrentava um antigo d\u00e9ficit no plano de Sa\u00fade dos funcion\u00e1rios. \u201cA parceria entre o mandato e as entidades foi muito exitosa, pois construiu unidade, criou princ\u00edpios consensuais na defesa da solidariedade e gerou o acordo do memorando de entendimentos, em vigor at\u00e9 2019, com mesa de presta\u00e7\u00f5es de contas trimestrais at\u00e9 o fim do contrato.\u201d<\/p>\n<p>Para Wagner Nascimento, coordenador da Comiss\u00e3o de Empresa do Funcion\u00e1rios do BB, a liga\u00e7\u00e3o entre as entidades e um diretor eleito na Cassi fortalece o modelo de governan\u00e7a e subsidia melhor os debates entre dirigentes e funcion\u00e1rios. \u201cO mandato do William sempre teve um di\u00e1logo aberto com as entidades e por isso mesmo, neste balan\u00e7o, estiveram presentes representa\u00e7\u00f5es dos sindicatos, federa\u00e7\u00f5es, conselho de usu\u00e1rios e associa\u00e7\u00f5es de aposentados. A perenidade da Cassi passa pelo fortalecimento do modelo de aten\u00e7\u00e3o integral e a Estrat\u00e9gia Sa\u00fade da Fam\u00edlia \u00e9 um dos pilares deste modelo.\u201d<\/p>\n<p>O diretor de sa\u00fade apresentou um estudo atualizado que fortaleceu muito o debate da estrat\u00e9gia sa\u00fade da fam\u00edlia, no papel da sustentabilidade do sistema Cassi. Este estudo compara as despesas assistenciais dos vinculados a ESF em compara\u00e7\u00e3o dos n\u00e3o cadastrados ao modelo assistencial. \u201cO estudo com base no exerc\u00edcio de 2017 continua apontando a import\u00e2ncia no uso dos recursos por parte do modelo assistencial, pois os vinculados a ESF tem uma despesa per capita menor do que os participantes do sistema n\u00e3o acompanhados pelo modelo, o que sinaliza que o caminho para a sustentabilidade \u00e9 ampliar a cobertura do modelo de aten\u00e7\u00e3o prim\u00e1ria ESF, fortalecendo \u00e0s estruturas das CliniCassi\u201d, completou.<\/p>\n<p>As representa\u00e7\u00f5es presentes da reuni\u00e3o avaliaram a proposta que o Banco do Brasil fez para a Cassi, em abril deste ano, e o diretor tamb\u00e9m prestou suas opini\u00f5es para os presentes. \u00a0Na despedida, Wiliam Mendes desejou muita unidade das entidades sindicais e representativas na defesa do modelo de custeio solid\u00e1rio e assistencial.<\/p>\n<\/div>\n<p id=\"page-author\"><strong>Fonte: Contraf-CUT<\/strong><\/p>\n","protected":false},"excerpt":{"rendered":"<p>O diretor de Sa\u00fade e Rede de Atendimento da Caixa de Assist\u00eancia dos Funcion\u00e1rios do Banco do Brasil (Cassi), William Mendes de Oliveiras, se reuniu, na manh\u00e3 desta quarta-feira (16), com a Comiss\u00e3o de Empresa do Banco do Brasil, lideran\u00e7as e entidades representativas da comunidade Banco do Brasil para fazer um balan\u00e7o do mandato 2014\/ [&hellip;]<\/p>\n","protected":false},"author":2,"featured_media":4384,"comment_status":"","ping_status":"","sticky":false,"template":"","format":"standard","meta":{"footnotes":""},"categories":[3],"tags":[],"class_list":["post-4385","post","type-post","status-publish","format-standard","has-post-thumbnail","hentry","category-noticias"],"_links":{"self":[{"href":"https:\/\/hostnetart.com.br\/baixada\/wp-json\/wp\/v2\/posts\/4385","targetHints":{"allow":["GET"]}}],"collection":[{"href":"https:\/\/hostnetart.com.br\/baixada\/wp-json\/wp\/v2\/posts"}],"about":[{"href":"https:\/\/hostnetart.com.br\/baixada\/wp-json\/wp\/v2\/types\/post"}],"author":[{"embeddable":true,"href":"https:\/\/hostnetart.com.br\/baixada\/wp-json\/wp\/v2\/users\/2"}],"replies":[{"embeddable":true,"href":"https:\/\/hostnetart.com.br\/baixada\/wp-json\/wp\/v2\/comments?post=4385"}],"version-history":[{"count":0,"href":"https:\/\/hostnetart.com.br\/baixada\/wp-json\/wp\/v2\/posts\/4385\/revisions"}],"wp:featuredmedia":[{"embeddable":true,"href":"https:\/\/hostnetart.com.br\/baixada\/wp-json\/wp\/v2\/media\/4384"}],"wp:attachment":[{"href":"https:\/\/hostnetart.com.br\/baixada\/wp-json\/wp\/v2\/media?parent=4385"}],"wp:term":[{"taxonomy":"category","embeddable":true,"href":"https:\/\/hostnetart.com.br\/baixada\/wp-json\/wp\/v2\/categories?post=4385"},{"taxonomy":"post_tag","embeddable":true,"href":"https:\/\/hostnetart.com.br\/baixada\/wp-json\/wp\/v2\/tags?post=4385"}],"curies":[{"name":"wp","href":"https:\/\/api.w.org\/{rel}","templated":true}]}}