{"id":4383,"date":"2018-05-17T14:17:05","date_gmt":"2018-05-17T17:17:05","guid":{"rendered":"https:\/\/hostnetart.com.br\/baixada\/bancarios-precisam-de-muita-mobilizacao-para-enfrentar-os-banqueiros-e-as-urnas-em-2018\/"},"modified":"2018-05-17T14:17:05","modified_gmt":"2018-05-17T17:17:05","slug":"bancarios-precisam-de-muita-mobilizacao-para-enfrentar-os-banqueiros-e-as-urnas-em-2018","status":"publish","type":"post","link":"https:\/\/hostnetart.com.br\/baixada\/bancarios-precisam-de-muita-mobilizacao-para-enfrentar-os-banqueiros-e-as-urnas-em-2018\/","title":{"rendered":"Banc\u00e1rios precisam de muita mobiliza\u00e7\u00e3o para enfrentar os banqueiros e as urnas em 2018"},"content":{"rendered":"<div class=\"content\">\n<p>\u201cNo meio do caminho tinha uma pedra. Tinha uma pedra no meio do caminho. Tinha uma pedra\/no meio do caminho tinha uma pedra. N\u00f3s somos a pedra no caminho da reforma trabalhista. \u201d<\/p>\n<p>Com essa declara\u00e7\u00e3o parafraseando o poeta mineiro Carlos Drummond de Andrade, o advogado Paulo Roberto Alves da Silva, da assessoria jur\u00eddica da Fetec-CUT\/CN, fechou nesta ter\u00e7a-feira 15 o primeiro dia da 11\u00aa Confer\u00eancia Regional da Federa\u00e7\u00e3o dos Banc\u00e1rios do Centro Norte, que est\u00e1 sendo realizada em Bras\u00edlia em prepara\u00e7\u00e3o \u00e0 Campanha Nacional 2018.<\/p>\n<p>As principais conclus\u00f5es das apresenta\u00e7\u00f5es e debates da abertura do encontro s\u00e3o de que a campanha deste ano ocorre em uma conjuntura muito dif\u00edcil e adversa para a categoria, que al\u00e9m dos impactos da reforma trabalhista sobre seus direitos conquistados, os trabalhadores t\u00eam a responsabilidade de se mobilizarem para a campanha eleitoral de outubro, com o objetivo de eleger um governo que defenda seus interesses e interrompa os retrocessos que come\u00e7aram a ser impostos contra a classe trabalhadora a partir do golpe parlamentar-judicial-midi\u00e1tico de 2016. Para as duas campanhas, ser\u00e3o necess\u00e1rias muita participa\u00e7\u00e3o e mobiliza\u00e7\u00e3o da categoria na defesa de seus direitos e interesses.<\/p>\n<p>A Confer\u00eancia termina nesta quarta 16 com a continua\u00e7\u00e3o dos debates sobre a campanha e com a elei\u00e7\u00e3o dos delegados dos banc\u00e1rios da regi\u00e3o Centro Norte para a 20\u00aa Confer\u00eancia Nacional da categoria, que ser\u00e1 realizada de 8 a 10 de junho, em S\u00e3o Paulo, quando os trabalhadores do sistema financeiro aprovar\u00e3o a pauta de reivindica\u00e7\u00f5es a ser apresentada aos banqueiros.<\/p>\n<p><strong>Fortalecer a unidade no Norte e Centro Oeste<\/strong><\/p>\n<p>\u201cMais uma vez a Confer\u00eancia Regional da Fetec confirma a import\u00e2ncia de nos reunirmos para analisarmos a conjuntura e aprofundarmos o debate sobre os temas espec\u00edficos, como sa\u00fade e condi\u00e7\u00f5es de trabalho, emprego, impactos da reforma trabalhista. Foi um dia extremamente proveitoso, com um debate profundo sobre a realidade que os banc\u00e1rios v\u00e3o enfrentar no pr\u00f3ximo per\u00edodo, assim como a forma adequada de nos comunicarmos com a categoria com nossas m\u00eddias e com a m\u00eddia da campanha que estamos elaborando\u201d, avalia Cleiton dos Santos, presidente da Fetec-CUT\/CN.<\/p>\n<p>\u201cFicou clara tamb\u00e9m a necessidade de rompermos as dificuldades geogr\u00e1ficas da Federa\u00e7\u00e3o, reunindo dirigentes e militantes e tirar encaminhamentos para fortalecer a unidade e a for\u00e7a da categoria banc\u00e1ria na regi\u00e3o Norte e Centro Oeste. A Confer\u00eancia cumpre esse importante papel nesse momento e tenho certeza de que estaremos muito mais fortes para os enfrentamentos que teremos no pr\u00f3ximo per\u00edodo\u201d, acrescenta Cleiton<\/p>\n<p><strong>A Conven\u00e7\u00e3o Coletiva em risco<\/strong><\/p>\n<p>Ao abordar os\u00a0<em>Impactos da \u2018Reforma Trabalhista\u2019 na CCT dos Banc\u00e1rios,<\/em>\u00a0o dr. Paulo Roberto Alves da Silva, da assessoria jur\u00eddica LBS Advogados, abordou a reforma de Temer imposta pelo grande capital, que altera 117 cl\u00e1usulas da CLT e amea\u00e7a as conquistas hist\u00f3ricas dos banc\u00e1rios fixadas na Conven\u00e7\u00e3o Coletiva de Trabalho (CCT) da categoria, cuja validade expira em 31 de agosto.\u00a0<\/p>\n<p>Entre os riscos, est\u00e3o a preponder\u00e2ncia do negociado sobre o legislado, a preval\u00eancia de acordos individuais sobre acordos coletivos, a restri\u00e7\u00e3o do acesso \u00e0 justi\u00e7a por parte do trabalhador e a substitui\u00e7\u00e3o de sindicatos por pessoas \u201celeitas\u201d nas empresas para negociar.<\/p>\n<p>\u201c\u00c9 momento de estreitar la\u00e7os, fortalecer a unidade e trazer um novo conte\u00fado de discuss\u00e3o para enfrentar essa situa\u00e7\u00e3o inusitada que os trabalhadores nunca enfrentaram, nem durante a ditadura militar\u201d, disse Paulo Roberto.<\/p>\n<p><strong>\u201940 anos depois, temos que derrubar outra ditadura\u2019<\/strong><\/p>\n<p>Na discuss\u00e3o sobre conjuntura, que abriu a confer\u00eancia na parte da manh\u00e3, o ex-ministro do Trabalho e da Previd\u00eancia Social Ricardo Berzoini, funcion\u00e1rio aposentado do Banco do Brasil, alertou que, \u201c40 anos depois do fim da ditadura militar, estamos de novo em outra ditadura\u201d, que come\u00e7ou com o golpe, capitaneado pelo mercado financeiro, que destituiu uma presidenta da Rep\u00fablica sem que houvesse crime e continua com a imposi\u00e7\u00e3o da agenda neoliberal de ataques aos direitos dos trabalhadores, \u00e0 soberania nacional e \u00e0 democracia.<\/p>\n<p>\u201cA luta que fazemos hoje faz parte de um processo antigo. O golpe tem uma plataforma muito ampla, que al\u00e9m de retirar direitos trabalhistas para transferir riqueza aos rentistas passa pelo fim da pol\u00edtica externa soberana e do desenvolvimento econ\u00f4mico com inclus\u00e3o social, pelas privatiza\u00e7\u00f5es do pr\u00e9-sal, da Petrobr\u00e1s, Eletrobr\u00e1s e bancos p\u00fablicos e pelos ataques \u00e0s minorias. Teremos que derrubar a ditadura de novo\u201d, disse Berzoini.<\/p>\n<p>\u201cPrecisamos enfrentar com muita coragem o que acontece no pa\u00eds hoje. O melhor presidente que o pa\u00eds teve est\u00e1 preso, sem provas. Porque \u00e9 reconhecido pela direita como algu\u00e9m que estava mudando a ordem. E o objetivo deles \u00e9 fazer nos acreditar que somos impotentes pra enfrentar o golpe. Diante de n\u00f3s mais uma vez h\u00e1 desafios hist\u00f3ricos, que \u00e9 restabelecer a democracia e elei\u00e7\u00e3o livre, o que n\u00e3o \u00e9 poss\u00edvel sem Lula. N\u00e3o fomos eleitos para representar passivamente os trabalhadores. Ou lutamos ou voltaremos \u00e0 escravid\u00e3o\u201d, concluiu o ex-ministro e ex-deputado federal, tamb\u00e9m ex-presidente do Sindicato de S\u00e3o Paulo e da Confedera\u00e7\u00e3o Nacional dos Banc\u00e1rios (CNB-CUT), antecessora da Contraf-CUT.<\/p>\n<p><strong>\u2018Construir a contra-hegemonia\u2019<\/strong><\/p>\n<p>Tamb\u00e9m participando da mesa de discuss\u00e3o sobre conjuntura, a deputada federal Erika Kokay (PT-DF), funcion\u00e1ria da Caixa Econ\u00f4mica Federal e ex-presidente do Sindicato de Bras\u00edlia, refor\u00e7ou a tese de que o golpe n\u00e3o acabou, \u201cest\u00e1 em andamento porque querem destruir o legado dos nossos governos que a maioria da popula\u00e7\u00e3o sabe o que \u00e9, e por isso querem tirar o Lula da elei\u00e7\u00e3o\u201d.<\/p>\n<p>Erika afirma que entre os muitos desafios que os trabalhadores e o movimento sindical t\u00eam pela frente \u00e9 o de \u201cdisputar e desconstruir as narrativas constru\u00eddas pelos golpistas. \u00c9 preciso construir a contra-hegemonia\u201d. Uma delas \u00e9 a tese de que \u201co PT acabou com o Brasil. Isso \u00e9 mentira. Quem est\u00e1 quebrando o pa\u00eds \u00e9 a l\u00f3gica financeirizada do capital, que deu o golpe e manda neste governo\u201d.<\/p>\n<p>Para a deputada, \u201ccom rentismo n\u00e3o h\u00e1 perspectiva de desenvolvimento para o Brasil, porque para ele n\u00e3o interessa a Petrobr\u00e1s, o pr\u00e9-sal, a Eletrobras, soberania nacional, gera\u00e7\u00e3o de empregos\u201d. Outra narrativa que os trabalhadores devem disputar, segundo ela, \u00e9 o de que \u201cquerem imputar a Lula um crime que ele n\u00e3o cometeu. N\u00e3o h\u00e1 crime e n\u00e3o h\u00e1 prova. Vivemos uma ditadura que veste toga\u201d. Uma terceira \u00e9 de que Lula n\u00e3o pode ser candidato. \u201cA imprensa est\u00e1 deixando de fora. Temos que deixar claro que Lula \u00e9 o nosso candidato. \u00c9 a esperan\u00e7a do povo brasileiro.\u201d<\/p>\n<p><strong>Desafios da Campanha Nacional<\/strong><\/p>\n<p>Tamb\u00e9m falando da conjuntura, mas voltada para a realidade dos banc\u00e1rios, o presidente do Sindicato de Bras\u00edlia, Eduardo Ara\u00fajo, tamb\u00e9m explicitou os desafios da campanha nacional deste diante da conjuntura pol\u00edtica e econ\u00f4mica desfavor\u00e1vel aos trabalhadores e aos efeitos da reforma trabalhista sobre a CCT, que colocam em risco direitos conquistados em d\u00e9cadas de luta.<\/p>\n<p>\u201cO roteiro que t\u00ednhamos de campanha nacional acabou e precisamos construir outro, em defesa da CCT, dos direitos conquistados e da democracia\u201d, disse Ara\u00fajo.<\/p>\n<p>Na mesa que discutiu o\u00a0<em>Futuro do Trabalho\/Emprego banc\u00e1rio frente aos avan\u00e7os tecnol\u00f3gicos,\u00a0<\/em>o economista Pedro Tupinamb\u00e1, Dieese, fez um hist\u00f3rico dos impactos da chamada quarta revolu\u00e7\u00e3o industrial sobre o sistema financeiro. A avassaladora introdu\u00e7\u00e3o de novas tecnologias por parte dos bancos transformou completamente o trabalho banc\u00e1rio e est\u00e1 dizimando o emprego na categoria. \u00a0 \u00a0<\/p>\n<p>Nessa mesma mesa, o secret\u00e1rio de Sa\u00fade da Fetec-CUT\/CN, Wadson Boaventura, alertou para os riscos que os banc\u00e1rios est\u00e3o correndo com a dissemina\u00e7\u00e3o de doen\u00e7as f\u00edsicas e ps\u00edquicas dentro dos locais de trabalho, em raz\u00e3o desse novo modo de produ\u00e7\u00e3o baseado na press\u00e3o e no ass\u00e9dio moral para a obten\u00e7\u00e3o de metas. E cobrou maior aten\u00e7\u00e3o do movimento sindical para enfrentar esse grave problema.<\/p>\n<p>Falando tamb\u00e9m nessa mesa sobre a necessidade da democratiza\u00e7\u00e3o da comunica\u00e7\u00e3o, o secret\u00e1rio de Imprensa da Fetec-CUT\/CN, S\u00e9rgio Trindade e o assessor Jos\u00e9 Luiz Frare apresentaram a proposta de m\u00eddia da campanha nacional deste ano e propuseram a realiza\u00e7\u00e3o de um semin\u00e1rio de comunica\u00e7\u00e3o da Federa\u00e7\u00e3o com o objetivo de estabelecer uma rede entre a entidade e os sindicatos filiados e aperfei\u00e7oar o processo comunicativo com a categoria e com a sociedade.<\/p>\n<p>A 11\u00aa Confer\u00eancia prossegue nesta quarta-feira com a seguinte programa\u00e7\u00e3o:<\/p>\n<p>\u2013 Discuss\u00f5es sobre os bancos p\u00fablicos e privados<\/p>\n<p>\u2013 Encerramento<\/p>\n<p>\u00a0\u2013\u00a0Projeto Organizativo,\u00a0com participa\u00e7\u00e3o da presidenta da Contraf-CUT, Juv\u00e2ndia Moreira.<\/p>\n<ul>\n<li>O Sistema Financeiro que queremos<\/li>\n<li>O Ramo Financeiro<\/li>\n<li>O Macrossetor<\/li>\n<li>Os impactos na CCT com a Reforma Trabalhista<\/li>\n<\/ul>\n<p>\u00a0\u2013 Debate<\/p>\n<p>\u2013 Apresenta\u00e7\u00e3o e aprova\u00e7\u00e3o das propostas<\/p>\n<\/div>\n<p id=\"page-author\"><span style=\"text-decoration: underline;\"><em><strong>Fonte: FETEC-CUT\/CN<\/strong><\/em><\/span><\/p>\n","protected":false},"excerpt":{"rendered":"<p>\u201cNo meio do caminho tinha uma pedra. Tinha uma pedra no meio do caminho. Tinha uma pedra\/no meio do caminho tinha uma pedra. N\u00f3s somos a pedra no caminho da reforma trabalhista. \u201d Com essa declara\u00e7\u00e3o parafraseando o poeta mineiro Carlos Drummond de Andrade, o advogado Paulo Roberto Alves da Silva, da assessoria jur\u00eddica da [&hellip;]<\/p>\n","protected":false},"author":2,"featured_media":4382,"comment_status":"","ping_status":"","sticky":false,"template":"","format":"standard","meta":{"footnotes":""},"categories":[3],"tags":[],"class_list":["post-4383","post","type-post","status-publish","format-standard","has-post-thumbnail","hentry","category-noticias"],"_links":{"self":[{"href":"https:\/\/hostnetart.com.br\/baixada\/wp-json\/wp\/v2\/posts\/4383","targetHints":{"allow":["GET"]}}],"collection":[{"href":"https:\/\/hostnetart.com.br\/baixada\/wp-json\/wp\/v2\/posts"}],"about":[{"href":"https:\/\/hostnetart.com.br\/baixada\/wp-json\/wp\/v2\/types\/post"}],"author":[{"embeddable":true,"href":"https:\/\/hostnetart.com.br\/baixada\/wp-json\/wp\/v2\/users\/2"}],"replies":[{"embeddable":true,"href":"https:\/\/hostnetart.com.br\/baixada\/wp-json\/wp\/v2\/comments?post=4383"}],"version-history":[{"count":0,"href":"https:\/\/hostnetart.com.br\/baixada\/wp-json\/wp\/v2\/posts\/4383\/revisions"}],"wp:featuredmedia":[{"embeddable":true,"href":"https:\/\/hostnetart.com.br\/baixada\/wp-json\/wp\/v2\/media\/4382"}],"wp:attachment":[{"href":"https:\/\/hostnetart.com.br\/baixada\/wp-json\/wp\/v2\/media?parent=4383"}],"wp:term":[{"taxonomy":"category","embeddable":true,"href":"https:\/\/hostnetart.com.br\/baixada\/wp-json\/wp\/v2\/categories?post=4383"},{"taxonomy":"post_tag","embeddable":true,"href":"https:\/\/hostnetart.com.br\/baixada\/wp-json\/wp\/v2\/tags?post=4383"}],"curies":[{"name":"wp","href":"https:\/\/api.w.org\/{rel}","templated":true}]}}