{"id":4375,"date":"2018-05-16T13:36:18","date_gmt":"2018-05-16T16:36:18","guid":{"rendered":"https:\/\/hostnetart.com.br\/baixada\/caixa-carta-aberta-cobra-respeito-e-valorizacao-aos-empregados\/"},"modified":"2018-05-16T13:36:18","modified_gmt":"2018-05-16T16:36:18","slug":"caixa-carta-aberta-cobra-respeito-e-valorizacao-aos-empregados","status":"publish","type":"post","link":"https:\/\/hostnetart.com.br\/baixada\/caixa-carta-aberta-cobra-respeito-e-valorizacao-aos-empregados\/","title":{"rendered":"Caixa: Carta Aberta cobra respeito e valoriza\u00e7\u00e3o aos empregados"},"content":{"rendered":"<div class=\"content\">\n<p>A Comiss\u00e3o Executiva dos Empregados da Caixa (CEE\/Caixa) encaminhou, nesta ter\u00e7a-feira (15), uma carta aberta \u00e0 dire\u00e7\u00e3o do banco, na qual os trabalhadores reivindicam por mais respeito e valoriza\u00e7\u00e3o. O documento \u00e9 uma resposta aos atos contradit\u00f3rios da empresa, que ao mesmo tempo em que reduz despesas com o quadro funcional, financia com dinheiro p\u00fablico um megaevento, a ser realizado, em Bras\u00edlia\/DF, nesta quarta-feira (16), com a presen\u00e7a de mais de 6 mil gestores.<\/p>\n<p>Por esse motivo, a CEE\/Caixa realizar\u00e1 nesta quarta-feira (16), o Dia Nacional de Luta contra a retirada de direitos, os descomissionamentos arbitr\u00e1rios, o b\u00f4nus discriminat\u00f3rio, a verticaliza\u00e7\u00e3o das ag\u00eancias, imposi\u00e7\u00e3o do teto de gastos com o Sa\u00fade Caixa e todas as demais medidas que afetam os trabalhadores.<\/p>\n<p>Para Dion\u00edsio Reis, coordenador da CEE\/Caixa, \u00e9 preciso lutar para defender o banco 100% p\u00fablico. &#8220;O Brasil n\u00e3o precisa ter um banco 100% p\u00fablico que fa\u00e7a \u00fanica e exclusivamente a pol\u00edtica mesquinha dos banqueiros de lucrar com juros e taxas elevadas. O pa\u00eds precisa de uma Caixa 100% P\u00fablica combatendo o d\u00e9ficit habitacional, sendo direta e indiretamente um dos maiores empregadores do Brasil e aumentando o patamar civilizat\u00f3rio do povo brasileiro&#8221;, afirmou.<\/p>\n<p>Leia abaixo a Carta Aberta:<\/p>\n<p>\u00a0<\/p>\n<p><strong>CARTA ABERTA \u00c0 DIRE\u00c7\u00c3O DA CAIXA<\/strong><\/p>\n<p>\u00a0<\/p>\n<p>N\u00f3s, empregados da Caixa Econ\u00f4mica Federal, reivindicamos mais valoriza\u00e7\u00e3o e respeito aos nossos direitos. Nesta quarta-feira, 16 de maio, data em que iniciativas que significam o desmonte do banco s\u00e3o pano de fundo de um megaevento em Bras\u00edlia (DF), bancado com dinheiro p\u00fablico, protestamos contra a precariza\u00e7\u00e3o das condi\u00e7\u00f5es de trabalho e projetos para enfraquecer e diminuir a Caixa.<\/p>\n<p>\u00a0<\/p>\n<p>O clima de inseguran\u00e7a entre os trabalhadores se agrava em todas as unidades do pa\u00eds. Decis\u00f5es unilaterais est\u00e3o levando ao encolhimento da empresa e restringindo as conquistas dos banc\u00e1rios e banc\u00e1rias. Um dos exemplos \u00e9 a redu\u00e7\u00e3o do quadro de pessoal. Gra\u00e7as a programas de demiss\u00e3o e aposentadoria, mais de 16 mil empregados deixaram o banco desde 2015, sem que houvesse a retomada das contrata\u00e7\u00f5es.<\/p>\n<p>\u00a0<\/p>\n<p>J\u00e1 a verticaliza\u00e7\u00e3o tem impacto diretamente os trabalhadores e a sociedade, j\u00e1 que muitos que prestam atendimento social est\u00e3o sendo direcionados para prospec\u00e7\u00e3o de clientes de alta renda e para a venda de produtos, adotando-se uma estrat\u00e9gia das institui\u00e7\u00f5es privadas. A Caixa de que o Brasil precisa n\u00e3o combina com restri\u00e7\u00e3o de atendimento \u00e0 popula\u00e7\u00e3o e segrega\u00e7\u00e3o de pessoas por faixa de renda.<\/p>\n<p>\u00a0<\/p>\n<p>A nova reestrutura\u00e7\u00e3o em curso, chamada agora de Programa Efici\u00eancia, \u00e9 outro motivo de protesto dos empregados do banco. Lan\u00e7ada no dia 19 de abril, a iniciativa mira na redu\u00e7\u00e3o de despesas operacionais em R$ 2,5 bilh\u00f5es at\u00e9 2019. Mais uma vez, o que est\u00e1 em risco \u00e9 o papel social da Caixa e os direitos da categoria. Ao contr\u00e1rio do que prev\u00ea o Acordo Coletivo de Trabalho (ACT), n\u00e3o houve qualquer debate pr\u00e9vio entre a dire\u00e7\u00e3o da empresa e as entidades representativas dos empregados.<\/p>\n<p>\u00a0<\/p>\n<p>N\u00f3s, empregados da Caixa, defendemos um banco 100% p\u00fablico, fomentador do desenvolvimento econ\u00f4mico e social do pa\u00eds, por meio de pol\u00edticas p\u00fablicas. Defendemos tamb\u00e9m uma Caixa que valorize seus trabalhadores, pois s\u00e3o eles que constroem, todos os dias, essa empresa a servi\u00e7o dos brasileiros, sobretudo dos mais carentes. Para isso, no entanto, respeito deve ser a palavra de ordem.<\/p>\n<p>\u00a0<\/p>\n<p><strong><em>#CaixaRespeiteoEmpregado<\/em><\/strong><\/p>\n<p>\u00a0<\/p>\n<p><strong><em>#DefendaACaixaVoc\u00eaTamb\u00e9m<\/em><\/strong><\/p>\n<p>\u00a0<\/p>\n<\/div>\n<p id=\"page-author\"><span style=\"text-decoration: underline;\"><em><strong>Fonte: Contraf-CUT<\/strong><\/em><\/span><\/p>\n","protected":false},"excerpt":{"rendered":"<p>A Comiss\u00e3o Executiva dos Empregados da Caixa (CEE\/Caixa) encaminhou, nesta ter\u00e7a-feira (15), uma carta aberta \u00e0 dire\u00e7\u00e3o do banco, na qual os trabalhadores reivindicam por mais respeito e valoriza\u00e7\u00e3o. O documento \u00e9 uma resposta aos atos contradit\u00f3rios da empresa, que ao mesmo tempo em que reduz despesas com o quadro funcional, financia com dinheiro p\u00fablico [&hellip;]<\/p>\n","protected":false},"author":2,"featured_media":4374,"comment_status":"","ping_status":"","sticky":false,"template":"","format":"standard","meta":{"footnotes":""},"categories":[3],"tags":[],"class_list":["post-4375","post","type-post","status-publish","format-standard","has-post-thumbnail","hentry","category-noticias"],"_links":{"self":[{"href":"https:\/\/hostnetart.com.br\/baixada\/wp-json\/wp\/v2\/posts\/4375","targetHints":{"allow":["GET"]}}],"collection":[{"href":"https:\/\/hostnetart.com.br\/baixada\/wp-json\/wp\/v2\/posts"}],"about":[{"href":"https:\/\/hostnetart.com.br\/baixada\/wp-json\/wp\/v2\/types\/post"}],"author":[{"embeddable":true,"href":"https:\/\/hostnetart.com.br\/baixada\/wp-json\/wp\/v2\/users\/2"}],"replies":[{"embeddable":true,"href":"https:\/\/hostnetart.com.br\/baixada\/wp-json\/wp\/v2\/comments?post=4375"}],"version-history":[{"count":0,"href":"https:\/\/hostnetart.com.br\/baixada\/wp-json\/wp\/v2\/posts\/4375\/revisions"}],"wp:featuredmedia":[{"embeddable":true,"href":"https:\/\/hostnetart.com.br\/baixada\/wp-json\/wp\/v2\/media\/4374"}],"wp:attachment":[{"href":"https:\/\/hostnetart.com.br\/baixada\/wp-json\/wp\/v2\/media?parent=4375"}],"wp:term":[{"taxonomy":"category","embeddable":true,"href":"https:\/\/hostnetart.com.br\/baixada\/wp-json\/wp\/v2\/categories?post=4375"},{"taxonomy":"post_tag","embeddable":true,"href":"https:\/\/hostnetart.com.br\/baixada\/wp-json\/wp\/v2\/tags?post=4375"}],"curies":[{"name":"wp","href":"https:\/\/api.w.org\/{rel}","templated":true}]}}