{"id":4373,"date":"2018-05-16T13:35:29","date_gmt":"2018-05-16T16:35:29","guid":{"rendered":"https:\/\/hostnetart.com.br\/baixada\/comando-nacional-aprova-midia-da-campanha-nacional-2018\/"},"modified":"2018-05-16T13:35:29","modified_gmt":"2018-05-16T16:35:29","slug":"comando-nacional-aprova-midia-da-campanha-nacional-2018","status":"publish","type":"post","link":"https:\/\/hostnetart.com.br\/baixada\/comando-nacional-aprova-midia-da-campanha-nacional-2018\/","title":{"rendered":"Comando Nacional aprova m\u00eddia da Campanha Nacional 2018"},"content":{"rendered":"<div class=\"content\">\n<p>O Comando Nacional dos Banc\u00e1rios realizou uma reuni\u00e3o em videoconfer\u00eancia nesta ter\u00e7a-feira (15) e aprovou o slogan e a m\u00eddia da Campanha Nacional do Banc\u00e1rios 2018.<\/p>\n<p>\u201cDesenvolvida a partir das reuni\u00f5es de pauta e brainstorm do Coletivo Nacional de Comunica\u00e7\u00e3o, a campanha estimular\u00e1 a uni\u00e3o da categoria na defesa dos direitos garantidos na sua Conven\u00e7\u00e3o Coletiva de Trabalho, mas tamb\u00e9m com possibilidade de atingir toda a sociedade, mostrando a import\u00e2ncia da organiza\u00e7\u00e3o e participa\u00e7\u00e3o dos trabalhadores na luta contra os ataques que est\u00e3o sofrendo\u201d, explicou Gerson Pereira, secret\u00e1rio de Comunica\u00e7\u00e3o da Confedera\u00e7\u00e3o Nacional dos Trabalhadores do Ramo Financeiro (Contraf-CUT).<\/p>\n<p>Com o conceito aprovado, as pe\u00e7as ser\u00e3o desenvolvidas e distribu\u00eddas \u00e0s federa\u00e7\u00f5es e sindicatos que comp\u00f5em o Comando Nacional dos Banc\u00e1rios. Em um primeiro momento ser\u00e3o distribu\u00eddas as pe\u00e7as da pr\u00e9-campanha e, ap\u00f3s a apresenta\u00e7\u00e3o na Confer\u00eancia Nacional dos Banc\u00e1rios, que ser\u00e1 realizada entre os dias 8 a 10 junho, ser\u00e3o disponibilizadas as artes da campanha.<\/p>\n<\/div>\n<p id=\"page-author\"><strong>Fonte: Contraf-CUT<\/strong><\/p>\n","protected":false},"excerpt":{"rendered":"<p>O Comando Nacional dos Banc\u00e1rios realizou uma reuni\u00e3o em videoconfer\u00eancia nesta ter\u00e7a-feira (15) e aprovou o slogan e a m\u00eddia da Campanha Nacional do Banc\u00e1rios 2018. \u201cDesenvolvida a partir das reuni\u00f5es de pauta e brainstorm do Coletivo Nacional de Comunica\u00e7\u00e3o, a campanha estimular\u00e1 a uni\u00e3o da categoria na defesa dos direitos garantidos na sua Conven\u00e7\u00e3o [&hellip;]<\/p>\n","protected":false},"author":2,"featured_media":4372,"comment_status":"","ping_status":"","sticky":false,"template":"","format":"standard","meta":{"footnotes":""},"categories":[3],"tags":[],"class_list":["post-4373","post","type-post","status-publish","format-standard","has-post-thumbnail","hentry","category-noticias"],"_links":{"self":[{"href":"https:\/\/hostnetart.com.br\/baixada\/wp-json\/wp\/v2\/posts\/4373","targetHints":{"allow":["GET"]}}],"collection":[{"href":"https:\/\/hostnetart.com.br\/baixada\/wp-json\/wp\/v2\/posts"}],"about":[{"href":"https:\/\/hostnetart.com.br\/baixada\/wp-json\/wp\/v2\/types\/post"}],"author":[{"embeddable":true,"href":"https:\/\/hostnetart.com.br\/baixada\/wp-json\/wp\/v2\/users\/2"}],"replies":[{"embeddable":true,"href":"https:\/\/hostnetart.com.br\/baixada\/wp-json\/wp\/v2\/comments?post=4373"}],"version-history":[{"count":0,"href":"https:\/\/hostnetart.com.br\/baixada\/wp-json\/wp\/v2\/posts\/4373\/revisions"}],"wp:featuredmedia":[{"embeddable":true,"href":"https:\/\/hostnetart.com.br\/baixada\/wp-json\/wp\/v2\/media\/4372"}],"wp:attachment":[{"href":"https:\/\/hostnetart.com.br\/baixada\/wp-json\/wp\/v2\/media?parent=4373"}],"wp:term":[{"taxonomy":"category","embeddable":true,"href":"https:\/\/hostnetart.com.br\/baixada\/wp-json\/wp\/v2\/categories?post=4373"},{"taxonomy":"post_tag","embeddable":true,"href":"https:\/\/hostnetart.com.br\/baixada\/wp-json\/wp\/v2\/tags?post=4373"}],"curies":[{"name":"wp","href":"https:\/\/api.w.org\/{rel}","templated":true}]}}