{"id":4371,"date":"2018-05-16T13:33:56","date_gmt":"2018-05-16T16:33:56","guid":{"rendered":"https:\/\/hostnetart.com.br\/baixada\/banrisul-comemora-aumento-do-lucro-liquido-do-trimestre-mas-nao-valoriza-banrisulenses\/"},"modified":"2018-05-16T13:33:56","modified_gmt":"2018-05-16T16:33:56","slug":"banrisul-comemora-aumento-do-lucro-liquido-do-trimestre-mas-nao-valoriza-banrisulenses","status":"publish","type":"post","link":"https:\/\/hostnetart.com.br\/baixada\/banrisul-comemora-aumento-do-lucro-liquido-do-trimestre-mas-nao-valoriza-banrisulenses\/","title":{"rendered":"Banrisul comemora aumento do lucro l\u00edquido do trimestre mas n\u00e3o valoriza banrisulenses"},"content":{"rendered":"<div class=\"content\">\n<p>Apesar de todos os ataques que o Banrisul vem sofrendo por parte do desgoverno de Jos\u00e9 Ivo Sartori nos \u00faltimos anos, com suspens\u00e3o de concursos, fechamento de ag\u00eancias, Plano de Aposentadoria Volunt\u00e1ria, fatiamento de ativos e a recente entrega de a\u00e7\u00f5es do banco a pre\u00e7o de banana (que est\u00e1 sendo investigada por v\u00e1rios \u00f3rg\u00e3os), a institui\u00e7\u00e3o financeira ga\u00facha teve um lucro l\u00edquido de R$ 244 milh\u00f5es no primeiro trimestre deste ano. O n\u00famero representa um crescimento de 89,8% em rela\u00e7\u00e3o ao mesmo per\u00edodo de 2017, quando o resultado foi de R$ 128, 5 milh\u00f5es.<\/p>\n<p><strong>Esfor\u00e7o dos banc\u00e1rios<\/strong><br \/> Conforme o balan\u00e7o da dire\u00e7\u00e3o do Banrisul, o avan\u00e7o se deve expans\u00e3o da margem financeira, menor fluxo de despesas de provis\u00e3o para cr\u00e9dito e com o crescimento de receitas de tarifas e servi\u00e7os. \u201cMas a avalia\u00e7\u00e3o da dire\u00e7\u00e3o do banco esquece de relacionar entre os motivos do crescimento o esfor\u00e7o dos banrisulenses\u201d, aponta o secret\u00e1rio-geral do SindBanc\u00e1rios, Luciano Fezner.<\/p>\n<p>Ele destaca que a rela\u00e7\u00e3o do atual governo estadual com o grande banco ga\u00facho sempre foi d\u00fabia. \u201cAo mesmo tempo em que usa recursos do banco para fazer frente a despesas e sal\u00e1rios, al\u00e9m dos altos dividendos pagos anualmente pelo Banrisul ao governo, por outro lado Sartori n\u00e3o desiste de tentar vender ou federalizar o banco\u201d, lembra o sindicalista.<\/p>\n<p><strong>Empresas p\u00fablicas na mira<\/strong><br \/> Dentro da l\u00f3gica privatista que marca sua administra\u00e7\u00e3o, o governador j\u00e1 deixou clara sua inten\u00e7\u00e3o de vender as grandes empresas p\u00fablicas ga\u00fachas \u2013 como CEEE, Sulg\u00e1s, Corsan, CRM e o Banrisul, considerado a \u201cj\u00f3ia da coroa\u201d do RS pelo mercado.<\/p>\n<p><strong>Resist\u00eancia<\/strong><br \/> Travado pela resist\u00eancia do SindBanc\u00e1rios, Fetrafi e demais sindicatos, Frente Parlamentar em Defesa do Banrisul P\u00fablico e setores da sociedade ga\u00facha, assim como pela necessidade de realizar um plebiscito sobre a privatiza\u00e7\u00e3o, o governo perdeu algumas batalhas na Assembleia Legislativa e na opini\u00e3o p\u00fablica.<\/p>\n<p><strong>RFF<\/strong><br \/> Mas Sartori ainda n\u00e3o desistiu de incluir o Banrisul no plano de ades\u00e3o ao Regime de Recupera\u00e7\u00e3o Fiscal (RFF) do governo federal, que trata da d\u00edvida do estado com a Uni\u00e3o, e seria uma solu\u00e7\u00e3o imediatista para seu desgoverno. De acordo com a proje\u00e7\u00e3o da Secretaria da Fazenda, isso representaria um \u201cal\u00edvio financeiro\u201d de R$ 11,3 bilh\u00f5es at\u00e9 2020.<\/p>\n<p><strong>Bola de neve da d\u00edvida<\/strong><br \/> A\u00a0ades\u00e3o ao tal regime prev\u00ea a suspens\u00e3o do pagamento das parcelas da d\u00edvida com a Uni\u00e3o pelo prazo de at\u00e9 36 meses, prorrog\u00e1vel pelo mesmo per\u00edodo.\u00a0\u00d3timo neg\u00f3cio para o final do governicho de Sartori, mas p\u00e9ssimo para o Rio Grande do Sul. Isto porque\u00a0durante estes tr\u00eas anos os juros da d\u00edvida continuariam a crescer. E\u00a0ao final do tri\u00eanio ter\u00e3o\u00a0virado uma imensa bola de neve.\u00a0Quer dizer, a renegocia\u00e7\u00e3o aumentar\u00e1 a d\u00edvida global do Estado, e ficar\u00edamos sem nossas estatais que geram dividendos. Falando claro: um bom neg\u00f3cio s\u00f3 para incompetente administra\u00e7\u00e3o de Sartori, mas um p\u00e9ssimo neg\u00f3cio para o RS e a popula\u00e7\u00e3o ga\u00facha.<\/p>\n<\/div>\n<p id=\"page-author\"><span style=\"text-decoration: underline;\"><em><strong>Fonte: Seeb Porto Alegre<\/strong><\/em><\/span><\/p>\n","protected":false},"excerpt":{"rendered":"<p>Apesar de todos os ataques que o Banrisul vem sofrendo por parte do desgoverno de Jos\u00e9 Ivo Sartori nos \u00faltimos anos, com suspens\u00e3o de concursos, fechamento de ag\u00eancias, Plano de Aposentadoria Volunt\u00e1ria, fatiamento de ativos e a recente entrega de a\u00e7\u00f5es do banco a pre\u00e7o de banana (que est\u00e1 sendo investigada por v\u00e1rios \u00f3rg\u00e3os), a [&hellip;]<\/p>\n","protected":false},"author":2,"featured_media":4370,"comment_status":"","ping_status":"","sticky":false,"template":"","format":"standard","meta":{"footnotes":""},"categories":[3],"tags":[],"class_list":["post-4371","post","type-post","status-publish","format-standard","has-post-thumbnail","hentry","category-noticias"],"_links":{"self":[{"href":"https:\/\/hostnetart.com.br\/baixada\/wp-json\/wp\/v2\/posts\/4371","targetHints":{"allow":["GET"]}}],"collection":[{"href":"https:\/\/hostnetart.com.br\/baixada\/wp-json\/wp\/v2\/posts"}],"about":[{"href":"https:\/\/hostnetart.com.br\/baixada\/wp-json\/wp\/v2\/types\/post"}],"author":[{"embeddable":true,"href":"https:\/\/hostnetart.com.br\/baixada\/wp-json\/wp\/v2\/users\/2"}],"replies":[{"embeddable":true,"href":"https:\/\/hostnetart.com.br\/baixada\/wp-json\/wp\/v2\/comments?post=4371"}],"version-history":[{"count":0,"href":"https:\/\/hostnetart.com.br\/baixada\/wp-json\/wp\/v2\/posts\/4371\/revisions"}],"wp:featuredmedia":[{"embeddable":true,"href":"https:\/\/hostnetart.com.br\/baixada\/wp-json\/wp\/v2\/media\/4370"}],"wp:attachment":[{"href":"https:\/\/hostnetart.com.br\/baixada\/wp-json\/wp\/v2\/media?parent=4371"}],"wp:term":[{"taxonomy":"category","embeddable":true,"href":"https:\/\/hostnetart.com.br\/baixada\/wp-json\/wp\/v2\/categories?post=4371"},{"taxonomy":"post_tag","embeddable":true,"href":"https:\/\/hostnetart.com.br\/baixada\/wp-json\/wp\/v2\/tags?post=4371"}],"curies":[{"name":"wp","href":"https:\/\/api.w.org\/{rel}","templated":true}]}}