{"id":4369,"date":"2018-05-15T17:28:45","date_gmt":"2018-05-15T20:28:45","guid":{"rendered":"https:\/\/hostnetart.com.br\/baixada\/saiba-como-o-pacote-do-veneno-pode-piorar-a-sua-vida\/"},"modified":"2018-05-15T17:28:45","modified_gmt":"2018-05-15T20:28:45","slug":"saiba-como-o-pacote-do-veneno-pode-piorar-a-sua-vida","status":"publish","type":"post","link":"https:\/\/hostnetart.com.br\/baixada\/saiba-como-o-pacote-do-veneno-pode-piorar-a-sua-vida\/","title":{"rendered":"Saiba como o &#8216;Pacote do Veneno&#8217; pode piorar a sua vida"},"content":{"rendered":"<p>No mundo inteiro ningu\u00e9m mais quer saber de agrot\u00f3xicos. Tanto que muitos pa\u00edses v\u00eam restringindo o uso, proibindo diversos produtos e dando prazo para o banimento de muitos outros. A Fran\u00e7a vai banir o glifosato, o mais vendido no planeta, porque pesquisas confi\u00e1veis mostram que a subst\u00e2ncia \u00e9 causadora de v\u00e1rios tipos de c\u00e2ncer. Fora outras doen\u00e7as graves. Os brasileiros tamb\u00e9m n\u00e3o querem mais.<\/p>\n<p>A procura por alimentos org\u00e2nicos \u00e9 crescente e o consumo s\u00f3 n\u00e3o \u00e9 maior porque a oferta ainda \u00e9 pequena. Com poucas feiras, a maioria localizada em regi\u00f5es mais nobres, e o pre\u00e7o maior que os comuns nos supermercados, a comida saud\u00e1vel, livre de venenos, ainda \u00e9 coisa de elite. Outra demonstra\u00e7\u00e3o do rep\u00fadio aos agroqu\u00edmicos \u00e9 a coleta de 100 mil assinaturas em apenas uma semana por meio da plataforma digital <a class=\"external-link\" title=\"\" href=\"http:\/\/www.chegadeagrotoxicos.org.br\" target=\"_blank\" rel=\"noopener noreferrer\">#ChegaDeAgrot\u00f3xicos<\/a>.<\/p>\n<p>Como muitos pa\u00edses est\u00e3o banindo esses produtos, os fabricantes querem aumentar as vendas no Brasil, que \u00e9 o maior mercado consumidor.\u00a0Para isso, encomendaram aos pol\u00edticos financiados por eles a revoga\u00e7\u00e3o da legisla\u00e7\u00e3o atual e a aprova\u00e7\u00e3o de uma nova, desenhada para facilitar o registro de novos produtos, inclusive perigosos e proibidos em outros pa\u00edses, aumentando assim as vendas.<\/p>\n<p>Essa mudan\u00e7a ser\u00e1 por um conjunto de 27 projetos de Lei apensados, que ganhou o apelido de &#8220;Pacote do Veneno&#8221;, e que acabou compilado em um substitutivo do deputado ruralista Luiz Nishimori (PR-PR), relator da comiss\u00e3o especial criada para analisar os projetos. O substitutivo deve ser votado nesta quarta-feira (16), em reuni\u00e3o da comiss\u00e3o, onde os ruralistas s\u00e3o maioria. Se for aprovado, segue para o plen\u00e1rio, com enormes chances de aprova\u00e7\u00e3o. A bancada ruralista, diretamente interessada, \u00e9 maioria tamb\u00e9m no Congresso.<\/p>\n<dl class=\"image-left captioned\" style=\"width: 360px;\">\n<dt><span class=\"tile-rights\">#Chegadeagrot\u00f3xicos<\/span> <a href=\"http:\/\/www.redebrasilatual.com.br\/saude\/2018\/05\/saiba-como-o-pacote-do-veneno-pode-piorar-a-sua-vida\/diga-nao-ao-pacote-do-veneno.jpg\" rel=\"lightbox\"><img fetchpriority=\"high\" decoding=\"async\" class=\" lazyloaded\" title=\"Diga n\u00e3o ao pacote do veneno\" src=\"http:\/\/www.redebrasilatual.com.br\/saude\/2018\/05\/saiba-como-o-pacote-do-veneno-pode-piorar-a-sua-vida\/diga-nao-ao-pacote-do-veneno.jpg\/@@images\/8750cb71-5080-4f07-ac6a-f88f173fb4d0.jpeg\" alt=\"Diga n\u00e3o ao pacote do veneno\" width=\"360\" height=\"352\" data-src=\"http:\/\/www.redebrasilatual.com.br\/saude\/2018\/05\/saiba-como-o-pacote-do-veneno-pode-piorar-a-sua-vida\/diga-nao-ao-pacote-do-veneno.jpg\/@@images\/8750cb71-5080-4f07-ac6a-f88f173fb4d0.jpeg\" \/><\/a><\/dt>\n<dd class=\"image-caption\" style=\"width: 360px;\">Plataforma #ChegaDeAgrot\u00f3xicos coletou 100 mil assinaturas em uma semana<\/dd>\n<\/dl>\n<h3>Mais venenos<\/h3>\n<p>O Brasil \u00e9 o maior consumidor de agrot\u00f3xicos do mundo. Se fosse dividir o total consumido pelo n\u00famero de habitantes, daria perto de sete litros para cada um todo ano. A tend\u00eancia \u00e9 de aumentar muito mais esse consumo, j\u00e1 que todas as regras ser\u00e3o modificadas justamente para acelerar o registro e aumentar as vendas. O pacote permite a aprova\u00e7\u00e3o de novos produtos com base em estudos realizados em outros pa\u00edses, apesar das diferen\u00e7as entre as condi\u00e7\u00f5es ambientais. Por outro lado, n\u00e3o pro\u00edbe aqui o que foi proibido em outros pa\u00edses. Por mais liberdade de a\u00e7\u00e3o, o pacote retira o Minist\u00e9rio do Meio Ambiente e o da Sa\u00fade, por meio do Ibama e da Anvisa, da edi\u00e7\u00e3o ou propositura de normas, inclusive o processo de reavalia\u00e7\u00e3o. Tudo isso passa a ser controlado pelo Minist\u00e9rio da Agricultura, cujo ministro, Blairo Maggi, \u00e9 autor de um dos projetos de lei que comp\u00f5em o pacote. A avalia\u00e7\u00e3o sobre quest\u00f5es toxicol\u00f3gicas e ecotoxicol\u00f3gicas e o monitoramento da quantidade de res\u00edduos de agrot\u00f3xicos nos alimentos, tamb\u00e9m deixam de ser responsabilidade da Anvisa. Se atualmente a quantidade de res\u00edduos encontrada j\u00e1 \u00e9 muito maior do que a permitida por lei, imagine quando o pa\u00eds aumentar ainda mais o uso desses produtos.<\/p>\n<h3>Mais intoxica\u00e7\u00f5es<\/h3>\n<p>A aus\u00eancia da Anvisa em processos de avalia\u00e7\u00e3o e reavalia\u00e7\u00e3o toxicol\u00f3gica, e a possibilidade de registro e comercializa\u00e7\u00e3o de produtos ainda mais perigosos devem aumentar o risco de popula\u00e7\u00f5es de trabalhadores da agricultura. Moradores de \u00e1reas rurais, alunos de escolas rurais pulverizadas, animais, todos estar\u00e3o ainda mais expostos. Mesmo na cidade, ser\u00e3o afetados consumidores de \u00e1gua contaminada e de alimentos banhados com esses produtos.<\/p>\n<h3>Futuro intoxicado<\/h3>\n<p>A sa\u00fade de futuras gera\u00e7\u00f5es estar\u00e1 seriamente comprometida. Muitas crian\u00e7as ser\u00e3o envenenadas, inclusive aquelas que ainda nem nasceram. No \u00fatero de suas m\u00e3es j\u00e1 estar\u00e3o recebendo part\u00edculas de agrot\u00f3xicos, principalmente agricultoras. Isso porque o trabalho de gestantes em ambientes insalubres, como em meio a pulveriza\u00e7\u00f5es, passaram a ser permitidos pela reforma trabalhista do governo de Michel Temer, que agora trabalha pela aprova\u00e7\u00e3o do pacote.<\/p>\n<h3>Perigo ocultado<\/h3>\n<p class=\" \">O perigo dos agrot\u00f3xicos ser\u00e1 escondido da popula\u00e7\u00e3o, conforme o pacote. Mudan\u00e7as na rotulagem dever\u00e3o excluir a caveira, que mesmo crian\u00e7as e pessoas sem leitura conseguem associar \u00e0 ideia de um produto perigoso e mortal. E o nome agrot\u00f3xico, que consta inclusive da Constitui\u00e7\u00e3o federal, ser\u00e1 substitu\u00eddo por \u201cdefensivo fitossanit\u00e1rio\u201d. Um nome pomposo para tentar esconder a toxicidade \u00e9 uma caracter\u00edstica inerente \u00e0 grande maioria dos produtos destinados ao controle de pragas.\u00a0Com esses produtos altamente t\u00f3xicos passando a ser tratados como meros insumos agr\u00edcolas, a perspectiva \u00e9 de, no m\u00ednimo, o aumento de ingest\u00f5es acidentais de subst\u00e2ncias altamente perigosas e mortais.<\/p>\n<h3>Trabalho mortal<\/h3>\n<p>A mistura de diversos produtos t\u00f3xicos \u2013 a chamada calda \u2013 que \u00e9 feita hoje em diversas propriedades \u00e0 revelia da lei, ser\u00e1 legalizada. O grande problema \u00e9 que a mistura de determinadas composi\u00e7\u00f5es qu\u00edmicas pode resultar em novas formula\u00e7\u00f5es que n\u00e3o foram testadas pelos \u00f3rg\u00e3os reguladores. \u00c9 poss\u00edvel que os trabalhadores sejam expostos a altos graus de toxidade n\u00e3o identificados, o que viola o princ\u00edpio da precau\u00e7\u00e3o.<\/p>\n<dl class=\"image-right captioned\" style=\"width: 360px;\">\n<dt><span class=\"tile-rights\">Sem Abelha sem alimento<\/span> <a href=\"http:\/\/www.redebrasilatual.com.br\/saude\/2018\/05\/saiba-como-o-pacote-do-veneno-pode-piorar-a-sua-vida\/abelhas-mortas.jpg\" rel=\"lightbox\"><img decoding=\"async\" class=\" lazyloaded\" title=\"abelhas mortas\" src=\"http:\/\/www.redebrasilatual.com.br\/saude\/2018\/05\/saiba-como-o-pacote-do-veneno-pode-piorar-a-sua-vida\/abelhas-mortas.jpg\/@@images\/c75fc3cf-c1f8-4df1-b51a-c00de0c987fd.jpeg\" alt=\"abelhas mortas\" width=\"360\" height=\"264\" data-src=\"http:\/\/www.redebrasilatual.com.br\/saude\/2018\/05\/saiba-como-o-pacote-do-veneno-pode-piorar-a-sua-vida\/abelhas-mortas.jpg\/@@images\/c75fc3cf-c1f8-4df1-b51a-c00de0c987fd.jpeg\" \/><\/a><\/dt>\n<dd class=\"image-caption\" style=\"width: 360px;\">Os agrot\u00f3xicos est\u00e3o associados ao desaparecimento das abelhas, respons\u00e1veis pela reprodu\u00e7\u00e3o de mais de 70% das esp\u00e9cies vegetais<\/dd>\n<\/dl>\n<h3>Nefasto<\/h3>\n<p>O pacote prop\u00f5e a avalia\u00e7\u00e3o do risco pelas pr\u00f3prias empresas interessadas no registro de agrot\u00f3xicos que revelem caracter\u00edsticas teratog\u00eanicas, carcinog\u00eanicas ou mutag\u00eanicas, que provoquem dist\u00farbios hormonais ou danos ao aparelho reprodutor. Isso \u00e9 praticamente o mesmo que dizer que ser\u00e1 permitido o registro de agrot\u00f3xicos, seus componentes e afins mesmo que contenham subst\u00e2ncias que, segundo estudos, t\u00eam capacidade de causar muta\u00e7\u00f5es celulares que levem a malforma\u00e7\u00f5es fetais e c\u00e2ncer. Pela lei atual, a \u201cidentifica\u00e7\u00e3o do perigo\u201d em causar muta\u00e7\u00f5es e c\u00e2ncer \u00e9 suficiente para impedir o registro. A exposi\u00e7\u00e3o aos agrot\u00f3xicos causa ainda intoxica\u00e7\u00f5es agudas e cr\u00f4nicas, que levam \u00e0 infertilidade, impot\u00eancia sexual, aborto, danos ao sistema nervoso central, como dist\u00farbios cognitivos e comportamentais, e desregula\u00e7\u00e3o hormonal com impacto no crescimento e desenvolvimento de crian\u00e7as e adolescentes.<\/p>\n<h3>Vida em risco<\/h3>\n<p>O meio ambiente tamb\u00e9m ser\u00e1 duramente afetado. O aumento do uso de agrot\u00f3xicos tem levado ao desaparecimento de abelhas, que participam da poliniza\u00e7\u00e3o de mais de 70% das esp\u00e9cies vegetais. Sem abelhas, a reprodu\u00e7\u00e3o da flora e a produ\u00e7\u00e3o de alimentos s\u00e3o duramente prejudicadas.\u00a0O pacote n\u00e3o define os fundamentos do gerenciamento de risco, como mitiga\u00e7\u00e3o e controle. Essa preval\u00eancia do interesse econ\u00f4mico ou pol\u00edtico em detrimento da seguran\u00e7a ao ser humano e ao meio ambiente contraria a Constitui\u00e7\u00e3o, segundo a qual \u00e9 do Poder P\u00fablico o exerc\u00edcio do controle sobre a produ\u00e7\u00e3o, a comercializa\u00e7\u00e3o e o emprego de t\u00e9cnicas, m\u00e9todos e subst\u00e2ncias que comportem risco para a vida, a qualidade de vida e o meio ambiente. Ou seja, o controle desses produtos pelo Poder P\u00fablico deve ter por finalidade primordial a prote\u00e7\u00e3o da vida, da qualidade de vida e do meio ambiente. Por isso o Ibama destaca em parecer: &#8220;N\u00e3o pode o Estado renunciar aos seus mecanismos de avalia\u00e7\u00e3o e controle pr\u00e9vio de subst\u00e2ncias nocivas ao meio ambiente contentando-se apenas como o ato homologat\u00f3rio de uma avalia\u00e7\u00e3o conduzida pelo particular, distante do interesse p\u00fablico&#8221;.<\/p>\n<h3>Pragas futuras<\/h3>\n<p>O pacote legaliza o \u201creceitu\u00e1rio de gaveta\u201d. \u00c9 como se o agr\u00f4nomo tivesse uma bola de cristal onde enxergar uma praga que no futuro poderia vir a afetar a lavoura e prescreve agrot\u00f3xicos \u201cde maneira preventiva\u201d. Ou se o m\u00e9dico receitasse um medicamento, sem exames, para um paciente que n\u00e3o conhece e que ainda nem ficou doente. Com isso o agricultor fica livre para comprar agrot\u00f3xicos \u00e0 vontade e contaminar o solo e a \u00e1gua por muito mais tempo.<\/p>\n<h3>Menos sa\u00fade, menos educa\u00e7\u00e3o<\/h3>\n<p>O pacote trar\u00e1 ainda mais preju\u00edzos aos cofres p\u00fablicos. Historicamente subfinanciado, o SUS passar\u00e1 a ter gastos ainda maiores s\u00f3 com as doen\u00e7as causadas pelo uso de agrot\u00f3xicos mais perigosos. A Previd\u00eancia tamb\u00e9m ter\u00e1 mais gastos extras com aposentadorias por invalidez e, para compensar, o governo ter\u00e1 de tirar recursos de outras \u00e1reas, como educa\u00e7\u00e3o e meio ambiente, por exemplo. Outra perversidade do pacote \u00e9 que, ao mesmo tempo que imp\u00f5e perdas ao pa\u00eds, \u00e0 sa\u00fade e ao meio ambiente, vai ampliar os lucros das empresas que contam ainda com os incentivos fiscais do pr\u00f3prio governo. H\u00e1 estimativas de que o pa\u00eds perca todo ano, por baixo, R$ 1,3 bilh\u00e3o. S\u00f3 em S\u00e3o Paulo, em 2015, a ren\u00fancia fiscal foi de R$ 1,2 bilh\u00e3o. Ou seja, o setor recebe do estado para envenenar seu povo.\u00a0Uma outra distor\u00e7\u00e3o do pacote, inconstitucional, \u00e9 alterar o Pacto Federativo. Mesmo que estados, munic\u00edpios e o Distrito Federal queiram fazer legisla\u00e7\u00e3o pr\u00f3pria para garantir prote\u00e7\u00e3o \u00e0 sua popula\u00e7\u00e3o, n\u00e3o poder\u00e3o.<\/p>\n<p><strong>Fontes<\/strong>: <a class=\"external-link\" title=\"\" href=\"https:\/\/pt.scribd.com\/document\/379230415\/ANVISA-0202694-Nota-Tecnica-Da-Dicol-1\" target=\"_blank\" rel=\"noopener noreferrer\">Ag\u00eancia Nacional de Vigil\u00e2ncia Sanit\u00e1ria (Anvisa)<\/a>, <a class=\"external-link\" title=\"\" href=\"http:\/\/www2.inca.gov.br\/wps\/wcm\/connect\/agencianoticias\/site\/home\/noticias\/2018\/conheca-posicionamento-inca-sobre-pl-tenta-alterar-lei-dos-agrotoxicos\" target=\"_blank\" rel=\"noopener noreferrer\">Instituto Nacional do C\u00e2ncer Jos\u00e9 Alencar Gomes da Silva (Inca)<\/a>, <a class=\"external-link\" title=\"\" href=\"https:\/\/pt.scribd.com\/document\/379230857\/SEI-02000-000406-2016-93-1-1\" target=\"_blank\" rel=\"noopener noreferrer\">Instituto Brasileiro do Meio Ambiente e dos Recursos Naturais Renov\u00e1veis (Ibama)<\/a> e <a class=\"external-link\" title=\"\" href=\"https:\/\/pt.scribd.com\/document\/379230707\/Parecer-Pacote-Do-Veneno-10-de-Maio-de-2018-1\" target=\"_blank\" rel=\"noopener noreferrer\">Cleber Adriano Rodrigues Folgado<\/a>, integrante do\u00a0Membro do F\u00f3rum Nacional de Combate aos Impactos dos Agrot\u00f3xicos e Transg\u00eanicos.<\/p>\n","protected":false},"excerpt":{"rendered":"<p>No mundo inteiro ningu\u00e9m mais quer saber de agrot\u00f3xicos. Tanto que muitos pa\u00edses v\u00eam restringindo o uso, proibindo diversos produtos e dando prazo para o banimento de muitos outros. A Fran\u00e7a vai banir o glifosato, o mais vendido no planeta, porque pesquisas confi\u00e1veis mostram que a subst\u00e2ncia \u00e9 causadora de v\u00e1rios tipos de c\u00e2ncer. Fora [&hellip;]<\/p>\n","protected":false},"author":2,"featured_media":4368,"comment_status":"","ping_status":"","sticky":false,"template":"","format":"standard","meta":{"footnotes":""},"categories":[3],"tags":[],"class_list":["post-4369","post","type-post","status-publish","format-standard","has-post-thumbnail","hentry","category-noticias"],"_links":{"self":[{"href":"https:\/\/hostnetart.com.br\/baixada\/wp-json\/wp\/v2\/posts\/4369","targetHints":{"allow":["GET"]}}],"collection":[{"href":"https:\/\/hostnetart.com.br\/baixada\/wp-json\/wp\/v2\/posts"}],"about":[{"href":"https:\/\/hostnetart.com.br\/baixada\/wp-json\/wp\/v2\/types\/post"}],"author":[{"embeddable":true,"href":"https:\/\/hostnetart.com.br\/baixada\/wp-json\/wp\/v2\/users\/2"}],"replies":[{"embeddable":true,"href":"https:\/\/hostnetart.com.br\/baixada\/wp-json\/wp\/v2\/comments?post=4369"}],"version-history":[{"count":0,"href":"https:\/\/hostnetart.com.br\/baixada\/wp-json\/wp\/v2\/posts\/4369\/revisions"}],"wp:featuredmedia":[{"embeddable":true,"href":"https:\/\/hostnetart.com.br\/baixada\/wp-json\/wp\/v2\/media\/4368"}],"wp:attachment":[{"href":"https:\/\/hostnetart.com.br\/baixada\/wp-json\/wp\/v2\/media?parent=4369"}],"wp:term":[{"taxonomy":"category","embeddable":true,"href":"https:\/\/hostnetart.com.br\/baixada\/wp-json\/wp\/v2\/categories?post=4369"},{"taxonomy":"post_tag","embeddable":true,"href":"https:\/\/hostnetart.com.br\/baixada\/wp-json\/wp\/v2\/tags?post=4369"}],"curies":[{"name":"wp","href":"https:\/\/api.w.org\/{rel}","templated":true}]}}