{"id":4367,"date":"2018-05-15T17:26:54","date_gmt":"2018-05-15T20:26:54","guid":{"rendered":"https:\/\/hostnetart.com.br\/baixada\/igualdade-salarial-entre-homens-e-mulheres-aumentaria-pib-em-3-3\/"},"modified":"2018-05-15T17:26:54","modified_gmt":"2018-05-15T20:26:54","slug":"igualdade-salarial-entre-homens-e-mulheres-aumentaria-pib-em-3-3","status":"publish","type":"post","link":"https:\/\/hostnetart.com.br\/baixada\/igualdade-salarial-entre-homens-e-mulheres-aumentaria-pib-em-3-3\/","title":{"rendered":"Igualdade salarial entre homens e mulheres aumentaria PIB em 3,3%"},"content":{"rendered":"<div class=\"content\">\n<p>O estudo Mulheres, Empresas e o Direito 2018: Igualdade de G\u00eanero e inclus\u00e3o econ\u00f4mica, divulgado na segunda-feira (14) pelo Banco Mundial, na sede da Funda\u00e7\u00e3o Getulio Vargas (FGV), no Rio de Janeiro, aponta que reduzir a diferen\u00e7a salarial entre homens e mulheres aumentaria o Produto Interno Bruto (PIB \u2013 a soma de todas os bens e servi\u00e7os produzidos no pa\u00eds) em 3,3%, o equivalente a R$ 382 bilh\u00f5es.<\/p>\n<p>O estudo analisou o impacto da legisla\u00e7\u00e3o na inclus\u00e3o econ\u00f4mica das mulheres e foi desenvolvido para estimular reformas legislativas e a ado\u00e7\u00e3o de pol\u00edticas p\u00fablicas que promovam maior igualdade de g\u00eanero.<\/p>\n<p>Nesta quinta edi\u00e7\u00e3o do estudo, foram analisados 189 pa\u00edses. Segundo o estudo, no Brasil, apesar dos avan\u00e7os obtidos nos \u00faltimos 10 anos, \u201cainda h\u00e1 leis que impedem a plena participa\u00e7\u00e3o econ\u00f4mica das mulheres&#8221;, mas foram destacados como pontos fortes o fato de n\u00e3o haver limita\u00e7\u00f5es \u00e0 capacidade jur\u00eddica das mulheres, ou \u00e0 liberdade de movimento, ou de direitos iguais \u00e0 propriedade e heran\u00e7a que possam afetar sua inclus\u00e3o econ\u00f4mica.<\/p>\n<p>Em contrapartida, o documento destaca como pontos fracos a lei n\u00e3o prever licen\u00e7a parental, igualdade de remunera\u00e7\u00e3o para o trabalho masculino e feminino, trabalho dos pais em regime flex\u00edvel, discrimina\u00e7\u00e3o com base no g\u00eanero ou no estado civil para o acesso ao cr\u00e9dito. Segundo o relat\u00f3rio, isso \u201cdesfavorece o empreendedorismo feminino\u201d.<\/p>\n<p><strong>Abismo racial<\/strong><br \/> Para Paula Tavares, especialista em g\u00eanero do Banco Mundial, que apresentou o documento e participou de debate com professores da FGV ligados ao tema e estudiosos do assunto a quest\u00e3o das diferen\u00e7as salariais, a quest\u00e3o torna-se ainda mais grave quando \u00e9 analisada sob o ponto de vista racial, caso em que a mulher se torna \u201cainda mais vulner\u00e1vel\u201d.<\/p>\n<p>\u201cEntendo que em todos os pa\u00edses do mundo, e principalmente no Brasil, a quest\u00e3o da ra\u00e7a ainda \u00e9 um elemento que torna a mulher mais vulner\u00e1vel. No Brasil, por exemplo, a renda m\u00e9dia da mulher \u00e9 equivalente a cerca de 75% da renda do homem para cargos equivalentes. Mas, no caso da mulher negra, essa diferen\u00e7a aumenta e chega a 50% do sal\u00e1rio dos homens. H\u00e1 uma necessidade importante de lidar com essa quest\u00e3o\u201d, ressaltou.<\/p>\n<p>A especialista do Banco Mundial disse ainda que o estudo mostra que apenas 8% das mulheres ocupam cargos de lideran\u00e7as nas empresas do pa\u00eds, principalmente quando os cargos s\u00e3o no setor de administra\u00e7\u00e3o &#8211; que \u00e9 o mais alto posto. \u201cUma das medidas para combater essa quest\u00e3o seria a ado\u00e7\u00e3o de cotas. No Canad\u00e1, por exemplo, h\u00e1 cinco anos foi adotada essa medida, para fomentar a participa\u00e7\u00e3o das mulheres nos conselhos das empresas e, em mais ou menos quatro anos, o pa\u00eds conseguiu aumentar a participa\u00e7\u00e3o de 18% para 25%.\u201d<\/p>\n<p><ins><strong><a href=\"http:\/\/busca.ebc.com.br\/?site_id=agenciabrasil&amp;q=igualdade+salarial\" target=\"_blank\" rel=\"noopener noreferrer\">As informa\u00e7\u00f5es<\/a><\/strong><\/ins> s\u00e3o da Ag\u00eancia Brasil.<\/p>\n<\/div>\n<p id=\"page-author\"><span style=\"text-decoration: underline;\"><em><strong>Fonte: Contraf-CUT, com informa\u00e7\u00f5es da Ag\u00eancia Brasil<\/strong><\/em><\/span><\/p>\n","protected":false},"excerpt":{"rendered":"<p>O estudo Mulheres, Empresas e o Direito 2018: Igualdade de G\u00eanero e inclus\u00e3o econ\u00f4mica, divulgado na segunda-feira (14) pelo Banco Mundial, na sede da Funda\u00e7\u00e3o Getulio Vargas (FGV), no Rio de Janeiro, aponta que reduzir a diferen\u00e7a salarial entre homens e mulheres aumentaria o Produto Interno Bruto (PIB \u2013 a soma de todas os bens [&hellip;]<\/p>\n","protected":false},"author":2,"featured_media":4366,"comment_status":"","ping_status":"","sticky":false,"template":"","format":"standard","meta":{"footnotes":""},"categories":[3],"tags":[],"class_list":["post-4367","post","type-post","status-publish","format-standard","has-post-thumbnail","hentry","category-noticias"],"_links":{"self":[{"href":"https:\/\/hostnetart.com.br\/baixada\/wp-json\/wp\/v2\/posts\/4367","targetHints":{"allow":["GET"]}}],"collection":[{"href":"https:\/\/hostnetart.com.br\/baixada\/wp-json\/wp\/v2\/posts"}],"about":[{"href":"https:\/\/hostnetart.com.br\/baixada\/wp-json\/wp\/v2\/types\/post"}],"author":[{"embeddable":true,"href":"https:\/\/hostnetart.com.br\/baixada\/wp-json\/wp\/v2\/users\/2"}],"replies":[{"embeddable":true,"href":"https:\/\/hostnetart.com.br\/baixada\/wp-json\/wp\/v2\/comments?post=4367"}],"version-history":[{"count":0,"href":"https:\/\/hostnetart.com.br\/baixada\/wp-json\/wp\/v2\/posts\/4367\/revisions"}],"wp:featuredmedia":[{"embeddable":true,"href":"https:\/\/hostnetart.com.br\/baixada\/wp-json\/wp\/v2\/media\/4366"}],"wp:attachment":[{"href":"https:\/\/hostnetart.com.br\/baixada\/wp-json\/wp\/v2\/media?parent=4367"}],"wp:term":[{"taxonomy":"category","embeddable":true,"href":"https:\/\/hostnetart.com.br\/baixada\/wp-json\/wp\/v2\/categories?post=4367"},{"taxonomy":"post_tag","embeddable":true,"href":"https:\/\/hostnetart.com.br\/baixada\/wp-json\/wp\/v2\/tags?post=4367"}],"curies":[{"name":"wp","href":"https:\/\/api.w.org\/{rel}","templated":true}]}}