{"id":4363,"date":"2018-05-15T17:24:53","date_gmt":"2018-05-15T20:24:53","guid":{"rendered":"https:\/\/hostnetart.com.br\/baixada\/financiarios-entregam-minuta-de-reivindicacoes-a-fenacrefi\/"},"modified":"2018-05-15T17:24:53","modified_gmt":"2018-05-15T20:24:53","slug":"financiarios-entregam-minuta-de-reivindicacoes-a-fenacrefi","status":"publish","type":"post","link":"https:\/\/hostnetart.com.br\/baixada\/financiarios-entregam-minuta-de-reivindicacoes-a-fenacrefi\/","title":{"rendered":"Financi\u00e1rios entregam minuta de reivindica\u00e7\u00f5es \u00e0 Fenacrefi"},"content":{"rendered":"<div class=\"content\">\n<p>Os financi\u00e1rios entregaram, na manh\u00e3 desta ter\u00e7a-feira (15), a Minuta de Reivindica\u00e7\u00f5es da Campanha Nacional 2018 \u00e0 Federa\u00e7\u00e3o Interestadual das Institui\u00e7\u00f5es de Cr\u00e9dito, Financiamento e Investimento (Fenacrefi), na sede da entidade patronal, em S\u00e3o Paulo. O documento entregue foi aprovado durante a 3\u00ba Confer\u00eancia Nacional dos Financi\u00e1rios, realizado no in\u00edcio de maio.<\/p>\n<p>\u201cEssa ser\u00e1 a primeira mesa de negocia\u00e7\u00e3o que acontece depois da aprova\u00e7\u00e3o da Reforma Trabalhista, que impacta diretamente em in\u00fameros direitos dos trabalhadores\u201d, lembrou a presidenta da Contraf-CUT, Juvandia Moreira. \u201cPor isso, \u00e9 importante garantirmos que a Conven\u00e7\u00e3o Coletiva de Trabalho (CCT) valha para todos e que a cl\u00e1usula da Ultratividade seja mantida, para que os trabalhadores tenham seus direitos protegidos caso a negocia\u00e7\u00e3o se estenda para depois da data-base, que \u00e9 1\u00ba de junho\u201d, completou ela, que \u00e9 uma das coordenadoras do Comando Nacional dos Banc\u00e1rios.<\/p>\n<p>\u201cNessa negocia\u00e7\u00e3o temos total disposi\u00e7\u00e3o para negociarmos e avan\u00e7armos em v\u00e1rios aspectos espec\u00edficos dos financi\u00e1rios\u201d, garantiu Ivone Silva, presidenta do Sindicato dos Bancarios de S\u00e3o Paulo e uma das coordenadoras do Comando Nacional.<\/p>\n<p>Para Jair Alves, coordenador do coletivo dos financi\u00e1rios, a presen\u00e7a da coordena\u00e7\u00e3o do Comando Nacional na entrega da minuta mostra a importante desta negocia\u00e7\u00e3o. \u201cPor isso cobramos o fechamento de uma agenda de negocia\u00e7\u00f5es para finalizarmos o mais r\u00e1pido poss\u00edvel uma campanha vitoriosa para os financi\u00e1rios.\u201d<\/p>\n<p>A Fenacrefi se comprometeu a enviar uma proposta de calend\u00e1rio de negocia\u00e7\u00f5es para avalia\u00e7\u00e3o dos representantes dos trabalhadores, no pr\u00f3ximo dia 23.<\/p>\n<\/div>\n<p id=\"page-author\"><strong>Fonte: Contraf-CUT<\/strong><\/p>\n","protected":false},"excerpt":{"rendered":"<p>Os financi\u00e1rios entregaram, na manh\u00e3 desta ter\u00e7a-feira (15), a Minuta de Reivindica\u00e7\u00f5es da Campanha Nacional 2018 \u00e0 Federa\u00e7\u00e3o Interestadual das Institui\u00e7\u00f5es de Cr\u00e9dito, Financiamento e Investimento (Fenacrefi), na sede da entidade patronal, em S\u00e3o Paulo. O documento entregue foi aprovado durante a 3\u00ba Confer\u00eancia Nacional dos Financi\u00e1rios, realizado no in\u00edcio de maio. \u201cEssa ser\u00e1 a [&hellip;]<\/p>\n","protected":false},"author":2,"featured_media":4362,"comment_status":"","ping_status":"","sticky":false,"template":"","format":"standard","meta":{"footnotes":""},"categories":[3],"tags":[],"class_list":["post-4363","post","type-post","status-publish","format-standard","has-post-thumbnail","hentry","category-noticias"],"_links":{"self":[{"href":"https:\/\/hostnetart.com.br\/baixada\/wp-json\/wp\/v2\/posts\/4363","targetHints":{"allow":["GET"]}}],"collection":[{"href":"https:\/\/hostnetart.com.br\/baixada\/wp-json\/wp\/v2\/posts"}],"about":[{"href":"https:\/\/hostnetart.com.br\/baixada\/wp-json\/wp\/v2\/types\/post"}],"author":[{"embeddable":true,"href":"https:\/\/hostnetart.com.br\/baixada\/wp-json\/wp\/v2\/users\/2"}],"replies":[{"embeddable":true,"href":"https:\/\/hostnetart.com.br\/baixada\/wp-json\/wp\/v2\/comments?post=4363"}],"version-history":[{"count":0,"href":"https:\/\/hostnetart.com.br\/baixada\/wp-json\/wp\/v2\/posts\/4363\/revisions"}],"wp:featuredmedia":[{"embeddable":true,"href":"https:\/\/hostnetart.com.br\/baixada\/wp-json\/wp\/v2\/media\/4362"}],"wp:attachment":[{"href":"https:\/\/hostnetart.com.br\/baixada\/wp-json\/wp\/v2\/media?parent=4363"}],"wp:term":[{"taxonomy":"category","embeddable":true,"href":"https:\/\/hostnetart.com.br\/baixada\/wp-json\/wp\/v2\/categories?post=4363"},{"taxonomy":"post_tag","embeddable":true,"href":"https:\/\/hostnetart.com.br\/baixada\/wp-json\/wp\/v2\/tags?post=4363"}],"curies":[{"name":"wp","href":"https:\/\/api.w.org\/{rel}","templated":true}]}}