{"id":4361,"date":"2018-05-15T17:23:51","date_gmt":"2018-05-15T20:23:51","guid":{"rendered":"https:\/\/hostnetart.com.br\/baixada\/pacto-nacional-contra-homofobia-sera-assinado-nesta-quarta-feira-16\/"},"modified":"2018-05-15T17:23:51","modified_gmt":"2018-05-15T20:23:51","slug":"pacto-nacional-contra-homofobia-sera-assinado-nesta-quarta-feira-16","status":"publish","type":"post","link":"https:\/\/hostnetart.com.br\/baixada\/pacto-nacional-contra-homofobia-sera-assinado-nesta-quarta-feira-16\/","title":{"rendered":"Pacto nacional contra homofobia ser\u00e1 assinado nesta quarta-feira (16)"},"content":{"rendered":"<div class=\"content\">\n<p>Na quarta-feira (16), estados, Distrito Federal e o governo federal assinar\u00e3o o Pacto Nacional de Enfrentamento \u00e0 Viol\u00eancia LGBTf\u00f3bica. O documento tem como proposta promover e articular a\u00e7\u00f5es que combatam \u00e0 viol\u00eancia, priorizando o respeito \u00e0 dignidade e diversidade humana.<\/p>\n<p>No pacto, estas esferas de governo assumem em conjunto o compromisso de enfrentar a viol\u00eancia LGBTf\u00f3bica. As 27 unidades da Federa\u00e7\u00e3o puderam opinar e trazer informa\u00e7\u00f5es para elabora\u00e7\u00e3o do documento. Uma consultoria especializada, via Na\u00e7\u00f5es Unidas, foi contratada e fez visitas t\u00e9cnicas a cada uma delas.<\/p>\n<p>Segundo a diretora de Promo\u00e7\u00e3o dos Direitos LGBTI do Minist\u00e9rio dos Direitos Humanos, Marina Reidel, a medida \u201cvisa unir esfor\u00e7os em todo territ\u00f3rio brasileiro no combate \u00e0 viol\u00eancia\u201d<\/p>\n<p>Uma das demandas apresentadas pelos estados \u00e9 a destina\u00e7\u00e3o de recursos para a execu\u00e7\u00e3o das a\u00e7\u00f5es. Com isso, o ministro assinar\u00e1 um edital para sele\u00e7\u00e3o de propostas de a\u00e7\u00f5es de enfrentamento \u00e0 viol\u00eancia LGBTf\u00f3bica, que ser\u00e3o financiadas pela da Secretaria Nacional de Cidadania do Minist\u00e9rio dos Direitos Humanos, por meio de conv\u00eanio.<\/p>\n<p><strong>Semana de Luta contra LGBTfobia<\/strong><br \/> A assinatura do pacto faz parte da Semana de Luta contra LGBTfobia, promovida pelo Minist\u00e9rio dos Direitos Humanos promove at\u00e9 sexta-feira (18), como uma busca pelo fim da viol\u00eancia contra o p\u00fablico LGBTI.<\/p>\n<p>Em 2017, o Disque 100, do Minist\u00e9rio dos Direitos Humanos, recebeu 1.720 den\u00fancias de viola\u00e7\u00f5es contra l\u00e9sbicas, <em>gays<\/em>, bissexuais, travestis e transexuais. Do total, 70,8% foram por discrimina\u00e7\u00e3o. Na sequ\u00eancia, aparecem viol\u00eancias psicol\u00f3gicas e f\u00edsicas, com 53,3% e 31,8%, respectivamente.<\/p>\n<p>As atividades marcam tamb\u00e9m o Dia Internacional de Combate \u00e0 Homofobia, lembrado no dia 17 de maio. A data foi escolhida em 1990, quando a Organiza\u00e7\u00e3o Mundial de Sa\u00fade (OMS) retirou a palavra homossexualismo da Classifica\u00e7\u00e3o Estat\u00edstica Internacional (CID). A decis\u00e3o reconheceu que a homossexualidade n\u00e3o pode ser considerada doen\u00e7a, por se tratar de tra\u00e7o da personalidade do indiv\u00edduo. No Brasil, somente em 2010, por meio de decreto presidencial, o Dia Nacional de Combate \u00e0 Homofobia foi oficialmente institu\u00eddo. A partir da\u00ed, estados e munic\u00edpios iniciaram pol\u00edticas espec\u00edficas para intensificar a\u00e7\u00f5es de combate \u00e0 viol\u00eancia, ao preconceito e discrimina\u00e7\u00e3o.<\/p>\n<p><ins><strong><a href=\"http:\/\/agenciabrasil.ebc.com.br\/direitos-humanos\/noticia\/2018-05\/estados-e-governo-federal-vao-firmar-pacto-nacional-contra\" target=\"_blank\" rel=\"noopener noreferrer\">Mais informa\u00e7\u00f5es<\/a><\/strong><\/ins> na Ag\u00eancia Brasil.<\/p>\n<\/div>\n<p id=\"page-author\"><span style=\"text-decoration: underline;\"><em><strong>Fonte: Contraf-CUT, com informa\u00e7\u00f5es da Ag\u00eancia Brasil<\/strong><\/em><\/span><\/p>\n","protected":false},"excerpt":{"rendered":"<p>Na quarta-feira (16), estados, Distrito Federal e o governo federal assinar\u00e3o o Pacto Nacional de Enfrentamento \u00e0 Viol\u00eancia LGBTf\u00f3bica. O documento tem como proposta promover e articular a\u00e7\u00f5es que combatam \u00e0 viol\u00eancia, priorizando o respeito \u00e0 dignidade e diversidade humana. No pacto, estas esferas de governo assumem em conjunto o compromisso de enfrentar a viol\u00eancia [&hellip;]<\/p>\n","protected":false},"author":2,"featured_media":4360,"comment_status":"","ping_status":"","sticky":false,"template":"","format":"standard","meta":{"footnotes":""},"categories":[3],"tags":[],"class_list":["post-4361","post","type-post","status-publish","format-standard","has-post-thumbnail","hentry","category-noticias"],"_links":{"self":[{"href":"https:\/\/hostnetart.com.br\/baixada\/wp-json\/wp\/v2\/posts\/4361","targetHints":{"allow":["GET"]}}],"collection":[{"href":"https:\/\/hostnetart.com.br\/baixada\/wp-json\/wp\/v2\/posts"}],"about":[{"href":"https:\/\/hostnetart.com.br\/baixada\/wp-json\/wp\/v2\/types\/post"}],"author":[{"embeddable":true,"href":"https:\/\/hostnetart.com.br\/baixada\/wp-json\/wp\/v2\/users\/2"}],"replies":[{"embeddable":true,"href":"https:\/\/hostnetart.com.br\/baixada\/wp-json\/wp\/v2\/comments?post=4361"}],"version-history":[{"count":0,"href":"https:\/\/hostnetart.com.br\/baixada\/wp-json\/wp\/v2\/posts\/4361\/revisions"}],"wp:featuredmedia":[{"embeddable":true,"href":"https:\/\/hostnetart.com.br\/baixada\/wp-json\/wp\/v2\/media\/4360"}],"wp:attachment":[{"href":"https:\/\/hostnetart.com.br\/baixada\/wp-json\/wp\/v2\/media?parent=4361"}],"wp:term":[{"taxonomy":"category","embeddable":true,"href":"https:\/\/hostnetart.com.br\/baixada\/wp-json\/wp\/v2\/categories?post=4361"},{"taxonomy":"post_tag","embeddable":true,"href":"https:\/\/hostnetart.com.br\/baixada\/wp-json\/wp\/v2\/tags?post=4361"}],"curies":[{"name":"wp","href":"https:\/\/api.w.org\/{rel}","templated":true}]}}