{"id":4357,"date":"2018-05-14T16:46:25","date_gmt":"2018-05-14T19:46:25","guid":{"rendered":"https:\/\/hostnetart.com.br\/baixada\/denuncia-da-contraf-cut-no-mpt-tem-primeira-audiencia\/"},"modified":"2018-05-14T16:46:25","modified_gmt":"2018-05-14T19:46:25","slug":"denuncia-da-contraf-cut-no-mpt-tem-primeira-audiencia","status":"publish","type":"post","link":"https:\/\/hostnetart.com.br\/baixada\/denuncia-da-contraf-cut-no-mpt-tem-primeira-audiencia\/","title":{"rendered":"Den\u00fancia da Contraf-CUT no MPT tem primeira audi\u00eancia"},"content":{"rendered":"<div class=\"content\">\n<p>O Banco do Brasil deve proteger os funcion\u00e1rios no caso de reestrutura\u00e7\u00f5es, principalmente, com a manuten\u00e7\u00e3o dos sal\u00e1rios. Este foi o resultado da primeira audi\u00eancia de media\u00e7\u00e3o no Minist\u00e9rio P\u00fablico do Trabalho (MPT), realizada nesta quinta-feira (10), ap\u00f3s den\u00fancia da Contraf-CUT contra o BB pelo descomissionamento de cerca de 700 caixas em todo o pa\u00eds.<\/p>\n<p>Na audi\u00eancia, os representantes dos trabalhadores ratificaram o pedido feito em mesa de negocia\u00e7\u00e3o de que os caixas devem ter o mesmo tratamento dos demais cargos, com a manuten\u00e7\u00e3o m\u00ednima de Verba de Car\u00e1ter Pessoal (VCP) de quatro meses.<\/p>\n<p>O banco se manteve intransigente quanto \u00e0 VCP, que mant\u00e9m a remunera\u00e7\u00e3o ou mesmo manter a gratifica\u00e7\u00e3o de caixa para os descomissionados, mas prometeu levar para a pr\u00f3xima audi\u00eancia um estudo sobre a realoca\u00e7\u00e3o com prioriza\u00e7\u00e3o em locais pr\u00f3ximos.<\/p>\n<p>Wagner Nascimento, coordenador da Comiss\u00e3o de Empresa dos Funcion\u00e1rios do BB, lamenta que um item simples de isonomia de tratamento com os demais funcion\u00e1rios seja t\u00e3o dif\u00edcil para o Banco do Brasil. \u201cDa mesma forma que reconhecemos o esfor\u00e7o na realoca\u00e7\u00e3o dos caixas no in\u00edcio da reestrutura\u00e7\u00e3o, falta o BB reconhecer que a perda de 25% do sal\u00e1rio em m\u00e9dia \u00e9 muito grande para os caixas descomissionados. O pagamento de quatro meses de VCP ou gratifica\u00e7\u00e3o de caixa \u00e9 muito, muito pouco em rela\u00e7\u00e3o aos mais de 3 bilh\u00f5es de lucro apenas no primeiro trimestre deste ano.\u201d<\/p>\n<p>A nova audi\u00eancia foi marcada para o dia 12 de junho pr\u00f3ximo.<\/p>\n<\/div>\n<p id=\"page-author\"><strong>Fonte: Contraf-CUT<\/strong><\/p>\n","protected":false},"excerpt":{"rendered":"<p>O Banco do Brasil deve proteger os funcion\u00e1rios no caso de reestrutura\u00e7\u00f5es, principalmente, com a manuten\u00e7\u00e3o dos sal\u00e1rios. Este foi o resultado da primeira audi\u00eancia de media\u00e7\u00e3o no Minist\u00e9rio P\u00fablico do Trabalho (MPT), realizada nesta quinta-feira (10), ap\u00f3s den\u00fancia da Contraf-CUT contra o BB pelo descomissionamento de cerca de 700 caixas em todo o pa\u00eds. [&hellip;]<\/p>\n","protected":false},"author":2,"featured_media":4356,"comment_status":"","ping_status":"","sticky":false,"template":"","format":"standard","meta":{"footnotes":""},"categories":[3],"tags":[],"class_list":["post-4357","post","type-post","status-publish","format-standard","has-post-thumbnail","hentry","category-noticias"],"_links":{"self":[{"href":"https:\/\/hostnetart.com.br\/baixada\/wp-json\/wp\/v2\/posts\/4357","targetHints":{"allow":["GET"]}}],"collection":[{"href":"https:\/\/hostnetart.com.br\/baixada\/wp-json\/wp\/v2\/posts"}],"about":[{"href":"https:\/\/hostnetart.com.br\/baixada\/wp-json\/wp\/v2\/types\/post"}],"author":[{"embeddable":true,"href":"https:\/\/hostnetart.com.br\/baixada\/wp-json\/wp\/v2\/users\/2"}],"replies":[{"embeddable":true,"href":"https:\/\/hostnetart.com.br\/baixada\/wp-json\/wp\/v2\/comments?post=4357"}],"version-history":[{"count":0,"href":"https:\/\/hostnetart.com.br\/baixada\/wp-json\/wp\/v2\/posts\/4357\/revisions"}],"wp:featuredmedia":[{"embeddable":true,"href":"https:\/\/hostnetart.com.br\/baixada\/wp-json\/wp\/v2\/media\/4356"}],"wp:attachment":[{"href":"https:\/\/hostnetart.com.br\/baixada\/wp-json\/wp\/v2\/media?parent=4357"}],"wp:term":[{"taxonomy":"category","embeddable":true,"href":"https:\/\/hostnetart.com.br\/baixada\/wp-json\/wp\/v2\/categories?post=4357"},{"taxonomy":"post_tag","embeddable":true,"href":"https:\/\/hostnetart.com.br\/baixada\/wp-json\/wp\/v2\/tags?post=4357"}],"curies":[{"name":"wp","href":"https:\/\/api.w.org\/{rel}","templated":true}]}}