{"id":4329,"date":"2018-05-09T14:44:37","date_gmt":"2018-05-09T17:44:37","guid":{"rendered":"https:\/\/hostnetart.com.br\/baixada\/encontros-estaduais-da-caixa-e-do-banco-do-brasil-acontecem-neste-sabado\/"},"modified":"2018-05-09T14:44:37","modified_gmt":"2018-05-09T17:44:37","slug":"encontros-estaduais-da-caixa-e-do-banco-do-brasil-acontecem-neste-sabado","status":"publish","type":"post","link":"https:\/\/hostnetart.com.br\/baixada\/encontros-estaduais-da-caixa-e-do-banco-do-brasil-acontecem-neste-sabado\/","title":{"rendered":"Encontros Estaduais da Caixa e do Banco do Brasil acontecem neste s\u00e1bado"},"content":{"rendered":"<p>Vale a pena sacrificar parte do final de semana para participar dos encontros estaduais dos banc\u00e1rios do Banco do Brasil e da Caixa Econ\u00f4mica Federal?\u00a0<br \/>Esta pergunta fica na cabe\u00e7a de muita gente. A resposta \u00e9 sim, vale. Porque \u00e9 com a participa\u00e7\u00e3o dos trabalhadores nas atividades de organiza\u00e7\u00e3o de luta da categoria que \u00e9 poss\u00edvel defender as institui\u00e7\u00f5es p\u00fablicas dos ataques do governo Temer, que n\u00e3o mede esfor\u00e7os para privatizar tudo.\u00a0<br \/>\u201cH\u00e1 um processo claro de esvaziamento dos bancos p\u00fablicos porque Temer n\u00e3o desistiu de privatizar o BB e a Caixa. N\u00e3o podemos esperar que o projeto privatista seja conclu\u00eddo para somente ent\u00e3o reagirmos. Poder\u00e1 ser tarde demais. Participar dos encontros estaduais \u00e9 um passo importante para defender os bancos p\u00fablicos, que significa garantir o emprego e direitos dos funcion\u00e1rios mas tamb\u00e9m os investimentos sociais para o pa\u00eds\u201d, avalia o vice-presidente do Sindicato dos Banc\u00e1rios do Rio de Janeiro, Paulo Matileti.\u00a0<br \/>Os encontros acontecem neste s\u00e1bado, dia 12 de maio (confira os locais na foto da mat\u00e9ria).\u00a0<\/p>\n<p><strong>Demandas espec\u00edficas<\/strong><br \/>H\u00e1 tamb\u00e9m quest\u00f5es espec\u00edficas a serem debatidas nos encontros. Na Caixa, os empregados enfrentam mais uma etapa da chamada reestrutura\u00e7\u00e3o \u2013 na verdade, desmonte \u2013 da empresa, o \u201cprograma efici\u00eancia\u201d. A estimativa \u00e9 de que a dire\u00e7\u00e3o do banco pretende cortar mais de R$2,5 bilh\u00f5es, que resultaria em mais corte de m\u00e3o-de-obra e fechamento de ag\u00eancias. A transfer\u00eancia do pr\u00e9dio da Almirante Barroso para outra sede tamb\u00e9m preocupa os empregados. Est\u00e3o na pauta ainda o Sa\u00fade Caixa, Funcef, entre outros temas.\u00a0<\/p>\n<p><strong>Banco do Brasil<\/strong><br \/>No Banco do Brasil, os banc\u00e1rios conseguiram uma vit\u00f3ria importante, que foi a elei\u00e7\u00e3o da Previ, o fundo de pens\u00e3o dos funcion\u00e1rios. Mas a batalha contra o projeto privatista de Temer e os ataques da dire\u00e7\u00e3o da empresa contra o funcionalismo continua a todo vapor.<\/p>\n<p><strong>Plen\u00e1ria\u00a0<\/strong><br \/>O Sindicato dos Banc\u00e1rios do Rio de Janeiro est\u00e1 convocando os funcion\u00e1rios do Banco do Brasil para uma reuni\u00e3o plen\u00e1ria nesta quarta-feira (9), a partir das 18h, no audit\u00f3rio da entidade (Av. Presidente Vargas 502, 21\u00ba andar). O objetivo \u00e9 debater a pauta do Encontro Estadual \u00a0e a proposta do banco para a Cassi.<\/p>\n<p>Em ambos os encontros, ser\u00e3o eleitos os delegados para os congressos nacionais dos dois bancos, que ser\u00e3o realizados em S\u00e3o Paulo.\u00a0<\/p>\n<div class=\"clear\">\u00a0<\/div>\n<div class=\"clear\"><span style=\"text-decoration: underline;\"><em><strong>FONTE: SEEB\/RJ<\/strong><\/em><\/span><\/div>\n<div id=\"redessociais\">\u00a0<\/div>\n","protected":false},"excerpt":{"rendered":"<p>Vale a pena sacrificar parte do final de semana para participar dos encontros estaduais dos banc\u00e1rios do Banco do Brasil e da Caixa Econ\u00f4mica Federal?\u00a0Esta pergunta fica na cabe\u00e7a de muita gente. A resposta \u00e9 sim, vale. Porque \u00e9 com a participa\u00e7\u00e3o dos trabalhadores nas atividades de organiza\u00e7\u00e3o de luta da categoria que \u00e9 poss\u00edvel [&hellip;]<\/p>\n","protected":false},"author":2,"featured_media":4328,"comment_status":"","ping_status":"","sticky":false,"template":"","format":"standard","meta":{"footnotes":""},"categories":[3],"tags":[],"class_list":["post-4329","post","type-post","status-publish","format-standard","has-post-thumbnail","hentry","category-noticias"],"_links":{"self":[{"href":"https:\/\/hostnetart.com.br\/baixada\/wp-json\/wp\/v2\/posts\/4329","targetHints":{"allow":["GET"]}}],"collection":[{"href":"https:\/\/hostnetart.com.br\/baixada\/wp-json\/wp\/v2\/posts"}],"about":[{"href":"https:\/\/hostnetart.com.br\/baixada\/wp-json\/wp\/v2\/types\/post"}],"author":[{"embeddable":true,"href":"https:\/\/hostnetart.com.br\/baixada\/wp-json\/wp\/v2\/users\/2"}],"replies":[{"embeddable":true,"href":"https:\/\/hostnetart.com.br\/baixada\/wp-json\/wp\/v2\/comments?post=4329"}],"version-history":[{"count":0,"href":"https:\/\/hostnetart.com.br\/baixada\/wp-json\/wp\/v2\/posts\/4329\/revisions"}],"wp:featuredmedia":[{"embeddable":true,"href":"https:\/\/hostnetart.com.br\/baixada\/wp-json\/wp\/v2\/media\/4328"}],"wp:attachment":[{"href":"https:\/\/hostnetart.com.br\/baixada\/wp-json\/wp\/v2\/media?parent=4329"}],"wp:term":[{"taxonomy":"category","embeddable":true,"href":"https:\/\/hostnetart.com.br\/baixada\/wp-json\/wp\/v2\/categories?post=4329"},{"taxonomy":"post_tag","embeddable":true,"href":"https:\/\/hostnetart.com.br\/baixada\/wp-json\/wp\/v2\/tags?post=4329"}],"curies":[{"name":"wp","href":"https:\/\/api.w.org\/{rel}","templated":true}]}}