{"id":4325,"date":"2018-05-09T14:36:49","date_gmt":"2018-05-09T17:36:49","guid":{"rendered":"https:\/\/hostnetart.com.br\/baixada\/oea-questiona-brasil-sobre-intervencao-no-rio-e-execucao-de-marielle\/"},"modified":"2018-05-09T14:36:49","modified_gmt":"2018-05-09T17:36:49","slug":"oea-questiona-brasil-sobre-intervencao-no-rio-e-execucao-de-marielle","status":"publish","type":"post","link":"https:\/\/hostnetart.com.br\/baixada\/oea-questiona-brasil-sobre-intervencao-no-rio-e-execucao-de-marielle\/","title":{"rendered":"OEA questiona Brasil sobre interven\u00e7\u00e3o no Rio e execu\u00e7\u00e3o de Marielle"},"content":{"rendered":"<div class=\"\">\n<div id=\"content\">\n<div id=\"content-core\">\n<div>\n<p><a class=\"external-link\" title=\"\" href=\"https:\/\/www.brasildefato.com.br\/2018\/05\/08\/oea-questiona-brasil-sobre-intervencao-no-rio-e-execucao-de-marielle\/\" target=\"_blank\" rel=\"noopener noreferrer\">Brasil de Fato<\/a>\u00a0\u2013 O Estado brasileiro teve que prestar esclarecimentos \u00e0 Organiza\u00e7\u00e3o dos Estados Americanos (OEA), nesta ter\u00e7a-feira (8), sobre a interven\u00e7\u00e3o federal militar no Rio de Janeiro e a\u00a0<a class=\"internal-link\" title=\"\" href=\"http:\/\/www.redebrasilatual.com.br\/politica\/2018\/03\/marielle-franco-vereadora-do-psol-no-rio-e-ativista-social-e-executada-rio-de-janeiro\" target=\"_blank\" rel=\"noopener noreferrer\">execu\u00e7\u00e3o<\/a>\u00a0da vereadora\u00a0<a class=\"internal-link\" title=\"\" href=\"http:\/\/www.redebrasilatual.com.br\/politica\/2018\/04\/amanhecer-por-marielle-e-anderson-um-mes-e-nenhuma-resposta\" target=\"_blank\" rel=\"noopener noreferrer\">Marielle Franco<\/a>\u00a0(PSOL) e seu motorista, Anderson Gomes. As audi\u00eancias, realizadas em Santo Domingo, Rep\u00fablica Dominicana, foram solicitadas \u00e0 Comiss\u00e3o Interamericana de Direitos Humanos (CIDH) da OEA por 20 organiza\u00e7\u00f5es sociais e, uma delas, contou com o depoimento da vi\u00fava de Marielle, M\u00f4nica Ben\u00edcio.<\/p>\n<p>Ap\u00f3s questionarem os motivos que levaram \u00e0\u00a0<a class=\"internal-link\" title=\"\" href=\"http:\/\/www.redebrasilatual.com.br\/cidadania\/2018\/03\/abusos-e-truculencia-marcam-um-mes-de-intervencao-no-rj\" target=\"_blank\" rel=\"noopener noreferrer\">interven\u00e7\u00e3o no Rio e\u00a0\u00e0 falta de transpar\u00eancia<\/a>\u00a0na condu\u00e7\u00e3o da opera\u00e7\u00e3o, os representantes da sociedade civil brasileira denunciaram diversas viola\u00e7\u00f5es dos direitos humanos ocorridas no per\u00edodo da atua\u00e7\u00e3o militar e alertaram para a inconstitucionalidade da medida.<\/p>\n<p>&#8220;Ao definir que o cargo do interventor tem car\u00e1ter militar, o decreto contraria a Constitui\u00e7\u00e3o Federal brasileira que define que todas as fun\u00e7\u00f5es p\u00fablicas s\u00e3o de natureza civil, independentemente de quem ocupa. Conjugado com a Lei n\u00ba 13491, de 2017, que d\u00e1 foro especial a membros das For\u00e7as Armadas envolvidos, entre outros, em crimes dolosos contra a vida de civis, o car\u00e1ter militar do interventor elimina qualquer tipo de controle social de suas a\u00e7\u00f5es&#8221;, concluiu o assessor da Conectas Direitos Humanos, Jefferson Nascimento.<\/p>\n<p>As cobran\u00e7as feitas pelas organiza\u00e7\u00f5es brasileiras foram refor\u00e7adas pelos integrantes da CIDH. A delega\u00e7\u00e3o do governo brasileiro, liderada pelo chefe da Divis\u00e3o de Direitos Humanos do Minist\u00e9rio das Rela\u00e7\u00f5es Exteriores (MRE), Fernando Sena, defendeu a legalidade da interven\u00e7\u00e3o, aprovada pelo Congresso Nacional e feita em coopera\u00e7\u00e3o com o governo estadual do Rio, Sena ressaltou ainda que o objetivo principal \u00e9 proteger a popula\u00e7\u00e3o carioca e reformular os aparatos de seguran\u00e7a p\u00fablica em um momento de crise financeira do estado.<\/p>\n<h3>Genoc\u00eddio\u00a0<\/h3>\n<p>Na audi\u00eancia seguinte, as organiza\u00e7\u00f5es enfileiraram registros de ataques a ativistas dos direitos humanos no Brasil. A coordenadora da Justi\u00e7a Global, Sandra Carvalho, destacou que 70 deles foram assassinatos no \u00faltimo ano. A vi\u00fava de\u00a0<a class=\"internal-link\" title=\"\" href=\"http:\/\/www.redebrasilatual.com.br\/politica\/2018\/04\/amanhecer-por-marielle-e-anderson-um-mes-e-nenhuma-resposta\" target=\"_blank\" rel=\"noopener noreferrer\">Marielle Franco<\/a>, M\u00f4nica Ben\u00edcio, declarou que a vereadora tornou-se v\u00edtima do genoc\u00eddio que denunciava e que sua morte n\u00e3o pode legitimar as farsas das pol\u00edticas de seguran\u00e7as.<\/p>\n<p>&#8220;Viemos aqui para reafirmar que a execu\u00e7\u00e3o de Marielle n\u00e3o ser\u00e1 instrumentalizada para o recrudescimento das b\u00e1rbaras pol\u00edticas que a executaram. N\u00e3o toleraremos nem mais um dia da falsa narrativa \u00e0 guerra \u00e0s drogas, do confronto armado que esconde o profundo comprometimento dos agentes dos estados, perpetuando arranjos lucrativos do tr\u00e1fico de drogas e de armas. A<a class=\"internal-link\" title=\"\" href=\"http:\/\/www.redebrasilatual.com.br\/politica\/2018\/03\/marielle-e-os-dois-pilares-do-poder-e-do-capitalismo-o-patriarcado-e-o-estado-penal-racista\" target=\"_blank\" rel=\"noopener noreferrer\">\u00a0farsa n\u00e3o se sustentar\u00e1 em nome de Marielle<\/a>&#8220;, disparou.<\/p>\n<p>Cobrados pelos integrantes da CIDH, os representantes do governo brasileiro reconheceram as debilidades da pol\u00edtica de prote\u00e7\u00e3o aos defensores de direitos humanos e afirmaram que as\u00a0<a class=\"internal-link\" title=\"\" href=\"http:\/\/www.redebrasilatual.com.br\/politica\/2018\/03\/policia-do-rio-nega-pf-no-caso-marielle-juizes-defendem-investigacao-independente\" target=\"_blank\" rel=\"noopener noreferrer\">investiga\u00e7\u00f5es das execu\u00e7\u00f5es de Marielle<\/a>\u00a0e Anderson, ocorridas h\u00e1 50 dias, avan\u00e7am com todo apoio estatal.<\/p>\n<p>Al\u00e9m da Justi\u00e7a Global e da Conectas, as organiza\u00e7\u00f5es que representaram a sociedade civil brasileira nas audi\u00eancias em Santo Domingo foram a Associa\u00e7\u00e3o Brasileira de L\u00e9sbicas, Gays, Bissexuais, Travestis, Transexuais e Intersexos (ABGLT), Terra de Direitos, Redes da Mar\u00e9 e a Defensoria P\u00fablica do Rio de Janeiro. O estado brasileiro, por sua vez, enviou representantes do MRE, Minist\u00e9rio de Direitos Humanos, Advocacia Geral da Uni\u00e3o, Secretaria Nacional de Juventude e do Minist\u00e9rio P\u00fablico Federal do Rio de Janeiro.<\/p>\n<\/div>\n<div class=\"newsview\">\u00a0<\/div>\n<\/div>\n<div id=\"viewlet-below-content-body\">\u00a0<\/div>\n<\/div>\n<\/div>\n<div id=\"viewlet-below-content\">\u00a0<\/div>\n","protected":false},"excerpt":{"rendered":"<p>Brasil de Fato\u00a0\u2013 O Estado brasileiro teve que prestar esclarecimentos \u00e0 Organiza\u00e7\u00e3o dos Estados Americanos (OEA), nesta ter\u00e7a-feira (8), sobre a interven\u00e7\u00e3o federal militar no Rio de Janeiro e a\u00a0execu\u00e7\u00e3o\u00a0da vereadora\u00a0Marielle Franco\u00a0(PSOL) e seu motorista, Anderson Gomes. As audi\u00eancias, realizadas em Santo Domingo, Rep\u00fablica Dominicana, foram solicitadas \u00e0 Comiss\u00e3o Interamericana de Direitos Humanos (CIDH) da [&hellip;]<\/p>\n","protected":false},"author":2,"featured_media":4324,"comment_status":"","ping_status":"","sticky":false,"template":"","format":"standard","meta":{"footnotes":""},"categories":[3],"tags":[],"class_list":["post-4325","post","type-post","status-publish","format-standard","has-post-thumbnail","hentry","category-noticias"],"_links":{"self":[{"href":"https:\/\/hostnetart.com.br\/baixada\/wp-json\/wp\/v2\/posts\/4325","targetHints":{"allow":["GET"]}}],"collection":[{"href":"https:\/\/hostnetart.com.br\/baixada\/wp-json\/wp\/v2\/posts"}],"about":[{"href":"https:\/\/hostnetart.com.br\/baixada\/wp-json\/wp\/v2\/types\/post"}],"author":[{"embeddable":true,"href":"https:\/\/hostnetart.com.br\/baixada\/wp-json\/wp\/v2\/users\/2"}],"replies":[{"embeddable":true,"href":"https:\/\/hostnetart.com.br\/baixada\/wp-json\/wp\/v2\/comments?post=4325"}],"version-history":[{"count":0,"href":"https:\/\/hostnetart.com.br\/baixada\/wp-json\/wp\/v2\/posts\/4325\/revisions"}],"wp:featuredmedia":[{"embeddable":true,"href":"https:\/\/hostnetart.com.br\/baixada\/wp-json\/wp\/v2\/media\/4324"}],"wp:attachment":[{"href":"https:\/\/hostnetart.com.br\/baixada\/wp-json\/wp\/v2\/media?parent=4325"}],"wp:term":[{"taxonomy":"category","embeddable":true,"href":"https:\/\/hostnetart.com.br\/baixada\/wp-json\/wp\/v2\/categories?post=4325"},{"taxonomy":"post_tag","embeddable":true,"href":"https:\/\/hostnetart.com.br\/baixada\/wp-json\/wp\/v2\/tags?post=4325"}],"curies":[{"name":"wp","href":"https:\/\/api.w.org\/{rel}","templated":true}]}}