{"id":4315,"date":"2018-05-08T13:46:09","date_gmt":"2018-05-08T16:46:09","guid":{"rendered":"https:\/\/hostnetart.com.br\/baixada\/justica-manda-bradesco-reintegrar-bancaria-demitida-com-doenca-ocupacional-em-joao-pessoa\/"},"modified":"2018-05-08T13:46:09","modified_gmt":"2018-05-08T16:46:09","slug":"justica-manda-bradesco-reintegrar-bancaria-demitida-com-doenca-ocupacional-em-joao-pessoa","status":"publish","type":"post","link":"https:\/\/hostnetart.com.br\/baixada\/justica-manda-bradesco-reintegrar-bancaria-demitida-com-doenca-ocupacional-em-joao-pessoa\/","title":{"rendered":"Justi\u00e7a manda Bradesco reintegrar banc\u00e1ria demitida com doen\u00e7a ocupacional em Jo\u00e3o Pessoa"},"content":{"rendered":"<div class=\"content\">\n<p>Nesta segunda-feira (7), o Bradesco reintegrou a funcion\u00e1ria Apohena Ara\u00fajo Lopes por for\u00e7a de medida judicial emanada da 5\u00aa Vara do Trabalho de Jo\u00e3o Pessoa (TRT 13), deferida no dia 3 de maio. Pela senten\u00e7a, a banc\u00e1ria, que foi demitida quando estava de licen\u00e7a-sa\u00fade para tratamento de doen\u00e7a ocupacional, vai receber todos os direitos e vantagens inerentes ao cargo, bem como o pagamento dos sal\u00e1rios vencidos, acrescidos dos direitos e vantagens a eles vinculados, sob pena de aplica\u00e7\u00e3o de multa di\u00e1ria no valor de R$ 5 mil a seu favor.<\/p>\n<p>Para o presidente do Sindicato dos Banc\u00e1rios da Para\u00edba, Marcelo Alves a equipe do escrit\u00f3rio de Marcelo Assun\u00e7\u00e3o e Advogados Associados foi brilhante e agiu com celeridade em favor da banc\u00e1ria v\u00edtima do abuso cometido pelo Bradesco. \u201cEssa foi mais uma vit\u00f3ria dos trabalhadores ante a prepot\u00eancia e gan\u00e2ncia dos bancos, que sequer est\u00e3o respeitando os banc\u00e1rios que adoecem quando est\u00e3o se desdobrando ao m\u00e1ximo para contribuir com seus lucros recordes. Ainda bem que a Justi\u00e7a do Trabalho tem reparado esses absurdos e devolvido os funcion\u00e1rios aos seus postos de trabalho. N\u00f3s, enquanto representantes da categoria, estamos atentos aos ataques aos direitos dos funcion\u00e1rios. \u00c9 por isso que defendemos a filia\u00e7\u00e3o sindical, como forma de fortalecer cada vez mais as entidades representativas dos trabalhadores, que est\u00e3o ainda mais vulner\u00e1veis sob os ditames da nova legisla\u00e7\u00e3o trabalhista\u201d, concluiu.<\/p>\n<\/div>\n<p id=\"page-author\"><strong>Fonte: Seeb PB<\/strong><\/p>\n","protected":false},"excerpt":{"rendered":"<p>Nesta segunda-feira (7), o Bradesco reintegrou a funcion\u00e1ria Apohena Ara\u00fajo Lopes por for\u00e7a de medida judicial emanada da 5\u00aa Vara do Trabalho de Jo\u00e3o Pessoa (TRT 13), deferida no dia 3 de maio. Pela senten\u00e7a, a banc\u00e1ria, que foi demitida quando estava de licen\u00e7a-sa\u00fade para tratamento de doen\u00e7a ocupacional, vai receber todos os direitos e [&hellip;]<\/p>\n","protected":false},"author":2,"featured_media":4314,"comment_status":"","ping_status":"","sticky":false,"template":"","format":"standard","meta":{"footnotes":""},"categories":[3],"tags":[],"class_list":["post-4315","post","type-post","status-publish","format-standard","has-post-thumbnail","hentry","category-noticias"],"_links":{"self":[{"href":"https:\/\/hostnetart.com.br\/baixada\/wp-json\/wp\/v2\/posts\/4315","targetHints":{"allow":["GET"]}}],"collection":[{"href":"https:\/\/hostnetart.com.br\/baixada\/wp-json\/wp\/v2\/posts"}],"about":[{"href":"https:\/\/hostnetart.com.br\/baixada\/wp-json\/wp\/v2\/types\/post"}],"author":[{"embeddable":true,"href":"https:\/\/hostnetart.com.br\/baixada\/wp-json\/wp\/v2\/users\/2"}],"replies":[{"embeddable":true,"href":"https:\/\/hostnetart.com.br\/baixada\/wp-json\/wp\/v2\/comments?post=4315"}],"version-history":[{"count":0,"href":"https:\/\/hostnetart.com.br\/baixada\/wp-json\/wp\/v2\/posts\/4315\/revisions"}],"wp:featuredmedia":[{"embeddable":true,"href":"https:\/\/hostnetart.com.br\/baixada\/wp-json\/wp\/v2\/media\/4314"}],"wp:attachment":[{"href":"https:\/\/hostnetart.com.br\/baixada\/wp-json\/wp\/v2\/media?parent=4315"}],"wp:term":[{"taxonomy":"category","embeddable":true,"href":"https:\/\/hostnetart.com.br\/baixada\/wp-json\/wp\/v2\/categories?post=4315"},{"taxonomy":"post_tag","embeddable":true,"href":"https:\/\/hostnetart.com.br\/baixada\/wp-json\/wp\/v2\/tags?post=4315"}],"curies":[{"name":"wp","href":"https:\/\/api.w.org\/{rel}","templated":true}]}}