{"id":4313,"date":"2018-05-08T13:44:28","date_gmt":"2018-05-08T16:44:28","guid":{"rendered":"https:\/\/hostnetart.com.br\/baixada\/franklin-martins-a-reconquista-da-democracia-vira\/"},"modified":"2018-05-08T13:44:28","modified_gmt":"2018-05-08T16:44:28","slug":"franklin-martins-a-reconquista-da-democracia-vira","status":"publish","type":"post","link":"https:\/\/hostnetart.com.br\/baixada\/franklin-martins-a-reconquista-da-democracia-vira\/","title":{"rendered":"Franklin Martins: &#8216;A reconquista da democracia vir\u00e1&#8217;"},"content":{"rendered":"<p>\u201cSou um otimista moderado (\u2026) o lado de l\u00e1 n\u00e3o tem nomes. Onde foram parar Jos\u00e9 Serra, Aloysio Nunes, A\u00e9cio Neves (<em>senadores tucanos<\/em>)? O que fazem da vida? N\u00e3o digo que aqui est\u00e1 \u00f3timo, est\u00e1 complicad\u00edssimo, porque eles desorganizaram o pa\u00eds e s\u00f3 elei\u00e7\u00f5es livres, diretas e sem\u00a0<a class=\"internal-link\" title=\"\" href=\"http:\/\/www.redebrasilatual.com.br\/politica\/2018\/04\/para-paulo-teixeira-pt-e-lula-sao-alvos-de-nova-ofensiva\" target=\"_blank\" rel=\"noopener noreferrer\">persegui\u00e7\u00e3o do Judici\u00e1rio<\/a>\u00a0vai pacificar o povo\u201d, disse o ex-ministro da Secretaria de Comunica\u00e7\u00e3o Social durante o governo do\u00a0<a class=\"internal-link\" title=\"\" href=\"http:\/\/www.redebrasilatual.com.br\/politica\/2018\/05\/um-mes-de-vigilia-lula-livre-numeros-de-solidariedade-e-resistencia-em-curitiba\" target=\"_blank\" rel=\"noopener noreferrer\">ex-presidente Luiz In\u00e1cio Lula da Silva<\/a>\u00a0(PT).<\/p>\n<p>Franklin tra\u00e7ou um panorama do cen\u00e1rio pol\u00edtico-eleitoral recente e observou que ningu\u00e9m ganha elei\u00e7\u00e3o sem debater temas que s\u00e3o problemas das grandes multid\u00f5es. &#8220;Fernando Henrique Cardoso (PSDB) foi eleito porque falou da infla\u00e7\u00e3o. O PT foi eleito porque promoveu a inclus\u00e3o social. Como a direita quer ser eleita agora dizendo que v\u00e3o acabar com a Petrobras, a Eletrobras, com bancos p\u00fablicos e excluir o Nordeste da economia? Eles querem fazer uma manipula\u00e7\u00e3o de massa mas est\u00e3o entalados&#8221;, disse.<\/p>\n<p>\u201cDeram um golpe e disseram que n\u00e3o era golpe, que era impeachment. Disseram que acabariam com a corrup\u00e7\u00e3o, que era culpa do PT. E disseram que ajeitariam a economia em seis meses. Agora, apesar de todo o massacre midi\u00e1tico, boa parte do povo sabe que foi golpe. Segundo, quem deu o golpe foi uma quadrilha com nomes como o Eduardo Cunha. Eles eram os corruptos. Terceiro, depois de um ano de Michel Temer (MDB), o Brasil est\u00e1 com a mis\u00e9ria crescendo, desemprego. Est\u00e3o destruindo o pa\u00eds e est\u00e3o sem discurso\u201d, completou.<\/p>\n<p>O ex-ministro participou do programa\u00a0<em>Contraponto<\/em>, exibido nesta segunda-feira (7) pelo Sindicato dos Banc\u00e1rios de S\u00e3o Paulo, Osasco e Regi\u00e3o e pela\u00a0<strong>RBA<\/strong>. O programa teve a participa\u00e7\u00e3o do blogueiro\u00a0Eduardo Guimar\u00e3es e da jornalista Ana Claudia Mielke, do coletivo Intervozes, com media\u00e7\u00e3o da presidenta do sindicato, Ivone Silva.<\/p>\n<p>Ivone lembrou entrevista da ex-presidenta Dilma Rousseff,\u00a0<a class=\"external-link\" title=\"\" href=\"https:\/\/www.pagina12.com.ar\/112833-el-partido-conservador-mas-fuerte-es-el-partido-de-los-medio\" target=\"_blank\" rel=\"noopener noreferrer\">ao jornal argentino\u00a0<em>P\u00e1gina 12<\/em><\/a>, em que afirmou que a m\u00eddia brasileira passou a fazer pol\u00edtica e liderou um &#8220;ambiente de caos&#8221;, disse Ivone. O jornalista ressaltou que \u201ctoda m\u00eddia faz pol\u00edtica, o que temos de novo \u00e9 a m\u00eddia se comportando como um partido pol\u00edtico e usando concess\u00f5es p\u00fablicas para fazer este trabalho\u201d.<\/p>\n<p>Franklin falou sobre o fato de a democratiza\u00e7\u00e3o da m\u00eddia ter de passar por um processo de regulamenta\u00e7\u00e3o, algo que existe na grande parte do mundo democr\u00e1tico, em pa\u00edses como Fran\u00e7a, Estados Unidos e Inglaterra.<\/p>\n<p>\u201cQuando falam em regulamentar a imprensa, acusam de censura. Mas o cartel da imprensa \u00e9 que vem censurando tudo que vai contra o programa pol\u00edtico deles de retrocesso, de fim da democracia. Eles s\u00f3 conseguem dominar o pa\u00eds escondendo informa\u00e7\u00f5es e o que eles pensam\u201d, disse.<\/p>\n<p>Como exemplo, citou a natureza do tr\u00edplex atribu\u00eddo a Lula, que o levou ao\u00a0<a class=\"internal-link\" title=\"\" href=\"http:\/\/www.redebrasilatual.com.br\/politica\/2018\/05\/um-mes-de-vigilia-lula-livre-numeros-de-solidariedade-e-resistencia-em-curitiba\" target=\"_blank\" rel=\"noopener noreferrer\">c\u00e1rcere h\u00e1 um m\u00eas<\/a>. \u201cAcho estarrecedor. Passou-se ainda ideia de que o tr\u00edplex era um im\u00f3vel de luxo. Precisou o MTST ir l\u00e1 para vermos que o que existe \u00e9 um apartamento modesto que tampouco era de Lula. Por que nunca mostraram isso? \u00c9 censura.\u201d<\/p>\n<p>O jornalista reiterou que acredita no retorno da democracia. \u201cA direita n\u00e3o tem mais para onde ir. Em 1964 deram um golpe contra expectativas de mudan\u00e7as. Desta vez, deram um golpe contra experi\u00eancia de mudan\u00e7a. A ess\u00eancia deles faliu. Quando o povo \u00e9 encarado como ativo, quando o Nordeste \u00e9 inclu\u00eddo na economia, o pa\u00eds fica forte. Quando tudo isso se dissipa, ficamos neste nada, nesta vergonha. Mas eles v\u00e3o passar, ser\u00e3o tirados.\u201d<\/p>\n<p>Para ele, essa retomada democr\u00e1tica n\u00e3o tem data, mas quando vier, carece de fortalecimento das institui\u00e7\u00f5es populares. \u201cNa reconquista, vamos precisar de um sistema pol\u00edtico melhor, de um Judici\u00e1rio que n\u00e3o seja de castas nem partid\u00e1rio. E na m\u00eddia, precisaremos de pluralidade. S\u00f3 o voto n\u00e3o \u00e9 suficiente, temos que ter possibilidades de liberdade, o povo tem que ser mais ouvido.\u201d<\/p>\n<h3>Panaceia ou realidade?<\/h3>\n<p>Eduardo Guimar\u00e3es, do\u00a0<em>Blog da Cidadania<\/em>, questionou o ex-ministro sobre a efic\u00e1cia real de se criar formas de regulamentar a m\u00eddia. \u201cNa Argentina diziam que a Lei de Meios seria uma panaceia. O projeto foi elogiado na ONU e aqui foi vendido como censura. Mas l\u00e1, mudou o governo e tudo foi desfeito com um estalar de dedos\u201d, disse.<\/p>\n<p>\u201cN\u00e3o tenho a vis\u00e3o de que regula\u00e7\u00e3o \u00e9 panaceia. Acho uma necessidade para a democracia, mas n\u00e3o vai resolver todos os problemas. O Bolsa Fam\u00edlia tamb\u00e9m n\u00e3o resolve tudo. Precisamos de um conjunto de pol\u00edticas p\u00fablicas. Na Argentina, fizeram a lei e a direita atacou, mas isso n\u00e3o significa que, quando a direita perder, a Lei de Meios n\u00e3o v\u00e1 voltar&#8221;, respondeu o ex-ministro. &#8220;Brasil e Argentina n\u00e3o s\u00e3o iguais. A Argentina \u00e9 um potro fogoso, forma maioria pol\u00edtica e perde com rapidez. O Brasil \u00e9 um elefante, n\u00e3o pula a cerca e n\u00e3o tira a pata do ch\u00e3o. Aqui, as transforma\u00e7\u00f5es s\u00e3o lentas.&#8221;<\/p>\n<p>Ana Cl\u00e1udia, do Intervozes, questionou sobre os porqu\u00eas de nem Lula, nem Dilma terem criado mecanismos de democratiza\u00e7\u00e3o da m\u00eddia. \u201cHavia um setor da economia que queria derrubar o PT em conjunto com os meios de comunica\u00e7\u00e3o que tornaram o golpe vi\u00e1vel. Por que esse assunto gera um receio na esquerda? Falar de regula\u00e7\u00e3o econ\u00f4mica da r\u00e1dio difus\u00e3o?\u201d, perguntou. Para Martins, o fato de nunca termos regulamenta\u00e7\u00e3o no setor, \u201cnaturalizou\u201d a ideia de censura.<\/p>\n<p>\u201cNunca tivemos regula\u00e7\u00e3o. Sou a favor da regulamenta\u00e7\u00e3o das concess\u00f5es e n\u00e3o da m\u00eddia. Tem que cumprir obriga\u00e7\u00f5es para ter concess\u00e3o p\u00fablica. Todas as \u00e1reas nesse modelo t\u00eam, como transportes. Sempre dizem que \u00e9 censura, o que \u00e9 uma mentira, porque no mundo inteiro existe. A sociedade precisa de pluralidade. Eles naturalizaram essa ideia, desde os anos 1950, de que n\u00e3o precisa de regulamenta\u00e7\u00e3o, como se a concess\u00e3o fosse propriedade de grupo econ\u00f4mico (\u2026) V\u00ea se algu\u00e9m fala que controle \u00e9 censura quando se fala de Fran\u00e7a ou Inglaterra\u201d, completou.<\/p>\n<p><span style=\"text-decoration: underline;\"><em><strong>FONTE: Rede Brasil Atual<\/strong><\/em><\/span><\/p>\n","protected":false},"excerpt":{"rendered":"<p>\u201cSou um otimista moderado (\u2026) o lado de l\u00e1 n\u00e3o tem nomes. Onde foram parar Jos\u00e9 Serra, Aloysio Nunes, A\u00e9cio Neves (senadores tucanos)? O que fazem da vida? N\u00e3o digo que aqui est\u00e1 \u00f3timo, est\u00e1 complicad\u00edssimo, porque eles desorganizaram o pa\u00eds e s\u00f3 elei\u00e7\u00f5es livres, diretas e sem\u00a0persegui\u00e7\u00e3o do Judici\u00e1rio\u00a0vai pacificar o povo\u201d, disse o [&hellip;]<\/p>\n","protected":false},"author":2,"featured_media":4312,"comment_status":"","ping_status":"","sticky":false,"template":"","format":"standard","meta":{"footnotes":""},"categories":[3],"tags":[],"class_list":["post-4313","post","type-post","status-publish","format-standard","has-post-thumbnail","hentry","category-noticias"],"_links":{"self":[{"href":"https:\/\/hostnetart.com.br\/baixada\/wp-json\/wp\/v2\/posts\/4313","targetHints":{"allow":["GET"]}}],"collection":[{"href":"https:\/\/hostnetart.com.br\/baixada\/wp-json\/wp\/v2\/posts"}],"about":[{"href":"https:\/\/hostnetart.com.br\/baixada\/wp-json\/wp\/v2\/types\/post"}],"author":[{"embeddable":true,"href":"https:\/\/hostnetart.com.br\/baixada\/wp-json\/wp\/v2\/users\/2"}],"replies":[{"embeddable":true,"href":"https:\/\/hostnetart.com.br\/baixada\/wp-json\/wp\/v2\/comments?post=4313"}],"version-history":[{"count":0,"href":"https:\/\/hostnetart.com.br\/baixada\/wp-json\/wp\/v2\/posts\/4313\/revisions"}],"wp:featuredmedia":[{"embeddable":true,"href":"https:\/\/hostnetart.com.br\/baixada\/wp-json\/wp\/v2\/media\/4312"}],"wp:attachment":[{"href":"https:\/\/hostnetart.com.br\/baixada\/wp-json\/wp\/v2\/media?parent=4313"}],"wp:term":[{"taxonomy":"category","embeddable":true,"href":"https:\/\/hostnetart.com.br\/baixada\/wp-json\/wp\/v2\/categories?post=4313"},{"taxonomy":"post_tag","embeddable":true,"href":"https:\/\/hostnetart.com.br\/baixada\/wp-json\/wp\/v2\/tags?post=4313"}],"curies":[{"name":"wp","href":"https:\/\/api.w.org\/{rel}","templated":true}]}}