{"id":4307,"date":"2018-05-07T16:39:35","date_gmt":"2018-05-07T19:39:35","guid":{"rendered":"https:\/\/hostnetart.com.br\/baixada\/reforma-trabalhista-esta-subordinada-a-constituicao\/"},"modified":"2018-05-07T16:39:35","modified_gmt":"2018-05-07T19:39:35","slug":"reforma-trabalhista-esta-subordinada-a-constituicao","status":"publish","type":"post","link":"https:\/\/hostnetart.com.br\/baixada\/reforma-trabalhista-esta-subordinada-a-constituicao\/","title":{"rendered":"Reforma trabalhista est\u00e1 subordinada \u00e0 Constitui\u00e7\u00e3o"},"content":{"rendered":"<div class=\"content\">\n<p>A nova Lei Trabalhista (Lei 13.467), n\u00e3o pode ser aplicada aos processos ajuizados antes de 11 de novembro de 2017. A reforma deve ser aplicada de acordo com a Constitui\u00e7\u00e3o Federal e as conven\u00e7\u00f5es e tratados internacionais e os ju\u00edzes do Trabalho, em suas decis\u00f5es, n\u00e3o podem ser tolhidos na sua livre convic\u00e7\u00e3o motivada. Esta foi uma das 103 resolu\u00e7\u00f5es do 19\u00ba Congresso Nacional da Associa\u00e7\u00e3o Nacional dos Magistrados da Justi\u00e7a do Trabalho (Anamatra), ocorrido de 2 a 5 de maio, em Belo Horizonte (MG).<\/p>\n<p>Aprovou-se, tamb\u00e9m, tese pela qual se entende inconstitucional qualquer norma que blinde o conte\u00fado dos acordos e conven\u00e7\u00f5es coletivas de trabalho da aprecia\u00e7\u00e3o da Justi\u00e7a do Trabalho, inclusive quanto \u00e0 sua constitucionalidade, convencionalidade, legalidade e conformidade com a ordem p\u00fablica social; e, da mesma forma, a que denuncia como autorit\u00e1ria e antirrepublicana toda a\u00e7\u00e3o pol\u00edtica, midi\u00e1tica ou administrativa que impute ao juiz do trabalho o \u201cdever\u201d de interpretar a Lei n\u00ba 13.467\/2017 de modo exclusivamente literal.<\/p>\n<p><ins><strong><a href=\"https:\/\/www.anamatra.org.br\/imprensa\/noticias\/26463-plenaria-conamat\" target=\"_blank\" rel=\"noopener noreferrer\">Leia mais<\/a><\/strong><\/ins> no site da Anamatra.<\/p>\n<\/div>\n<p id=\"page-author\"><strong>Fonte: Contraf-CUT<\/strong><\/p>\n","protected":false},"excerpt":{"rendered":"<p>A nova Lei Trabalhista (Lei 13.467), n\u00e3o pode ser aplicada aos processos ajuizados antes de 11 de novembro de 2017. A reforma deve ser aplicada de acordo com a Constitui\u00e7\u00e3o Federal e as conven\u00e7\u00f5es e tratados internacionais e os ju\u00edzes do Trabalho, em suas decis\u00f5es, n\u00e3o podem ser tolhidos na sua livre convic\u00e7\u00e3o motivada. Esta [&hellip;]<\/p>\n","protected":false},"author":2,"featured_media":4306,"comment_status":"","ping_status":"","sticky":false,"template":"","format":"standard","meta":{"footnotes":""},"categories":[3],"tags":[],"class_list":["post-4307","post","type-post","status-publish","format-standard","has-post-thumbnail","hentry","category-noticias"],"_links":{"self":[{"href":"https:\/\/hostnetart.com.br\/baixada\/wp-json\/wp\/v2\/posts\/4307","targetHints":{"allow":["GET"]}}],"collection":[{"href":"https:\/\/hostnetart.com.br\/baixada\/wp-json\/wp\/v2\/posts"}],"about":[{"href":"https:\/\/hostnetart.com.br\/baixada\/wp-json\/wp\/v2\/types\/post"}],"author":[{"embeddable":true,"href":"https:\/\/hostnetart.com.br\/baixada\/wp-json\/wp\/v2\/users\/2"}],"replies":[{"embeddable":true,"href":"https:\/\/hostnetart.com.br\/baixada\/wp-json\/wp\/v2\/comments?post=4307"}],"version-history":[{"count":0,"href":"https:\/\/hostnetart.com.br\/baixada\/wp-json\/wp\/v2\/posts\/4307\/revisions"}],"wp:featuredmedia":[{"embeddable":true,"href":"https:\/\/hostnetart.com.br\/baixada\/wp-json\/wp\/v2\/media\/4306"}],"wp:attachment":[{"href":"https:\/\/hostnetart.com.br\/baixada\/wp-json\/wp\/v2\/media?parent=4307"}],"wp:term":[{"taxonomy":"category","embeddable":true,"href":"https:\/\/hostnetart.com.br\/baixada\/wp-json\/wp\/v2\/categories?post=4307"},{"taxonomy":"post_tag","embeddable":true,"href":"https:\/\/hostnetart.com.br\/baixada\/wp-json\/wp\/v2\/tags?post=4307"}],"curies":[{"name":"wp","href":"https:\/\/api.w.org\/{rel}","templated":true}]}}