{"id":4305,"date":"2018-05-04T20:46:49","date_gmt":"2018-05-04T23:46:49","guid":{"rendered":"https:\/\/hostnetart.com.br\/baixada\/jornada-dupla-mulheres-trabalham-10-horas-a-mais-do-que-homens\/"},"modified":"2018-05-04T20:46:49","modified_gmt":"2018-05-04T23:46:49","slug":"jornada-dupla-mulheres-trabalham-10-horas-a-mais-do-que-homens","status":"publish","type":"post","link":"https:\/\/hostnetart.com.br\/baixada\/jornada-dupla-mulheres-trabalham-10-horas-a-mais-do-que-homens\/","title":{"rendered":"Jornada dupla: mulheres trabalham 10 horas a mais do que homens"},"content":{"rendered":"<p>A situa\u00e7\u00e3o das mulheres em rela\u00e7\u00e3o aos trabalhos dom\u00e9sticos n\u00e3o tem avan\u00e7ado. Segundo o IBGE, elas trabalham dez horas a mais que os homens, com jornada dupla e pouca ajuda em casa.<\/p>\n<p>A divis\u00e3o do tempo entre o trabalho assalariado e o dom\u00e9stico \u00e9 a rotina de quase 93% das mulheres e de 78% dos homens que trabalham fora de casa. A diferen\u00e7a \u00e9 que as mulheres trabalham 21 horas por semana em casa, e os homens apenas 11 horas.<\/p>\n<p>Depois de oito horas de trabalho numa empresa, Elisete chega em casa e come\u00e7a <a class=\"internal-link\" title=\"\" href=\"http:\/\/www.redebrasilatual.com.br\/trabalho\/2016\/10\/trabalho-precario-limita-a-autonomia-das-mulheres-3036.html\" target=\"_blank\" rel=\"noopener noreferrer\">uma nova jornada<\/a>: os afazeres dom\u00e9sticos e o cuidado com a fam\u00edlia. &#8220;A minha vida \u00e9 assim. Chego do trabalho e vou fazer o servi\u00e7o de casa tamb\u00e9m para n\u00e3o acumular muito&#8221;, conta em entrevista ao rep\u00f3rter J\u00f4 Myiagui, da\u00a0<strong>TVT<\/strong>.<\/p>\n<p>Varrer, cozinhar, lavar a roupa e lou\u00e7a. Essas atividades de cuidados com o lar n\u00e3o aparecem nas estat\u00edsticas econ\u00f4micas, mas o trabalho \u00e9 o mesmo de faxineiras, empregadas dom\u00e9sticas, cuidadora de idosos e bab\u00e1s.<\/p>\n<p>&#8220;Mulheres acabam saindo do trabalho porque n\u00e3o t\u00eam com quem deixar o seu filho e v\u00e3o trabalhar dentro de casa, cuidando da crian\u00e7a. Isso n\u00e3o \u00e9 remunerado ou valorizado pela sociedade&#8221;, afirma M\u00e1rcia Viana, da Secretaria de Mulheres da CUT.<\/p>\n<p>Quando o governo Temer <a class=\"internal-link\" title=\"\" href=\"http:\/\/www.redebrasilatual.com.br\/trabalho\/2016\/12\/reforma-da-previdencia-e-violenta-cruel-e-maldosa-2372.html\" target=\"_blank\" rel=\"noopener noreferrer\">apresentou a reforma da Previd\u00eancia<\/a> tinha como objetivo igualar a idade de aposentadoria para homens e mulheres, sem levar em conta a dupla jornada. \u201cEle achava privil\u00e9gio a mulher viver por mais anos, quando na verdade ele n\u00e3o considerava em nada essa segunda jornada de trabalho, como se tudo fosse feito sozinho ou magicamente&#8221;, diz Rachel Moreno, psic\u00f3loga do Observat\u00f3rio da Mulher.<\/p>\n<p>Pol\u00edticas p\u00fablicas como constru\u00e7\u00e3o de creches, escolas de tempo integral e at\u00e9 restaurantes populares podem ajudar na redu\u00e7\u00e3o desse trabalho extra. &#8220;No Brasil, o que n\u00f3s temos \u00e9 uma restri\u00e7\u00e3o das despesas do Estado, tirando inclusive a verba e reduzindo a quantidade de creches&#8221;, acrescenta Rachel.<\/p>\n<p>\u00a0<\/p>\n<p><span style=\"text-decoration: underline;\"><em><strong>FONTE: Rede Brasil Atual<\/strong><\/em><\/span><\/p>\n","protected":false},"excerpt":{"rendered":"<p>A situa\u00e7\u00e3o das mulheres em rela\u00e7\u00e3o aos trabalhos dom\u00e9sticos n\u00e3o tem avan\u00e7ado. Segundo o IBGE, elas trabalham dez horas a mais que os homens, com jornada dupla e pouca ajuda em casa. A divis\u00e3o do tempo entre o trabalho assalariado e o dom\u00e9stico \u00e9 a rotina de quase 93% das mulheres e de 78% dos [&hellip;]<\/p>\n","protected":false},"author":2,"featured_media":4304,"comment_status":"","ping_status":"","sticky":false,"template":"","format":"standard","meta":{"footnotes":""},"categories":[3],"tags":[],"class_list":["post-4305","post","type-post","status-publish","format-standard","has-post-thumbnail","hentry","category-noticias"],"_links":{"self":[{"href":"https:\/\/hostnetart.com.br\/baixada\/wp-json\/wp\/v2\/posts\/4305","targetHints":{"allow":["GET"]}}],"collection":[{"href":"https:\/\/hostnetart.com.br\/baixada\/wp-json\/wp\/v2\/posts"}],"about":[{"href":"https:\/\/hostnetart.com.br\/baixada\/wp-json\/wp\/v2\/types\/post"}],"author":[{"embeddable":true,"href":"https:\/\/hostnetart.com.br\/baixada\/wp-json\/wp\/v2\/users\/2"}],"replies":[{"embeddable":true,"href":"https:\/\/hostnetart.com.br\/baixada\/wp-json\/wp\/v2\/comments?post=4305"}],"version-history":[{"count":0,"href":"https:\/\/hostnetart.com.br\/baixada\/wp-json\/wp\/v2\/posts\/4305\/revisions"}],"wp:featuredmedia":[{"embeddable":true,"href":"https:\/\/hostnetart.com.br\/baixada\/wp-json\/wp\/v2\/media\/4304"}],"wp:attachment":[{"href":"https:\/\/hostnetart.com.br\/baixada\/wp-json\/wp\/v2\/media?parent=4305"}],"wp:term":[{"taxonomy":"category","embeddable":true,"href":"https:\/\/hostnetart.com.br\/baixada\/wp-json\/wp\/v2\/categories?post=4305"},{"taxonomy":"post_tag","embeddable":true,"href":"https:\/\/hostnetart.com.br\/baixada\/wp-json\/wp\/v2\/tags?post=4305"}],"curies":[{"name":"wp","href":"https:\/\/api.w.org\/{rel}","templated":true}]}}