{"id":4303,"date":"2018-05-04T20:45:53","date_gmt":"2018-05-04T23:45:53","guid":{"rendered":"https:\/\/hostnetart.com.br\/baixada\/financiarios-aprovam-minuta-de-reivindicacoes-da-campanha-nacional-2018\/"},"modified":"2018-05-04T20:45:53","modified_gmt":"2018-05-04T23:45:53","slug":"financiarios-aprovam-minuta-de-reivindicacoes-da-campanha-nacional-2018","status":"publish","type":"post","link":"https:\/\/hostnetart.com.br\/baixada\/financiarios-aprovam-minuta-de-reivindicacoes-da-campanha-nacional-2018\/","title":{"rendered":"Financi\u00e1rios aprovam minuta de reivindica\u00e7\u00f5es da Campanha Nacional 2018"},"content":{"rendered":"<div class=\"content\">\n<p>A 3\u00aa Confer\u00eancia Nacional dos Financi\u00e1rios definiu, nesta sexta-feira (4), a minuta de reivindica\u00e7\u00f5es que dever\u00e1 ser apresentada \u00e0 Federa\u00e7\u00e3o Interestadual das Institui\u00e7\u00f5es de Cr\u00e9dito, Financiamento e Investimento (Fenacrefi), no in\u00edcio da Campanha Nacional da categoria, que tem como data base 1\u00ba de junho.<\/p>\n<p>Jair Alves, coordenador do coletivo das financeiras, revela que o objetivo \u00e9 manter a atual Conven\u00e7\u00e3o Coletiva de Trabalho, com ajustes. \u201cEsta ser\u00e1 a primeira negocia\u00e7\u00e3o ap\u00f3s a Reforma Trabalhista. Por isso temos que garantir a manuten\u00e7\u00e3o dos nossos direitos, com garantias de que a nova lei n\u00e3o nos afete.\u201d<\/p>\n<p>Antes da apresenta\u00e7\u00e3o para a bancada patronal, o material deve passar pela avalia\u00e7\u00e3o do Comando Nacional dos Banc\u00e1rios e da categoria, por meio de assembleias.<\/p>\n<p>Para Juvandia Moreira, presidenta da Contraf-CUT, a grande batalha desse ano vai ser dialogar com os trabalhadores sobre o quanto as elei\u00e7\u00f5es s\u00e3o estrat\u00e9gicas para a gente. \u201cN\u00f3s queremos manter nossos direitos ou queremos perder ainda mais direitos? A nova lei trabalhista trouxe uma s\u00e9rie de preju\u00edzos para a classe trabalhadora e n\u00f3s n\u00e3o vamos resgatar isso se n\u00e3o mantivermos a democracia, o direito de manifesta\u00e7\u00e3o popular. A gente precisa dizer isso para os trabalhadores. Est\u00e1 na hora de unir a classe trabalhadora, pois juntos somos mais fortes. A males que vem para o bem. O ruim disso tudo \u00e9 a perda de direitos, mas o bom \u00e9 uma classe trabalhadora mais unida, politizada e fortalecida.\u201d<\/p>\n<p>Na manh\u00e3 desta sexta, Barbara Valejos, t\u00e9cnica do Dieese na subse\u00e7\u00e3o do Dieese na Contraf-CUT, fez um relato sobre a\u00a0<a href=\"http:\/\/www.contrafcut.org.br\/noticias\/contraf-cut-participa-da-reuniao-de-coordenacao-do-macrossetor-de-servicos-da-cu-7892\" target=\"_blank\" rel=\"noopener noreferrer\">reuni\u00e3o de coordena\u00e7\u00e3o do Macrossetor de Servi\u00e7os da CUT<\/a>, realizada ontem, que mostrou a import\u00e2ncia da organiza\u00e7\u00e3o de base. Barbara ainda abordou o compartilhamento das sindicaliza\u00e7\u00f5es.<\/p>\n<p>\u201cA cada ano a Confer\u00eancia Nacional dos Financiarios cresce na participa\u00e7\u00e3o das representa\u00e7\u00f5es e avan\u00e7a na qualidade dos debates espec\u00edficos do ramo financeiro, o que me deixa muito otimista para conquistarmos mais\u201d, afirmou Katlin Salles, do Sindicato dos Banc\u00e1rios de Curitiba.<\/p>\n<p>\u201cOs financiarios do estado do Paran\u00e1, representados pela Fetec PR, precisam se engajar nesta luta, participando das instancias de delibera\u00e7\u00f5es e atos, para que juntos consigamos manter e agregar anseios da categoria\u201d afirmou Eliane Fontana, Diretora do Ramo Financeiro na FETEC- PR.<\/p>\n<p><strong>Emprego<\/strong><\/p>\n<p>Na tarde de quinta-feira (4), Catia Uehara, economista do Dieese baseada no Sindicato dos Banc\u00e1rios de S\u00e3o Paulo, apresentou um estudo sobre o emprego nas financeiras. A Rela\u00e7\u00e3o Anual de Informa\u00e7\u00f5es Sociais do Minist\u00e9rio do Trabalho e Emprego (RAIS-MTE) registrou a exist\u00eancia de 5.624 financi\u00e1rios em dezembro de 2016. Essa categoria de trabalhadores representa 0,7% do total do emprego no sistema financeiro formal (853.575).<\/p>\n<p>Quando se observa a evolu\u00e7\u00e3o do emprego no setor financeiro no per\u00edodo compreendido entre 2006 e 2016, nota-se que os financi\u00e1rios tiveram aumento de 17,3% no emprego, passando de 4.796 trabalhadores em 2006 para 5.624 em 2016. Tal crescimento foi inferior \u00e0 m\u00e9dia observada para o Sistema Financeiro (28,7%).<\/p>\n<p>Por outro lado, as financeiras aumentaram significativamente a contrata\u00e7\u00e3o de correspondentes banc\u00e1rios no per\u00edodo. Em dezembro de 2007, as financeiras haviam contratado 4.134 correspondentes banc\u00e1rios. Em dezembro de 2016, esse n\u00famero subiu para 34.568, representando aumento de 736,2%.<\/p>\n<p>A remunera\u00e7\u00e3o m\u00e9dia dos financi\u00e1rios aumentou 15,5%, em termos reais, entre 2006 e 2016, ganho superior \u00e0quela percebida na m\u00e9dia do Setor Financeiro (7,6%).<\/p>\n<p>Quanto ao perfil, os dados dos Registros Administrativos do Minist\u00e9rio do Trabalho e Emprego, demonstram que as mulheres s\u00e3o maioria (57%) entre os financi\u00e1rios, por\u00e9m, recebem remunera\u00e7\u00f5es, em m\u00e9dia, 31,9% inferiores \u00e0 dos homens.<\/p>\n<\/div>\n<p id=\"page-author\"><span style=\"text-decoration: underline;\"><em><strong>Fonte: Contraf-CUT<\/strong><\/em><\/span><\/p>\n","protected":false},"excerpt":{"rendered":"<p>A 3\u00aa Confer\u00eancia Nacional dos Financi\u00e1rios definiu, nesta sexta-feira (4), a minuta de reivindica\u00e7\u00f5es que dever\u00e1 ser apresentada \u00e0 Federa\u00e7\u00e3o Interestadual das Institui\u00e7\u00f5es de Cr\u00e9dito, Financiamento e Investimento (Fenacrefi), no in\u00edcio da Campanha Nacional da categoria, que tem como data base 1\u00ba de junho. Jair Alves, coordenador do coletivo das financeiras, revela que o objetivo [&hellip;]<\/p>\n","protected":false},"author":2,"featured_media":4302,"comment_status":"","ping_status":"","sticky":false,"template":"","format":"standard","meta":{"footnotes":""},"categories":[3],"tags":[],"class_list":["post-4303","post","type-post","status-publish","format-standard","has-post-thumbnail","hentry","category-noticias"],"_links":{"self":[{"href":"https:\/\/hostnetart.com.br\/baixada\/wp-json\/wp\/v2\/posts\/4303","targetHints":{"allow":["GET"]}}],"collection":[{"href":"https:\/\/hostnetart.com.br\/baixada\/wp-json\/wp\/v2\/posts"}],"about":[{"href":"https:\/\/hostnetart.com.br\/baixada\/wp-json\/wp\/v2\/types\/post"}],"author":[{"embeddable":true,"href":"https:\/\/hostnetart.com.br\/baixada\/wp-json\/wp\/v2\/users\/2"}],"replies":[{"embeddable":true,"href":"https:\/\/hostnetart.com.br\/baixada\/wp-json\/wp\/v2\/comments?post=4303"}],"version-history":[{"count":0,"href":"https:\/\/hostnetart.com.br\/baixada\/wp-json\/wp\/v2\/posts\/4303\/revisions"}],"wp:featuredmedia":[{"embeddable":true,"href":"https:\/\/hostnetart.com.br\/baixada\/wp-json\/wp\/v2\/media\/4302"}],"wp:attachment":[{"href":"https:\/\/hostnetart.com.br\/baixada\/wp-json\/wp\/v2\/media?parent=4303"}],"wp:term":[{"taxonomy":"category","embeddable":true,"href":"https:\/\/hostnetart.com.br\/baixada\/wp-json\/wp\/v2\/categories?post=4303"},{"taxonomy":"post_tag","embeddable":true,"href":"https:\/\/hostnetart.com.br\/baixada\/wp-json\/wp\/v2\/tags?post=4303"}],"curies":[{"name":"wp","href":"https:\/\/api.w.org\/{rel}","templated":true}]}}