{"id":4297,"date":"2018-05-03T15:12:59","date_gmt":"2018-05-03T18:12:59","guid":{"rendered":"https:\/\/hostnetart.com.br\/baixada\/livro-mostra-a-perversidade-da-reforma-trabalhista\/"},"modified":"2018-05-03T15:12:59","modified_gmt":"2018-05-03T18:12:59","slug":"livro-mostra-a-perversidade-da-reforma-trabalhista","status":"publish","type":"post","link":"https:\/\/hostnetart.com.br\/baixada\/livro-mostra-a-perversidade-da-reforma-trabalhista\/","title":{"rendered":"Livro mostra a perversidade da reforma trabalhista"},"content":{"rendered":"<p>O livro <em>Dimens\u00f5es cr\u00edticas da reforma trabalhista<\/em>, organizado por <a class=\"external-link\" title=\"\" href=\"https:\/\/cartacapital.com.br\/economia\/reforma-trabalhista-joga-contra-qualquer-projeto-de-desenvolvimento\" target=\"_blank\" rel=\"noopener noreferrer\">Jos\u00e9 Dari Krein<\/a>, Denis Gimenez e Anselmo dos Santos no \u00e2mbito de um conv\u00eanio entre o Minist\u00e9rio P\u00fablico do Trabalho e o Centro de Estudos Sindicais e Economia do Trabalho (Cesit) da Unicamp, \u00e9, possivelmente, o mais completo trabalho sobre a <a class=\"internal-link\" title=\"\" href=\"https:\/\/www.cartacapital.com.br\/revista\/949\/retrocessos-da-reforma-trabalhista\" target=\"_self\">reforma trabalhista<\/a> aprovada pelo Congresso Nacional em 2017. <\/p>\n<p>Mais de 20 pesquisadores foram mobilizados para tratar de v\u00e1rias dimens\u00f5es da reforma trabalhista; a experi\u00eancia internacional, os impactos sobre a flexibiliza\u00e7\u00e3o das rela\u00e7\u00f5es de trabalho, sobre os <a class=\"internal-link\" title=\"\" href=\"https:\/\/www.cartacapital.com.br\/politica\/para-onde-foram-os-sindicatos-9243.html\" target=\"_self\">sindicatos<\/a>, sobre a desigualdade e a vulnerabilidade dos trabalhadores, sobre o <a class=\"internal-link\" title=\"\" href=\"https:\/\/www.cartacapital.com.br\/sociedade\/os-dilemas-da-previdencia-social\" target=\"_self\">financiamento da Previd\u00eancia Social<\/a>, dentre outros temas.<\/p>\n<p>Acesse o livro completo <a href=\"file:\/\/\/C:\/Users\/Administrador\/Downloads\/LIVRO%20-%20Dimenso%CC%83es%20Cri%CC%81ticas%20da%20Reforma%20Trabalhista%20no%20Brasil.pdf\">AQUI<\/a>.<\/p>\n<p>Confira um trecho da\u00a0introdu\u00e7\u00e3o assinado pelos organizadores:<\/p>\n<p>Trata-se de uma contribui\u00e7\u00e3o aos pesquisadores da \u00e1rea do trabalho, com o objetivo de fornecer subs\u00eddios capazes de orientar outros estudos e o acompanhamento dos desdobramentos da reforma. Procura tamb\u00e9m oferecer uma s\u00e9rie de indicadores e reflex\u00f5es que podem colaborar com a\u00e7\u00f5es de institui\u00e7\u00f5es p\u00fablicas nas tem\u00e1ticas abrangidas pela reforma, considerando a situa\u00e7\u00e3o do trabalho e dos trabalhadores no Brasil, no contexto da atual crise econ\u00f4mica (2014-2017).<\/p>\n<p>A reforma trabalhista significa uma mudan\u00e7a substantiva no padr\u00e3o de regula\u00e7\u00e3o do trabalho no Brasil, pois altera mais do que as rela\u00e7\u00f5es de emprego, tendendo a produzir efeitos delet\u00e9rios sobre a economia, o mercado de trabalho, a prote\u00e7\u00e3o social e a forma de organiza\u00e7\u00e3o da sociedade brasileira.<\/p>\n<p><em><strong>Leia tamb\u00e9m: <a class=\"external-link\" title=\"\" href=\"https:\/\/cartacapital.com.br\/politica\/Apos-reforma-numero-de-novos-processos-trabalhistas-caiu-pela-metade\" target=\"_blank\" rel=\"noopener noreferrer\">Ap\u00f3s reforma, n\u00famero de novos processos trabalhistas caiu pela metade<\/a><\/strong><\/em><\/p>\n<p>De forma bastante sint\u00e9tica, a reforma modifica os elementos centrais da rela\u00e7\u00e3o de emprego, uma vez que: (1) amplia as possibilidades de utiliza\u00e7\u00e3o de modalidades de contrata\u00e7\u00e3o a termo e introduz a figura do <a class=\"internal-link\" title=\"\" href=\"https:\/\/www.cartacapital.com.br\/economia\/apos-trabalho-intermitente-varejo-comeca-a-testar-jornada-de-12-horas\" target=\"_self\">contrato intermitente<\/a>, do trabalhador aut\u00f4nomo permanente e do <i>home office<\/i>; 2) viabiliza in\u00fameras formas de flexibiliza\u00e7\u00e3o da utiliza\u00e7\u00e3o do tempo de vida do trabalhador em favor da empresa; 3) permite o avan\u00e7o da remunera\u00e7\u00e3o vari\u00e1vel e o pagamento como n\u00e3o sal\u00e1rio.<\/p>\n<p>Em outras palavras, ela constitui um sistema que amplia o poder e a liberdade do capital para determinar as condi\u00e7\u00f5es de contrata\u00e7\u00e3o, uso e remunera\u00e7\u00e3o do trabalho. Sua contraface \u00e9 deixar o trabalhador em uma condi\u00e7\u00e3o de maior inseguran\u00e7a, vulnerabilidade e risco, com consequ\u00eancias negativas sobre a vida pessoal, familiar e social.<\/p>\n<p>A viabiliza\u00e7\u00e3o desse novo padr\u00e3o requer fragilizar, n\u00e3o somente os direitos inscritos no arcabou\u00e7o legal institucional, bem como esvaziar as institui\u00e7\u00f5es p\u00fablicas respons\u00e1veis em assegurar a efetiva\u00e7\u00e3o dos direitos. Na mesma perspectiva, enfraquece os sindicatos e descentraliza as negocia\u00e7\u00f5es coletivas. Portanto, \u00e9 uma reforma que altera substantivamente as condi\u00e7\u00f5es sob as quais se estrutura o mundo do trabalho em nosso pa\u00eds.<\/p>\n<p>O livro aborda o debate sobre os impactos da reforma trabalhista no mercado e nas rela\u00e7\u00f5es de trabalho, nas negocia\u00e7\u00f5es coletivas, na organiza\u00e7\u00e3o sindical, na prote\u00e7\u00e3o social, na atua\u00e7\u00e3o das institui\u00e7\u00f5es p\u00fablicas do trabalho (<a class=\"internal-link\" title=\"\" href=\"https:\/\/www.cartacapital.com.br\/blogs\/quadrinsta\/justica-impede-terceirizacao-do-ministerio-do-trabalho\" target=\"_self\">Justi\u00e7a do Trabalho<\/a> e sistema federal de inspe\u00e7\u00e3o), nas contribui\u00e7\u00f5es sociais vinculadas \u00e0 folha de pagamento e no desenvolvimento do pa\u00eds.<\/p>\n<p>Al\u00e9m disso, a partir de experi\u00eancias internacionais, o estudo investiga como as reformas flexibilizadoras levadas a efeito em outros pa\u00edses est\u00e3o contribuindo para reconfigurar o mundo e as rela\u00e7\u00f5es de trabalho, a prote\u00e7\u00e3o social e o papel das institui\u00e7\u00f5es p\u00fablicas do trabalho. Ao fazer um primeiro e geral diagn\u00f3stico sobre a situa\u00e7\u00e3o do trabalho <span style=\"text-decoration-line: underline;\">antes<\/span> da implanta\u00e7\u00e3o da reforma, os artigos trazem elementos que permitem construir metodologias para acompanhar os desdobramentos de muitas de suas dimens\u00f5es, fornecendo a base para estudos futuros.<\/p>\n<p>\u00a0<\/p>\n<p><strong>FONTE: Carta Capital<\/strong><\/p>\n","protected":false},"excerpt":{"rendered":"<p>O livro Dimens\u00f5es cr\u00edticas da reforma trabalhista, organizado por Jos\u00e9 Dari Krein, Denis Gimenez e Anselmo dos Santos no \u00e2mbito de um conv\u00eanio entre o Minist\u00e9rio P\u00fablico do Trabalho e o Centro de Estudos Sindicais e Economia do Trabalho (Cesit) da Unicamp, \u00e9, possivelmente, o mais completo trabalho sobre a reforma trabalhista aprovada pelo Congresso [&hellip;]<\/p>\n","protected":false},"author":2,"featured_media":4296,"comment_status":"","ping_status":"","sticky":false,"template":"","format":"standard","meta":{"footnotes":""},"categories":[3],"tags":[],"class_list":["post-4297","post","type-post","status-publish","format-standard","has-post-thumbnail","hentry","category-noticias"],"_links":{"self":[{"href":"https:\/\/hostnetart.com.br\/baixada\/wp-json\/wp\/v2\/posts\/4297","targetHints":{"allow":["GET"]}}],"collection":[{"href":"https:\/\/hostnetart.com.br\/baixada\/wp-json\/wp\/v2\/posts"}],"about":[{"href":"https:\/\/hostnetart.com.br\/baixada\/wp-json\/wp\/v2\/types\/post"}],"author":[{"embeddable":true,"href":"https:\/\/hostnetart.com.br\/baixada\/wp-json\/wp\/v2\/users\/2"}],"replies":[{"embeddable":true,"href":"https:\/\/hostnetart.com.br\/baixada\/wp-json\/wp\/v2\/comments?post=4297"}],"version-history":[{"count":0,"href":"https:\/\/hostnetart.com.br\/baixada\/wp-json\/wp\/v2\/posts\/4297\/revisions"}],"wp:featuredmedia":[{"embeddable":true,"href":"https:\/\/hostnetart.com.br\/baixada\/wp-json\/wp\/v2\/media\/4296"}],"wp:attachment":[{"href":"https:\/\/hostnetart.com.br\/baixada\/wp-json\/wp\/v2\/media?parent=4297"}],"wp:term":[{"taxonomy":"category","embeddable":true,"href":"https:\/\/hostnetart.com.br\/baixada\/wp-json\/wp\/v2\/categories?post=4297"},{"taxonomy":"post_tag","embeddable":true,"href":"https:\/\/hostnetart.com.br\/baixada\/wp-json\/wp\/v2\/tags?post=4297"}],"curies":[{"name":"wp","href":"https:\/\/api.w.org\/{rel}","templated":true}]}}