{"id":4295,"date":"2018-05-03T14:20:34","date_gmt":"2018-05-03T17:20:34","guid":{"rendered":"https:\/\/hostnetart.com.br\/baixada\/bancarios-participam-de-atos-no-1-de-maio-por-todo-o-brasil\/"},"modified":"2018-05-03T14:20:34","modified_gmt":"2018-05-03T17:20:34","slug":"bancarios-participam-de-atos-no-1-de-maio-por-todo-o-brasil","status":"publish","type":"post","link":"https:\/\/hostnetart.com.br\/baixada\/bancarios-participam-de-atos-no-1-de-maio-por-todo-o-brasil\/","title":{"rendered":"Banc\u00e1rios participam de atos no 1\u00ba de maio por todo o Brasil"},"content":{"rendered":"<div class=\"content\">\n<p>Os banc\u00e1rios participaram dos atos deste 1\u00ba de maio, Dia do Trabalhador, realizados pela CUT e demais centrais sindicais do Brasil, e as frentes Brasil Popular e Povo Sem Medo em parceria com a Confedera\u00e7\u00e3o Nacional dos Trabalhadores do Ramo Financeiro (Contraf-CUT). As manifesta\u00e7\u00f5es ocorrem em v\u00e1rias capitais do pa\u00eds.<\/p>\n<p>Em Curitiba, capital onde o ex-presidente Lula \u00e9 mantido como preso pol\u00edtico, desde 7 de abril, foi realizado o primeiro grande ato unificado pelas centrais desde a redemocratiza\u00e7\u00e3o do Brasil. A atividade contou com a presen\u00e7a de artistas, que se apresentaram desde \u00e0s 14h na Pra\u00e7a Santos Andrade (Pra\u00e7a da Democracia). \u00c0s 16h, houve um ato pol\u00edtico com a presen\u00e7a dos presidentes das centrais sindicais, representantes dos movimentos populares e parlamentares.<\/p>\n<p>\u201cSa\u00edmos \u00e0s ruas neste 1\u00ba de maio para mostrar nossa indigna\u00e7\u00e3o contra os ataques que o governo Temer e seus aliados est\u00e3o promovendo aos direitos dos trabalhadores. Mas, tamb\u00e9m para defender a democracia, a liberdade do presidente Lula, o direito de ele ser candidato e justi\u00e7a para Marielle, que foi assassinada h\u00e1 mais de um m\u00eas e nenhum dos culpados est\u00e3o presos\u201d, explicou Juvandia Moreira, presidenta da Confedera\u00e7\u00e3o Nacional dos Trabalhadores do Ramo Financeiro (Contraf-CUT).<\/p>\n<p>Uma pol\u00edtica econ\u00f4mica de gera\u00e7\u00e3o de empregos e renda, seguridade e previd\u00eancia social, o fim da lei do congelamento de investimentos em pol\u00edticas sociais e a revoga\u00e7\u00e3o da reforma Trabalhista foram outras pautas comuns de interesse da classe trabalhadora defendidas nas atividades.<\/p>\n<p>\u201cPela primeira vez temos um ato de 1\u00ba de Maio unit\u00e1rio desde o surgimento de todas as centrais sindicais. E \u00e9 importante destacar isso porque somente Lula foi capaz de nos unificar. Est\u00e3o todos aqui unidos em defesa de Lula, em defesa da classe trabalhadora\u201d, disse Vagner Freitas, presidente da Central \u00danica dos Trabalhadores (CUT).<\/p>\n<p>Em S\u00e3o Paulo, a CUT, CTB, Intersindical e movimentos organizados nas frentes Brasil Popular e Povo Sem Medo realizaram o tradicional 1\u00ba de Maio, Dia dos Trabalhadores e das Trabalhadoras. A atividade, realizada na Pra\u00e7a da Rep\u00fablica, no centro da capital paulista, foi mantida em solidariedade \u00e0s 400 v\u00edtimas do inc\u00eandio ocorrido na madrugada de ter\u00e7a-feira (1). Durante o ato, que reuniu 10 mil pessoas, um minuto de sil\u00eancio foi feito.<\/p>\n<p>\u00a0 <\/p>\n<\/div>\n<p id=\"page-author\"><strong>Fonte: Contraf-CUT<\/strong><\/p>\n","protected":false},"excerpt":{"rendered":"<p>Os banc\u00e1rios participaram dos atos deste 1\u00ba de maio, Dia do Trabalhador, realizados pela CUT e demais centrais sindicais do Brasil, e as frentes Brasil Popular e Povo Sem Medo em parceria com a Confedera\u00e7\u00e3o Nacional dos Trabalhadores do Ramo Financeiro (Contraf-CUT). As manifesta\u00e7\u00f5es ocorrem em v\u00e1rias capitais do pa\u00eds. Em Curitiba, capital onde o [&hellip;]<\/p>\n","protected":false},"author":2,"featured_media":4294,"comment_status":"","ping_status":"","sticky":false,"template":"","format":"standard","meta":{"footnotes":""},"categories":[3],"tags":[],"class_list":["post-4295","post","type-post","status-publish","format-standard","has-post-thumbnail","hentry","category-noticias"],"_links":{"self":[{"href":"https:\/\/hostnetart.com.br\/baixada\/wp-json\/wp\/v2\/posts\/4295","targetHints":{"allow":["GET"]}}],"collection":[{"href":"https:\/\/hostnetart.com.br\/baixada\/wp-json\/wp\/v2\/posts"}],"about":[{"href":"https:\/\/hostnetart.com.br\/baixada\/wp-json\/wp\/v2\/types\/post"}],"author":[{"embeddable":true,"href":"https:\/\/hostnetart.com.br\/baixada\/wp-json\/wp\/v2\/users\/2"}],"replies":[{"embeddable":true,"href":"https:\/\/hostnetart.com.br\/baixada\/wp-json\/wp\/v2\/comments?post=4295"}],"version-history":[{"count":0,"href":"https:\/\/hostnetart.com.br\/baixada\/wp-json\/wp\/v2\/posts\/4295\/revisions"}],"wp:featuredmedia":[{"embeddable":true,"href":"https:\/\/hostnetart.com.br\/baixada\/wp-json\/wp\/v2\/media\/4294"}],"wp:attachment":[{"href":"https:\/\/hostnetart.com.br\/baixada\/wp-json\/wp\/v2\/media?parent=4295"}],"wp:term":[{"taxonomy":"category","embeddable":true,"href":"https:\/\/hostnetart.com.br\/baixada\/wp-json\/wp\/v2\/categories?post=4295"},{"taxonomy":"post_tag","embeddable":true,"href":"https:\/\/hostnetart.com.br\/baixada\/wp-json\/wp\/v2\/tags?post=4295"}],"curies":[{"name":"wp","href":"https:\/\/api.w.org\/{rel}","templated":true}]}}