{"id":4287,"date":"2018-05-02T14:00:17","date_gmt":"2018-05-02T17:00:17","guid":{"rendered":"https:\/\/hostnetart.com.br\/baixada\/neoliberalismo-o-grande-inimigo-da-valorizacao-do-trabalho\/"},"modified":"2018-05-02T14:00:17","modified_gmt":"2018-05-02T17:00:17","slug":"neoliberalismo-o-grande-inimigo-da-valorizacao-do-trabalho","status":"publish","type":"post","link":"https:\/\/hostnetart.com.br\/baixada\/neoliberalismo-o-grande-inimigo-da-valorizacao-do-trabalho\/","title":{"rendered":"Neoliberalismo, o grande inimigo da valoriza\u00e7\u00e3o do trabalho"},"content":{"rendered":"<p>Com a<a class=\"internal-link\" title=\"\" href=\"http:\/\/www.redebrasilatual.com.br\/economia\/2018\/04\/pais-ganha-1-4-milhao-de-desempregados-em-tres-meses\" target=\"_blank\" rel=\"noopener noreferrer\">\u00a0taxa nacional de desemprego aberto representando 13,1% do total da for\u00e7a de trabalho no primeiro trimestre do ano<\/a>, o governo Temer confirma o que j\u00e1 havia se constatado na d\u00e9cada de 1990: o receitu\u00e1rio neoliberal \u00e9 o grande inimigo da valoriza\u00e7\u00e3o do trabalho. No governo FHC, por exemplo, o desemprego que atingia a 6,4% da Popula\u00e7\u00e3o Economicamente Ativa (PEA), em 1995, saltou para 12,3%, em 2002, o que implicou a multiplica\u00e7\u00e3o acumulada de 1,9 vezes, segundo o IBGE.<\/p>\n<p>Coube ao governo Lula derrubar a mesma taxa de desemprego de 12,3%, em 2002, para 6,7%, em 2010. Ou seja, queda acumulada de 45,5% em oito anos de mandato democr\u00e1tico e popular.<\/p>\n<p>Tamb\u00e9m no primeiro governo Dilma, a\u00a0<a class=\"internal-link\" title=\"\" href=\"http:\/\/www.redebrasilatual.com.br\/economia\/2018\/04\/dois-anos-de-golpe-mais-desempregados-menos-carteira-assianada\" target=\"_blank\" rel=\"noopener noreferrer\">taxa de desemprego<\/a>\u00a0continuou a cair mais, situando-se em 4,8% da for\u00e7a de trabalho em 2014. Pela redu\u00e7\u00e3o em 28,4% na taxa de desemprego aberto, o Brasil viveu situa\u00e7\u00e3o nacional de pleno emprego, com in\u00e9dita escassez da m\u00e3o de obra, especialmente a de maior qualifica\u00e7\u00e3o profissional.\u00a0<\/p>\n<p>Mas com a recess\u00e3o, o desemprego voltou a se elevar. No primeiro trimestre de 2016, \u00e0s v\u00e9speras do golpe que a retirou a presidenta Dilma do in\u00edcio do seu segundo mandado democr\u00e1tico e popular, a taxa de desemprego atingia a 10,9% da PEA, enquanto no primeiro trimestre de 2015 era de 7,9% da PEA.<\/p>\n<p>Pela ret\u00f3rica adotada pelos golpistas, a ascens\u00e3o do receitu\u00e1rio neoliberal pelo governo Temer seria suficiente tanto para a sa\u00edda da recess\u00e3o como a interrup\u00e7\u00e3o da trajet\u00f3ria de alta na taxa nacional do desemprego. Com a flexibiliza\u00e7\u00e3o nas rela\u00e7\u00f5es de trabalho e a redu\u00e7\u00e3o do custo de contrata\u00e7\u00e3o da for\u00e7a de trabalho\u00a0<a class=\"internal-link\" title=\"\" href=\"http:\/\/www.redebrasilatual.com.br\/blogs\/o-desastre-da-reforma-trabalhista\" target=\"_blank\" rel=\"noopener noreferrer\">impostas pelas reformas neoliberais<\/a>, o desemprego n\u00e3o cessou.<\/p>\n<p>At\u00e9 agora, o governo Temer que imp\u00f4s a validade legal do negociado sobre o legislado, conseguiu reduzir o custo do trabalho, concomitantemente com o aumento do n\u00famero de desempregados em 2,6 milh\u00f5es pessoas. Sem elevar, sequer, a massa de ocupados no pa\u00eds, que permanece a mesma em compara\u00e7\u00e3o ao per\u00edodo de quando a presidenta Dilma perdeu o mandato, avan\u00e7a sim a precariza\u00e7\u00e3o do trabalho.<\/p>\n<p>Isso porque simultaneamente \u00e0 destrui\u00e7\u00e3o l\u00edquida de 1,7 milh\u00f5es de empregados com carteira assinada, assiste-se \u00e0 piora na qualidade das ocupa\u00e7\u00f5es restantes pelo crescimento do conjunto das ocupa\u00e7\u00f5es dependentes de conta pr\u00f3pria, dom\u00e9sticos e assalariados sem carteira assinada. Em geral, ocupa\u00e7\u00f5es \u00e0 margem da legisla\u00e7\u00e3o trabalhista e da atua\u00e7\u00e3o sindical, com<a class=\"internal-link\" title=\"\" href=\"http:\/\/www.redebrasilatual.com.br\/trabalho\/2018\/04\/reforma-trabalhista-sem-mp-agrava-concentracao-de-renda-e-desigualdade\" target=\"_blank\" rel=\"noopener noreferrer\">\u00a0grande instabilidade na renda e trabalho<\/a>.<\/p>\n<p>Nesse sentido, a preval\u00eancia do receitu\u00e1rio neoliberal faz crescer situa\u00e7\u00e3o compar\u00e1veis \u00e0 Rep\u00fablica Velha (1889-1930), quando estar ocupado n\u00e3o significava necessariamente deixar de ser pobre. A exist\u00eancia de uma esp\u00e9cie de trabalhadores pobres (<i>working poor)\u00a0<\/i>que somente come\u00e7ou a desaparecer com a regula\u00e7\u00e3o trabalhista implementada a partir do governo de Get\u00falio Vargas.<\/p>\n<p>Nos dias de hoje, com a volta da eleva\u00e7\u00e3o da pobreza, percebe-se que o fato de o brasileiro ter uma ocupa\u00e7\u00e3o n\u00e3o mais significa aus\u00eancia da insufici\u00eancia de renda para atender as necessidades b\u00e1sicas. Ocupa\u00e7\u00f5es com \u201csal\u00e1rio de fome\u201d encontram-se de volta e se espalham com a preval\u00eancia do programa neoliberal do governo Temer.<\/p>\n<p>A recupera\u00e7\u00e3o da economia em novas bases, com a busca do pleno emprego no Brasil \u00e9 poss\u00edvel, mas requer a revoga\u00e7\u00e3o das reformas realizadas desde 2016. Para isso, as elei\u00e7\u00f5es livres e democr\u00e1ticas tornam-se fundamentais para a grande virada pol\u00edtica que retire o pa\u00eds do atraso a que o neoliberalismo imp\u00f4s a na\u00e7\u00e3o.<\/p>\n<p><em><span class=\"discreet\">*Marcio Pochmann \u00e9 professor do Instituto de Economia e pesquisador do Centro de Estudos Sindicais e de Economia do Trabalho, ambos da Universidade Estadual de Campinas<\/span><\/em><\/p>\n","protected":false},"excerpt":{"rendered":"<p>Com a\u00a0taxa nacional de desemprego aberto representando 13,1% do total da for\u00e7a de trabalho no primeiro trimestre do ano, o governo Temer confirma o que j\u00e1 havia se constatado na d\u00e9cada de 1990: o receitu\u00e1rio neoliberal \u00e9 o grande inimigo da valoriza\u00e7\u00e3o do trabalho. No governo FHC, por exemplo, o desemprego que atingia a 6,4% [&hellip;]<\/p>\n","protected":false},"author":2,"featured_media":4286,"comment_status":"","ping_status":"","sticky":false,"template":"","format":"standard","meta":{"footnotes":""},"categories":[3],"tags":[],"class_list":["post-4287","post","type-post","status-publish","format-standard","has-post-thumbnail","hentry","category-noticias"],"_links":{"self":[{"href":"https:\/\/hostnetart.com.br\/baixada\/wp-json\/wp\/v2\/posts\/4287","targetHints":{"allow":["GET"]}}],"collection":[{"href":"https:\/\/hostnetart.com.br\/baixada\/wp-json\/wp\/v2\/posts"}],"about":[{"href":"https:\/\/hostnetart.com.br\/baixada\/wp-json\/wp\/v2\/types\/post"}],"author":[{"embeddable":true,"href":"https:\/\/hostnetart.com.br\/baixada\/wp-json\/wp\/v2\/users\/2"}],"replies":[{"embeddable":true,"href":"https:\/\/hostnetart.com.br\/baixada\/wp-json\/wp\/v2\/comments?post=4287"}],"version-history":[{"count":0,"href":"https:\/\/hostnetart.com.br\/baixada\/wp-json\/wp\/v2\/posts\/4287\/revisions"}],"wp:featuredmedia":[{"embeddable":true,"href":"https:\/\/hostnetart.com.br\/baixada\/wp-json\/wp\/v2\/media\/4286"}],"wp:attachment":[{"href":"https:\/\/hostnetart.com.br\/baixada\/wp-json\/wp\/v2\/media?parent=4287"}],"wp:term":[{"taxonomy":"category","embeddable":true,"href":"https:\/\/hostnetart.com.br\/baixada\/wp-json\/wp\/v2\/categories?post=4287"},{"taxonomy":"post_tag","embeddable":true,"href":"https:\/\/hostnetart.com.br\/baixada\/wp-json\/wp\/v2\/tags?post=4287"}],"curies":[{"name":"wp","href":"https:\/\/api.w.org\/{rel}","templated":true}]}}