{"id":4285,"date":"2018-05-02T13:58:42","date_gmt":"2018-05-02T16:58:42","guid":{"rendered":"https:\/\/hostnetart.com.br\/baixada\/temer-vai-a-ocupacao-incendiada-em-sp-sem-ter-o-que-dizer-e-e-hostilizado\/"},"modified":"2018-05-02T13:58:42","modified_gmt":"2018-05-02T16:58:42","slug":"temer-vai-a-ocupacao-incendiada-em-sp-sem-ter-o-que-dizer-e-e-hostilizado","status":"publish","type":"post","link":"https:\/\/hostnetart.com.br\/baixada\/temer-vai-a-ocupacao-incendiada-em-sp-sem-ter-o-que-dizer-e-e-hostilizado\/","title":{"rendered":"Temer vai a ocupa\u00e7\u00e3o incendiada em SP sem ter o que dizer e \u00e9 hostilizado"},"content":{"rendered":"<p>Em visita ao local do\u00a0<strong>inc\u00eandio seguido de desabamento<\/strong>\u00a0de uma\u00a0<a class=\"internal-link\" title=\"\" href=\"http:\/\/www.redebrasilatual.com.br\/cidadania\/2018\/05\/ocupacao-no-centro-de-sp-desaba-apos-incendio-uma-vitima-foi-confirmada\" target=\"_blank\" rel=\"noopener noreferrer\">ocupa\u00e7\u00e3o no centro de S\u00e3o Paulo<\/a>, o presidente Michel\u00a0<strong>Temer<\/strong>\u00a0foi vaiado e hostilizado pelos moradores, nesta ter\u00e7a-feira (1\u00ba), no centro de S\u00e3o Paulo. Ele disse que, como estava na cidade,\u00a0ficaria &#8220;muito mal&#8221; n\u00e3o comparecer. Ele chegou em um ve\u00edculo oficial e falou brevemente com jornalistas, quando come\u00e7ou a ser chamado de &#8220;golpista&#8221;, entre outros adjetivos, pela popula\u00e7\u00e3o, e teve que se retirar.\u00a0<\/p>\n<p>Temer chegou a dizer, julgando prestar solidariedade, que como as fam\u00edlias que ocupavam o edif\u00edcio que desabou eram &#8220;muito pobres&#8221;, n\u00e3o pediu a reintegra\u00e7\u00e3o de posse do im\u00f3vel, que pertence a Uni\u00e3o, como se tal medida de for\u00e7a fosse a solu\u00e7\u00e3o ideal para o problema de moradia e mesmo tendo enfraquecido programas como o Minha Casa Minha Vida, para resolver a situa\u00e7\u00e3o da moradia. Ap\u00f3s a trag\u00e9dia, o presidente afirmou que &#8220;ser\u00e3o tomadas provid\u00eancias para dar assist\u00eancia&#8221;, sem dar mais detalhes.\u00a0<\/p>\n<p>Para a economista\u00a0Marilane Teixeira, pesquisadora do Centro de Estudos Sindicais e de Economia do Trabalho (Cesit) da Universidade Estadual de Campinas (Unicamp), Temer tem responsabilidade pelo ocorrido\u00a0\u2013\u00a0e por isso as vaias s\u00e3o justificadas\u00a0\u2013 porque o seu governo vem realizando uma s\u00e9rie de cortes em programas sociais e praticamente congelou esfor\u00e7os do governo em programas sociais de moradia, como o Minha Casa Minha Vida.\u00a0<\/p>\n<p>&#8220;O d\u00e9ficit\u00a0habitacional se aprofunda com cortes em pol\u00edticas sociais. O MCMV foi um dos mais afetados por isso. Ao mesmo tempo, uma\u00a0<a class=\"internal-link\" title=\"\" href=\"http:\/\/www.redebrasilatual.com.br\/politica\/2018\/04\/ha-um-ano-temer-anunciava-nova-fase-em-favor-do-emprego\" target=\"_blank\" rel=\"noopener noreferrer\">crise do emprego<\/a>\u00a0que levou a maior parte dessas fam\u00edlias a ter que buscar formas alternativas de moradia, numa cidade que teve processo de crescimento totalmente desordenado&#8221;, afirmou a economista do Cesit em entrevista \u00e0\u00a0<strong>R\u00e1dio Brasil Atual<\/strong>.\u00a0<\/p>\n<p>A presidenta do Sindicato dos Banc\u00e1rios de S\u00e3o Paulo, Osasco e Regi\u00e3o, Ivone Silva, ressaltou que a Justi\u00e7a de S\u00e3o Paulo cria uma s\u00e9rie de empecilhos para que im\u00f3veis desocupados, inadimplentes com IPTU, sejam expropriados e destinados aos programas de moradia, e que as reformas do governo Temer serviram apenas para precarizar o emprego. &#8220;Mesmo retirando direitos, com todas as reformas, a economia n\u00e3o decolou. A gente s\u00f3 v\u00ea a economia afundando.\u00a0Hoje o empregador pode fazer o que quiser&#8221;, afirmou.<\/p>\n<p>\u00a0<\/p>\n<p><span style=\"text-decoration: underline;\"><em><strong>FONTE: Rede Brasil Atual<\/strong><\/em><\/span><\/p>\n","protected":false},"excerpt":{"rendered":"<p>Em visita ao local do\u00a0inc\u00eandio seguido de desabamento\u00a0de uma\u00a0ocupa\u00e7\u00e3o no centro de S\u00e3o Paulo, o presidente Michel\u00a0Temer\u00a0foi vaiado e hostilizado pelos moradores, nesta ter\u00e7a-feira (1\u00ba), no centro de S\u00e3o Paulo. Ele disse que, como estava na cidade,\u00a0ficaria &#8220;muito mal&#8221; n\u00e3o comparecer. Ele chegou em um ve\u00edculo oficial e falou brevemente com jornalistas, quando come\u00e7ou a [&hellip;]<\/p>\n","protected":false},"author":2,"featured_media":4284,"comment_status":"","ping_status":"","sticky":false,"template":"","format":"standard","meta":{"footnotes":""},"categories":[3],"tags":[],"class_list":["post-4285","post","type-post","status-publish","format-standard","has-post-thumbnail","hentry","category-noticias"],"_links":{"self":[{"href":"https:\/\/hostnetart.com.br\/baixada\/wp-json\/wp\/v2\/posts\/4285","targetHints":{"allow":["GET"]}}],"collection":[{"href":"https:\/\/hostnetart.com.br\/baixada\/wp-json\/wp\/v2\/posts"}],"about":[{"href":"https:\/\/hostnetart.com.br\/baixada\/wp-json\/wp\/v2\/types\/post"}],"author":[{"embeddable":true,"href":"https:\/\/hostnetart.com.br\/baixada\/wp-json\/wp\/v2\/users\/2"}],"replies":[{"embeddable":true,"href":"https:\/\/hostnetart.com.br\/baixada\/wp-json\/wp\/v2\/comments?post=4285"}],"version-history":[{"count":0,"href":"https:\/\/hostnetart.com.br\/baixada\/wp-json\/wp\/v2\/posts\/4285\/revisions"}],"wp:featuredmedia":[{"embeddable":true,"href":"https:\/\/hostnetart.com.br\/baixada\/wp-json\/wp\/v2\/media\/4284"}],"wp:attachment":[{"href":"https:\/\/hostnetart.com.br\/baixada\/wp-json\/wp\/v2\/media?parent=4285"}],"wp:term":[{"taxonomy":"category","embeddable":true,"href":"https:\/\/hostnetart.com.br\/baixada\/wp-json\/wp\/v2\/categories?post=4285"},{"taxonomy":"post_tag","embeddable":true,"href":"https:\/\/hostnetart.com.br\/baixada\/wp-json\/wp\/v2\/tags?post=4285"}],"curies":[{"name":"wp","href":"https:\/\/api.w.org\/{rel}","templated":true}]}}