{"id":4281,"date":"2018-04-30T20:40:04","date_gmt":"2018-04-30T23:40:04","guid":{"rendered":"https:\/\/hostnetart.com.br\/baixada\/diretoria-do-sindicato-dos-bancarios-da-baixada-fluminense-toma-posse\/"},"modified":"2018-04-30T20:40:04","modified_gmt":"2018-04-30T23:40:04","slug":"diretoria-do-sindicato-dos-bancarios-da-baixada-fluminense-toma-posse","status":"publish","type":"post","link":"https:\/\/hostnetart.com.br\/baixada\/diretoria-do-sindicato-dos-bancarios-da-baixada-fluminense-toma-posse\/","title":{"rendered":"Diretoria do Sindicato dos Banc\u00e1rios da Baixada Fluminense toma posse"},"content":{"rendered":"<p>Hoje, dia 30 de abril de 2018, tomou posse a diretoria do Sindicato dos Banc\u00e1rios da Baixada Fluminense. A cerim\u00f4nia de posse ocorreu na sede do Sindicato em Duque de Caxias.<\/p>\n<p>Al\u00e9m dos diretores e coordenadores, tamb\u00e9m esteve presente o Deputado Federal Celso Pansera, que falou da import\u00e2ncia da unidade neste momento, e na import\u00e2ncia de defesa da soberania nacional, dos direitos dos trabalhadores e pelo restabelecimento da democracia no Brasil.<\/p>\n<p>A Chapa 1 \u2013 Unidade na Luta, que dar\u00e1 continuidade ao trabalho vitorioso dos \u00faltimos anos, foi eleita com 99% dos votos v\u00e1lidos.<\/p>\n","protected":false},"excerpt":{"rendered":"<p>Hoje, dia 30 de abril de 2018, tomou posse a diretoria do Sindicato dos Banc\u00e1rios da Baixada Fluminense. A cerim\u00f4nia de posse ocorreu na sede do Sindicato em Duque de Caxias. Al\u00e9m dos diretores e coordenadores, tamb\u00e9m esteve presente o Deputado Federal Celso Pansera, que falou da import\u00e2ncia da unidade neste momento, e na import\u00e2ncia [&hellip;]<\/p>\n","protected":false},"author":2,"featured_media":4280,"comment_status":"","ping_status":"","sticky":false,"template":"","format":"standard","meta":{"footnotes":""},"categories":[8],"tags":[],"class_list":["post-4281","post","type-post","status-publish","format-standard","has-post-thumbnail","hentry","category-bancarios"],"_links":{"self":[{"href":"https:\/\/hostnetart.com.br\/baixada\/wp-json\/wp\/v2\/posts\/4281","targetHints":{"allow":["GET"]}}],"collection":[{"href":"https:\/\/hostnetart.com.br\/baixada\/wp-json\/wp\/v2\/posts"}],"about":[{"href":"https:\/\/hostnetart.com.br\/baixada\/wp-json\/wp\/v2\/types\/post"}],"author":[{"embeddable":true,"href":"https:\/\/hostnetart.com.br\/baixada\/wp-json\/wp\/v2\/users\/2"}],"replies":[{"embeddable":true,"href":"https:\/\/hostnetart.com.br\/baixada\/wp-json\/wp\/v2\/comments?post=4281"}],"version-history":[{"count":0,"href":"https:\/\/hostnetart.com.br\/baixada\/wp-json\/wp\/v2\/posts\/4281\/revisions"}],"wp:featuredmedia":[{"embeddable":true,"href":"https:\/\/hostnetart.com.br\/baixada\/wp-json\/wp\/v2\/media\/4280"}],"wp:attachment":[{"href":"https:\/\/hostnetart.com.br\/baixada\/wp-json\/wp\/v2\/media?parent=4281"}],"wp:term":[{"taxonomy":"category","embeddable":true,"href":"https:\/\/hostnetart.com.br\/baixada\/wp-json\/wp\/v2\/categories?post=4281"},{"taxonomy":"post_tag","embeddable":true,"href":"https:\/\/hostnetart.com.br\/baixada\/wp-json\/wp\/v2\/tags?post=4281"}],"curies":[{"name":"wp","href":"https:\/\/api.w.org\/{rel}","templated":true}]}}