{"id":4279,"date":"2018-04-30T17:49:07","date_gmt":"2018-04-30T20:49:07","guid":{"rendered":"https:\/\/hostnetart.com.br\/baixada\/terceirizados-sao-as-maiores-vitimas-de-acidentes-de-trabalho\/"},"modified":"2018-04-30T17:49:07","modified_gmt":"2018-04-30T20:49:07","slug":"terceirizados-sao-as-maiores-vitimas-de-acidentes-de-trabalho","status":"publish","type":"post","link":"https:\/\/hostnetart.com.br\/baixada\/terceirizados-sao-as-maiores-vitimas-de-acidentes-de-trabalho\/","title":{"rendered":"Terceirizados s\u00e3o as maiores v\u00edtimas de acidentes de trabalho"},"content":{"rendered":"<div class=\"content\">\n<p>O Brasil ocupa o 4\u00ba lugar do mundo onde mais se registra acidentes de trabalho. Segundo dados da Previd\u00eancia Social, mais de 700 mil acidentes laborais s\u00e3o registrados todos os anos com dados apenas de trabalhadores com carteira assinada.\u00a0Muitos desses acidentes resultaram em mortes ou mutila\u00e7\u00f5es tornando grande a lista de trabalhadores incapacitados no pa\u00eds.\u00a0<\/p>\n<p>Essa tr\u00e1gica informa\u00e7\u00e3o foi apresentada\u00a0na quinta\u00a026,\u00a0durante o F\u00f3rum Nacional das Centrais Sindicais em Sa\u00fade do Trabalhador que teve como objetivo discutir a situa\u00e7\u00e3o dos trabalhadores \u00e0s v\u00e9speras do\u00a0Dia Mundial em Mem\u00f3ria as V\u00edtimas de Acidente de Trabalho, celebrado todo\u00a028 de abril.<\/p>\n<p>Segundo pesquisa do IBGE em parceria com o Minist\u00e9rio da Sa\u00fade, somente em 2013\u00a0quase 5 milh\u00f5es de trabalhadores foram v\u00edtimas de acidentes de trabalho. Esse n\u00famero deve aumentar j\u00e1 que a mudan\u00e7a da legisla\u00e7\u00e3o imposta pela reforma trabalhista de Temer fere alguns direitos previstos na Constitui\u00e7\u00e3o brasileira e precariza as condi\u00e7\u00f5es de trabalho.<\/p>\n<p>A advogada Leonor Po\u00e7o lembra que a maneira com que a reforma trabalhista foi imposta fere princ\u00edpios b\u00e1sicos do Direito. \u201cA primeira coisa que a reforma faz \u00e9 violar a democracia, o governo n\u00e3o poderia ter feito essas modifica\u00e7\u00f5es referentes a jornada e ao descanso, sem a participa\u00e7\u00e3o dos trabalhadores. Inclusive, o governo fere a Conven\u00e7\u00e3o 155 da OIT, ratificada pelo Brasil, ao n\u00e3o permitir a participa\u00e7\u00e3o dos trabalhadores nesse processo. A rela\u00e7\u00e3o capital versus trabalho prevalecer\u00e1 somente como neg\u00f3cio jur\u00eddico, al\u00e9m de outros pontos que s\u00f3 trar\u00e3o mais preju\u00edzos aos trabalhadores como a libera\u00e7\u00e3o da terceiriza\u00e7\u00e3o irrestrita.\u201d<\/p>\n<p>J\u00e1 Victor Gnecco Pagani, t\u00e9cnico do Dieese, ao apresentar uma pesquisa sobre os riscos da reforma trabalhista para a sociedade, mostrou que no Brasil, a cada 10 v\u00edtimas de acidentes laborais, oito\u00a0s\u00e3o terceirizados. Pagani apontou tamb\u00e9m que os terceirizados foram as maiores v\u00edtimas de acidente de trabalho na Petrobras. Entre 1995 e 2018,\u00a0dos 377 mortos\u00a0em servi\u00e7o, 307 eram terceirizados, 81% do total dos \u00f3bitos.<\/p>\n<p>\u201cEsse n\u00famero poder\u00e1 aumentar ainda mais quando, atrav\u00e9s da reforma trabalhista, as leis permitirem as jornadas de 12&#215;36 e fazer desse trabalhador, as futuras v\u00edtimas dos acidentes.\u201d<\/p>\n<p>J\u00e1 o representante do Minist\u00e9rio P\u00fablico do Trabalho, Jos\u00e9 Fernando Ruiz Maturana, lembrou que desde o in\u00edcio\u00a0o MP se posicionou contr\u00e1rio \u00e0 reforma trabalhista por saber que a \u2018moderniza\u00e7\u00e3o\u2019 das leis, como foi massivamente divulgado por Temer e pela m\u00eddia, s\u00f3 traria preju\u00edzos \u00e0s condi\u00e7\u00f5es de trabalho.<\/p>\n<p>\u201cOs sindicatos precisam estar mais pr\u00f3ximos dos trabalhadores e\u00a0muito atentos, nesse momento, para defender a sa\u00fade do trabalhador\u201d, finaliza.<\/p>\n<p>O diretor de Sa\u00fade do Sindicato, Carlos Damarindo, defende a uni\u00e3o das centrais e dos sindicatos. \u201cAs centrais e sindicatos t\u00eam de estar alinhados\u00a0com uma pauta \u00fanica. \u00c9 inadmiss\u00edvel haver sindicato ou central que defende pauta de governo golpista que tanta prejudica os trabalhadores\u201d, conclui.<\/p>\n<\/div>\n<p id=\"page-author\"><span style=\"text-decoration: underline;\"><em><strong>Fonte: Seeb SP<\/strong><\/em><\/span><\/p>\n","protected":false},"excerpt":{"rendered":"<p>O Brasil ocupa o 4\u00ba lugar do mundo onde mais se registra acidentes de trabalho. Segundo dados da Previd\u00eancia Social, mais de 700 mil acidentes laborais s\u00e3o registrados todos os anos com dados apenas de trabalhadores com carteira assinada.\u00a0Muitos desses acidentes resultaram em mortes ou mutila\u00e7\u00f5es tornando grande a lista de trabalhadores incapacitados no pa\u00eds.\u00a0 [&hellip;]<\/p>\n","protected":false},"author":2,"featured_media":4278,"comment_status":"","ping_status":"","sticky":false,"template":"","format":"standard","meta":{"footnotes":""},"categories":[3],"tags":[],"class_list":["post-4279","post","type-post","status-publish","format-standard","has-post-thumbnail","hentry","category-noticias"],"_links":{"self":[{"href":"https:\/\/hostnetart.com.br\/baixada\/wp-json\/wp\/v2\/posts\/4279","targetHints":{"allow":["GET"]}}],"collection":[{"href":"https:\/\/hostnetart.com.br\/baixada\/wp-json\/wp\/v2\/posts"}],"about":[{"href":"https:\/\/hostnetart.com.br\/baixada\/wp-json\/wp\/v2\/types\/post"}],"author":[{"embeddable":true,"href":"https:\/\/hostnetart.com.br\/baixada\/wp-json\/wp\/v2\/users\/2"}],"replies":[{"embeddable":true,"href":"https:\/\/hostnetart.com.br\/baixada\/wp-json\/wp\/v2\/comments?post=4279"}],"version-history":[{"count":0,"href":"https:\/\/hostnetart.com.br\/baixada\/wp-json\/wp\/v2\/posts\/4279\/revisions"}],"wp:featuredmedia":[{"embeddable":true,"href":"https:\/\/hostnetart.com.br\/baixada\/wp-json\/wp\/v2\/media\/4278"}],"wp:attachment":[{"href":"https:\/\/hostnetart.com.br\/baixada\/wp-json\/wp\/v2\/media?parent=4279"}],"wp:term":[{"taxonomy":"category","embeddable":true,"href":"https:\/\/hostnetart.com.br\/baixada\/wp-json\/wp\/v2\/categories?post=4279"},{"taxonomy":"post_tag","embeddable":true,"href":"https:\/\/hostnetart.com.br\/baixada\/wp-json\/wp\/v2\/tags?post=4279"}],"curies":[{"name":"wp","href":"https:\/\/api.w.org\/{rel}","templated":true}]}}