{"id":4273,"date":"2018-04-30T14:10:25","date_gmt":"2018-04-30T17:10:25","guid":{"rendered":"https:\/\/hostnetart.com.br\/baixada\/bancarios-participam-de-atos-no-1-de-maio-da-resistencia-em-todo-o-pais\/"},"modified":"2018-04-30T14:10:25","modified_gmt":"2018-04-30T17:10:25","slug":"bancarios-participam-de-atos-no-1-de-maio-da-resistencia-em-todo-o-pais","status":"publish","type":"post","link":"https:\/\/hostnetart.com.br\/baixada\/bancarios-participam-de-atos-no-1-de-maio-da-resistencia-em-todo-o-pais\/","title":{"rendered":"Banc\u00e1rios participam de atos no 1\u00ba de maio da resist\u00eancia em todo o pa\u00eds"},"content":{"rendered":"<div class=\"content\">\n<p>Neste 1\u00ba de maio, Dia do Trabalhador, a Confedera\u00e7\u00e3o Nacional dos Trabalhadores do Ramo Financeiro (Contraf-CUT), em conjunto com as maiores centrais sindicais do Brasil \u2013 CUT, For\u00e7a Sindical, CTB, NCST, UGT, CSB e Intersindical -, e as frentes Brasil Popular e Povo Sem Medo, participar\u00e1 de atos em diversas capitais do pa\u00eds para mostrar a resist\u00eancia da classe trabalhadora contra os retrocessos impostos pelo governo.\u00a0<br \/> Em Curitiba, capital onde o ex-presidente Lula \u00e9 mantido como preso pol\u00edtico, desde 7 de abril, um grande ato unificado se destacar\u00e1 como o primeiro a ser realizado desde a redemocratiza\u00e7\u00e3o do Brasil e contar\u00e1 com a presen\u00e7a dos presidentes das centrais, representantes dos movimentos sociais e parlamentares.\u00a0<br \/> \u00a0A atividade contar\u00e1 com a presen\u00e7a de artistas, que se apresentar\u00e3o a partir das 14h na Pra\u00e7a Santos Andrade (Pra\u00e7a da Democracia). \u00c0s 16h, haver\u00e1 o ato pol\u00edtico com a presen\u00e7a dos presidentes das centrais sindicais, representantes dos movimentos populares e parlamentares.<br \/> Al\u00e9m de solidariedade ao ex-presidente, os sindicalistas defender\u00e3o a liberdade de Lula e pautas comuns, de interesse da classe trabalhadora, como uma pol\u00edtica econ\u00f4mica de gera\u00e7\u00e3o de empregos e renda, seguridade e previd\u00eancia social, o fim da lei do congelamento de gastos e a revoga\u00e7\u00e3o da reforma Trabalhista.<br \/><strong>Confira os atos no 1\u00ba de Maio j\u00e1 confirmados<\/strong><br \/> Em S\u00e3o Paulo (SP), o ato unificado e as atra\u00e7\u00f5es art\u00edsticas ocorrer\u00e3o na Pra\u00e7a da Rep\u00fablica, regi\u00e3o central da cidade, a partir das 12h. Neste ano, o evento ser\u00e1 realizado pela CUT, CTB, Intersindical e movimentos que comp\u00f5em as frentes Brasil Popular e Povo Sem Medo.<br \/> Entre as atra\u00e7\u00f5es confirmadas est\u00e3o a banda Liniker e os Caramelows, que mescla black music e soul e \u00e9 encabe\u00e7ada pela cantora trans Liniker; o cantor Chico C\u00e9sar; a rapper Preta Rara, a sambista Leci Brand\u00e3o, o grupo Mistura Popular, a ala Unidos de Santa B\u00e1rbara, o compositor e int\u00e9rprete de grandes escolas de samba, Andr\u00e9 Ricardo, e os cantores e int\u00e9rpretes do carnaval em 2018 pela escola de samba Para\u00edso do Tuiuti, Grazzi Brasil e Celsinho Mody.\u00a0<br \/><strong>Interior paulista<\/strong><br \/> Al\u00e9m da capital, ocorrer\u00e3o atividades do 1\u00ba de maio em cidades do interior paulista. Em Osasco, a atividade contar\u00e1 com a tradicional corrida e caminhada dos trabalhadores e trabalhadoras, que ter\u00e1 in\u00edcio \u00e0s 8h, em frente \u00e0 sede da Prefeitura de Osasco, na Avenida Bussocaba, 300, no centro.<br \/> Na cidade de Campinas, os movimentos sindicais e sociais se concentrar\u00e3o \u00e0s 9h, no Largo do Par\u00e1, no centro. De l\u00e1, os manifestantes sair\u00e3o em caminhada at\u00e9 a Catedral de Campinas, na Pra\u00e7a Jos\u00e9 Bonif\u00e1cio, s\/n, tamb\u00e9m na regi\u00e3o central, onde ocorrer\u00e1 ato unificado.\u00a0<br \/> Em Araraquara, apresenta\u00e7\u00f5es culturais e ato pol\u00edtico come\u00e7am \u00e0s 14h, na Pra\u00e7a Scalamandr\u00e9 Sobrinho, no bairro Vila Ferrovi\u00e1ria.<br \/> Em Macei\u00f3 (AL), o ato em defesa de direitos, democracia e Lula Livre ser\u00e1 pela manh\u00e3, \u00e0s 8h30, no Posto 7, na Jati\u00faca, com a participa\u00e7\u00e3o da CUT, frentes Brasil Popular e Povo sem Medo e as centrais sindicais CSP, Conlutas, Nova Central e CTB.<br \/> Em Macap\u00e1 (AP), ser\u00e1 realizada uma vig\u00edlia com ato P\u00fablico em Defesa da Democracia da Constitui\u00e7\u00e3o e da Liberdade de Lula, \u00e0s 9h, na sede da CUT, na Avenida Manoel da N\u00f3brega,537, no bairro Laguinho<br \/> Em Manaus (AM) o ato ser\u00e1 a partir das 15h, na esquina da Sete de Setembro com Avenida Eduardo Ribeiro.<br \/> Na Bahia, o 1\u00ba de Maio Unificado ser\u00e1 celebrado na capital, em Salvador, e diversas cidades do interior do estado. Na capital, o ato, que ser\u00e1 na Barra, a partir das 13h, contar\u00e1 com uma s\u00e9rie de servi\u00e7os que ser\u00e3o oferecidos de forma gratuita para os trabalhadores e trabalhadoras, como retirada de carteira de trabalho, orienta\u00e7\u00f5es jur\u00eddicas, atendimento \u00e0 sa\u00fade da mulher, entre outras a\u00e7\u00f5es.<br \/><strong>Interior Bahia<\/strong><br \/> Em Feira de Santana, das 8h \u00e0s 16h, ser\u00e1 realizada uma missa em mem\u00f3ria \u00e0 vereadora Marielle Franco, seguido de ato por Lula Livre, com atra\u00e7\u00f5es musicais.<br \/> Em Santo Ant\u00f4nio de Jesus, a partir das 8h, ter\u00e1 caminhada nos bairros e palestra sobre a reforma Trabalhista, sindicalismo e o golpe de 2016.<br \/> Em Santo Estev\u00e3o, \u00e0s 9h, ser\u00e1 celebrado um ato ecum\u00eanico. J\u00e1 em Canavieiras, \u00e0s 8h, est\u00e1 agendado um caf\u00e9 da manh\u00e3 com trabalhadores na nova sede do Sindicato.<br \/> Em Concei\u00e7\u00e3o de Feira, tamb\u00e9m na Bahia, a partir das 8h, uma missa campal seguida pelo ato Lula Livre marcar\u00e1 o Dia do Trabalhador.<br \/> Em Fortaleza (CE), o local de encontro dos trabalhadores e trabalhadoras ser\u00e1 o \u00a0Centro Poliesportivo de Parangaba, na Avenida General Os\u00f3rio de Paiva, Bairro Parangaba, onde a partir das 15h come\u00e7a o ato p\u00fablico que reunir\u00e1 as frentes Brasil Popular e Povo sem Medo, CUT-CE, CTB-CE e Intersindical-CE.<br \/> No local, haver\u00e1 ainda, \u00e0s 9h, o Lan\u00e7amento Estadual do Congresso do Povo &#8211; Pela Revoga\u00e7\u00e3o das Medidas Conservadoras do Governo Temer! Em Defesa da Soberania Nacional! Contra o Fascismo.<br \/><strong>Interior do Cear\u00e1<\/strong><br \/> O 1\u00ba de Maio no Cear\u00e1 tamb\u00e9m tem atividades confirmadas no interior cearense. Logo cedo, em Iracema, a Carreata dos Trabalhadores come\u00e7a a concentrar \u00e0s 7 horas, na Pra\u00e7a Casimiro Costa (Pra\u00e7a da Mangueira). \u00c0s 10 horas, tem in\u00edcio o 1\u00ba de Maio Unificado do Vale do Jaguaribe, no Posto Alternativo, em Tabuleiro do Norte. Em Caucaia, o 2\u00ba Acampamento Estadual do Levante Popular da Juventude encerra sua programa\u00e7\u00e3o tamb\u00e9m no 1\u00ba de Maio.<br \/> No Distrito Federal, os trabalhadores e trabalhadoras se reunir\u00e3o \u00e0s 9h, no estacionamento entre a Funarte a Torre de TV. Haver\u00e1 debate pol\u00edtico com as Frentes Brasil Popular e Povo Sem Medo e CUT-DF, al\u00e9m de apresenta\u00e7\u00f5es culturais e atividades para as crian\u00e7as, com o samba da Tapera.<br \/> Em Vit\u00f3ria (ES), o ato do 1\u00ba de Maio da Resist\u00eancia, em Defesa da Democracia, dos Direitos, dos Empregos e da Aposentadoria, e por Lula Livre, ser\u00e1 na Pra\u00e7a Costa Pereira, das 9h \u00e0s 13h. As atra\u00e7\u00f5es musicais s\u00e3o o Grupo \u201cS\u00f3 Sambando\u201de a \u201cBateria da Piedade\u201d.<br \/> Em Goi\u00e2nia (GO), a manifesta\u00e7\u00e3o ser\u00e1 na Pra\u00e7a Universit\u00e1ria. A abertura ser\u00e1 \u00e0s 14h, com a banda S\u00e3 Consci\u00eancia, al\u00e9m de rodas de conversa, oficina, exibi\u00e7\u00e3o de curtas-metragem, com curadoria de Benedito Ferreira. A programa\u00e7\u00e3o traz ainda: \u00e0s 15h &#8211; Diego Mascate; 16h &#8211; Mundhumano; 17h &#8211; Cocada Coral; 18h &#8211; Terra Cabula; 19h &#8211; Ma\u00edra Lemos.<br \/> Os atos come\u00e7am j\u00e1 no dia 30 (segunda-feira) na capital Campo Grande (MS), com a Noite Cultural do Trabalhador, a partir das 18h, na Esplanada Ferrovi\u00e1ria, sob a organiza\u00e7\u00e3o da Fetems, CUT-MS, UGT, Nova Central, CTB, F\u00f3rum dos Servidores P\u00fablicos Estaduais do MS e Simted&#8217;s filiados a Fetems.<br \/> No dia 1\u00ba, o ato come\u00e7a a partir das 7h, na Associa\u00e7\u00e3o Col\u00f4nia Paraguaia, R. Ana Lu\u00edsa de Souza, 610, no Bairro Pioneiros. \u00a0O evento tem o apoio do mandato do deputado estadual Cabo Almi (PT), CUT-MS e Frente Brasil Popular &#8211; MS.<br \/> Das 8h \u00e0s 13h haver\u00e1 atos esportivos e pol\u00edticos no Pagode dos Banc\u00e1rios, no Clube de Campo dos Banc\u00e1rios, localizado na Rua Caldas Aulete, no bairro Coophar\u00e1dio. O evento \u00e9 organizado pelo SEEB-CG.<br \/> 11h \u2013 organizado pelo PC do B haver\u00e1 a \u201cFeijoada do Trabalhador\u201d, no Bar da Valu, a partir das 11h.<br \/> J\u00e1 a manifesta\u00e7\u00e3o por Lula Inocente, em Campo Grande, ser\u00e1 \u00e0s 17h do dia 1\u00ba, na esquina da Afonso Pena com 14 de Julho. O evento tem o apoio da CUT, Fetems, UGT, Nova Central, CTB, F\u00f3rum dos Servidores de MS, Simteds, al\u00e9m de sindicatos e federa\u00e7\u00f5es filiados a CUT.<br \/><strong>Outras cidades do Mato Grosso do Sul\u00a0<\/strong><br \/> Corumb\u00e1 (MS) \u2013 Ato Internacional do Dia do Trabalhador, na Fronteira Brasil-Bol\u00edvia, a partir das 9h30, organizado pela CUT-MS e Central Obrera Boliviana.\u00a0<br \/> Dourados (MS) \u2013 Ato Unificado dos Trabalhadores, \u00e0s 16h, no Parque Rego D&#8217;\u00e1gua Jardim \u00c1gua Boa, organizado pelo Comit\u00ea de Defesa Popular\/Banc\u00e1rios Dourados\/Simted.<br \/> Na capital de Minas Gerais (BH), a celebra\u00e7\u00e3o do 1\u00b0 de Maio ser\u00e1 das 8h \u00e0s 11h, na Escola Municipal Pedro Guerra, na Rua Jo\u00e3o Ferreira da Silva, 230. J\u00e1 em Contagem haver\u00e1 uma manifesta\u00e7\u00e3o na Pra\u00e7a da Cemig, Cidade Industrial, seguida da 42\u00aa Missa do Trabalhador, a partir das 7h30.<br \/> No Par\u00e1, haver\u00e1 atos no 1\u00ba de Maio na capital, Bel\u00e9m, \u00e0s 9h, na Pra\u00e7a da Rep\u00fablica e nas cidades de Abaet\u00e9, Altamira, Barcarena, Camet\u00e1 e Igarap\u00e9 Miri.<br \/> Em Jo\u00e3o Pessoa (PB), a manifesta\u00e7\u00e3o pelo Dia do Trabalhador ser\u00e1 antecipada. Nesta sexta-feira (27), \u00e0s 7h, ser\u00e1 realizado um caf\u00e9 da manh\u00e3 dos trabalhadores e trabalhadoras do campo e da cidade, na Fetag. \u00c0s 10h \u2013 haver\u00e1 uma caminhada at\u00e9 a Superintend\u00eancia Regional do Trabalho, em frente ao Pavilh\u00e3o do Ch\u00e1. \u00c0s 10h30 \u2013 ocorre o Ato P\u00fablico por \u201cMais Direitos, Democracia e Lula Livre\u201d, em frente \u00e0 Superintend\u00eancia Regional do Trabalho.<br \/> No Rio de Janeiro, a concentra\u00e7\u00e3o est\u00e1 marcada na Pra\u00e7a XV (pr\u00f3ximo \u00e0 Rua do Mercado) \u00e0s 14h. Haver\u00e1 um esquete com o grupo Emerg\u00eancia Teatral. Em seguida come\u00e7a a batucada com o Bloco da Democracia e caminhada pelo Boulevard Ol\u00edmpico at\u00e9 a Pra\u00e7a Mau\u00e1.<br \/> No Recife (PE), a manifesta\u00e7\u00e3o ser\u00e1 a partir das 8h30, na Pra\u00e7a do Derby.<br \/> Em Porto Alegre (RS) a manifesta\u00e7\u00e3o ser\u00e1 no Parque da Reden\u00e7\u00e3o, \u00e0s 10h Apresenta\u00e7\u00e3o de Nei Lisboa, Raul Ellwanger, Grupo Unam\u00e9rica e outros artistas.<\/p>\n<\/div>\n<p id=\"page-author\"><span style=\"text-decoration: underline;\"><em><strong>Fonte: Contraf-CUT<\/strong><\/em><\/span><\/p>\n","protected":false},"excerpt":{"rendered":"<p>Neste 1\u00ba de maio, Dia do Trabalhador, a Confedera\u00e7\u00e3o Nacional dos Trabalhadores do Ramo Financeiro (Contraf-CUT), em conjunto com as maiores centrais sindicais do Brasil \u2013 CUT, For\u00e7a Sindical, CTB, NCST, UGT, CSB e Intersindical -, e as frentes Brasil Popular e Povo Sem Medo, participar\u00e1 de atos em diversas capitais do pa\u00eds para mostrar [&hellip;]<\/p>\n","protected":false},"author":2,"featured_media":4272,"comment_status":"","ping_status":"","sticky":false,"template":"","format":"standard","meta":{"footnotes":""},"categories":[3],"tags":[],"class_list":["post-4273","post","type-post","status-publish","format-standard","has-post-thumbnail","hentry","category-noticias"],"_links":{"self":[{"href":"https:\/\/hostnetart.com.br\/baixada\/wp-json\/wp\/v2\/posts\/4273","targetHints":{"allow":["GET"]}}],"collection":[{"href":"https:\/\/hostnetart.com.br\/baixada\/wp-json\/wp\/v2\/posts"}],"about":[{"href":"https:\/\/hostnetart.com.br\/baixada\/wp-json\/wp\/v2\/types\/post"}],"author":[{"embeddable":true,"href":"https:\/\/hostnetart.com.br\/baixada\/wp-json\/wp\/v2\/users\/2"}],"replies":[{"embeddable":true,"href":"https:\/\/hostnetart.com.br\/baixada\/wp-json\/wp\/v2\/comments?post=4273"}],"version-history":[{"count":0,"href":"https:\/\/hostnetart.com.br\/baixada\/wp-json\/wp\/v2\/posts\/4273\/revisions"}],"wp:featuredmedia":[{"embeddable":true,"href":"https:\/\/hostnetart.com.br\/baixada\/wp-json\/wp\/v2\/media\/4272"}],"wp:attachment":[{"href":"https:\/\/hostnetart.com.br\/baixada\/wp-json\/wp\/v2\/media?parent=4273"}],"wp:term":[{"taxonomy":"category","embeddable":true,"href":"https:\/\/hostnetart.com.br\/baixada\/wp-json\/wp\/v2\/categories?post=4273"},{"taxonomy":"post_tag","embeddable":true,"href":"https:\/\/hostnetart.com.br\/baixada\/wp-json\/wp\/v2\/tags?post=4273"}],"curies":[{"name":"wp","href":"https:\/\/api.w.org\/{rel}","templated":true}]}}