{"id":4271,"date":"2018-04-30T14:08:29","date_gmt":"2018-04-30T17:08:29","guid":{"rendered":"https:\/\/hostnetart.com.br\/baixada\/funcionarios-de-bancos-privados-discutem-conjuntura-demissoes-e-demandas-especificas\/"},"modified":"2018-04-30T14:08:29","modified_gmt":"2018-04-30T17:08:29","slug":"funcionarios-de-bancos-privados-discutem-conjuntura-demissoes-e-demandas-especificas","status":"publish","type":"post","link":"https:\/\/hostnetart.com.br\/baixada\/funcionarios-de-bancos-privados-discutem-conjuntura-demissoes-e-demandas-especificas\/","title":{"rendered":"Funcion\u00e1rios de bancos privados discutem conjuntura, demiss\u00f5es e demandas especificas"},"content":{"rendered":"<div class=\"content\">\n<p>Reunidos no audit\u00f3rio do Sindicato dos Banc\u00e1rios do Rio de Janeiro, no \u00faltimo dia 19, os banc\u00e1rios do BMB, Bradesco, Ita\u00fa e Santander discutiram os assuntos que ser\u00e3o encaminhados aos encontros nacionais que ser\u00e3o realizados em junho.<\/p>\n<p>A mesa de abertura do encontro foi composta pela presidenta rec\u00e9m-reeleita do sindicato anfitri\u00e3o, Adriana Nalesso, pelo rec\u00e9m-eleito vice-presidente da Contraf-CUT, Vin\u00edcius Assump\u00e7\u00e3o, pelo presidente da Fetraf-RJ\/ES, Nilton Dami\u00e3o Esperan\u00e7a, o secret\u00e1rio de Bancos Privados da Fetraf-RJ\/ES, Euclides Neto e a secret\u00e1ria de Forma\u00e7\u00e3o da CUT-RJ, Renata Soeiro.<\/p>\n<p>Durante a abertura do encontro foi feito um minuto de sil\u00eancio em mem\u00f3ria do economista Paul Singer, do primeiro presidente da Fetraf-RJ\/ES, Luiz Viegas, e ao motorista Anderson Gomes. A proposta de homenagear a vereadora Marielle Franco com sil\u00eancio foi substitu\u00edda por uma salva de palmas, conforme a pr\u00f3pria sempre preferiu.<\/p>\n<p>Os representantes do <strong>BMB<\/strong> informam que n\u00e3o houve demiss\u00f5es no per\u00edodo na base estadual, exceto daqueles funcion\u00e1rios que aderiram ao PDV. Problemas relativos ao plano de sa\u00fade tamb\u00e9m n\u00e3o preocupam mais desde que o banco retornou ao plano antigo. Quanto \u00e0 PLR, permanece a dificuldade dos empregados de saber o que esperar, j\u00e1 que o banco vem alegando que n\u00e3o apresenta lucro. Para os empregados do BMB \u00e9 importante, entretanto, que continuem acontecendo encontros nacionais para discuss\u00e3o de quest\u00f5es espec\u00edficas, apesar das dificuldades.<\/p>\n<p>Os funcion\u00e1rios do <strong>Bradesco<\/strong> expressaram preocupa\u00e7\u00e3o com not\u00edcia veiculada na imprensa de que o presidente do banco, Octavio de Lazari Junior, teria anunciado o fechamento de 200 ag\u00eancias em todo o pa\u00eds ao longo do ano. Como se n\u00e3o bastassem as demiss\u00f5es que j\u00e1 est\u00e3o preocupando o movimento sindical, h\u00e1 receio de que as dispensas aumentem com o encerramento de unidades. Mas os problemas j\u00e1 em andamento tamb\u00e9m ocuparam boa parte do encontro. Uma das queixas \u00e9 o uso do celular pessoal do funcion\u00e1rio para funcionamento do token que d\u00e1 acesso ao sistema. Outro problema \u00e9 a cobran\u00e7a por liga\u00e7\u00f5es para que o funcion\u00e1rio atenda \u00e0 chamada \u201cconformidade\u201d. Al\u00e9m do ass\u00e9dio das cobran\u00e7as, os funcion\u00e1rios muitas vezes encontram dificuldades para cumprir sua meta de liga\u00e7\u00f5es em fun\u00e7\u00e3o do cadastro desatualizado. As transfer\u00eancias de local de trabalho t\u00eam sido feitas de forma abrupta, com notifica\u00e7\u00e3o na v\u00e9spera da mudan\u00e7a, o que provoca transtornos aos empregados. H\u00e1 tamb\u00e9m muitas quest\u00f5es relativas ao INSS, como o cancelamento das aposentadorias por invalidez, a inclus\u00e3o dos afastados em programas de readapta\u00e7\u00e3o antes da realiza\u00e7\u00e3o da per\u00edcia e as dificuldades de reconhecimento de acidente de trabalho, com concess\u00e3o err\u00f4nea do benef\u00edcio de aux\u00edlio doen\u00e7a. Ficou acertado que os representantes da base enviar\u00e3o ao Encontro Nacional uma proposta de calend\u00e1rio de lutas para protestar contra estas e outras situa\u00e7\u00f5es que v\u00eam criando problemas para os empregados.<\/p>\n<p>As discuss\u00f5es do <strong>Ita\u00fa<\/strong> passaram por temas variados. As cl\u00e1usulas 65 e 29 da CCT, que tratam sobre os empregados afastados, receberam muita aten\u00e7\u00e3o. Mas a realoca\u00e7\u00e3o dos empregados oriundos do Citi tomou boa parte do encontro, j\u00e1 que h\u00e1 uma concentra\u00e7\u00e3o de vagas em S\u00e3o Paulo. A preocupa\u00e7\u00e3o maior \u00e9 com os 80 funcion\u00e1rios do call center CitiFone, que fica em Salvador, cidade que n\u00e3o tem ag\u00eancias suficientes para absorver este excedente.<\/p>\n<p>As demiss\u00f5es no per\u00edodo foram pontuais e o saldo de postos de trabalho \u00e9 positivo, mas a not\u00edcia n\u00e3o \u00e9 completamente boa. Os sal\u00e1rios dos novos contratados s\u00e3o bem menores que os dos antigos empregados e a distribui\u00e7\u00e3o das vagas tamb\u00e9m n\u00e3o \u00e9 satisfat\u00f3ria. Ficou acertado que ser\u00e1 encaminhado ao Dieese o pedido de um estudo para levantar a concentra\u00e7\u00e3o de banc\u00e1rios por ag\u00eancia outro levantamento ser\u00e1 do n\u00famero de licenciados, para verificar se o banco est\u00e1 adoecendo os empregados. A Funda\u00e7\u00e3o Ita\u00fa tamb\u00e9m esteve em pauta, com a reivindica\u00e7\u00e3o de que todos os empregados do grupo que n\u00e3o tenham fundo de seu banco de origem tenham acesso ao fundo de pens\u00e3o, inclusive os novos contratados, com o mesmo padr\u00e3o para todo o corpo funcional.<\/p>\n<p>Uma das principais preocupa\u00e7\u00f5es dos funcion\u00e1rios do <strong>Santander<\/strong> \u00e9 a decis\u00e3o tomada unilateralmente pelo banco de fazer as homologa\u00e7\u00f5es das demiss\u00f5es nas ag\u00eancias e n\u00e3o nos sindicatos, como era obrigat\u00f3rio antes da mudan\u00e7a na legisla\u00e7\u00e3o trabalhista. \u201cEstamos perdendo o controle das demiss\u00f5es\u201d, alerta Paulo Garcez, representante da Fetraf-RJ\/ES na COE. Com as homologa\u00e7\u00f5es sendo feitas sem a participa\u00e7\u00e3o dos sindicatos, os c\u00e1lculos n\u00e3o s\u00e3o conferidos e n\u00e3o podem ser feitas ressalvas que eram usadas a favor do empregado dispensado em caso de abertura de processo trabalhista. \u201cPrecisamos discutir com os sindicatos as a\u00e7\u00f5es que ser\u00e3o tomadas para que os sindicatos voltem a participar das homologa\u00e7\u00f5es\u201d, adianta o dirigente. Outra quest\u00e3o apontada foi a insist\u00eancia do banco em enviar mensagens para grupos de WhatsApp mesmo em s\u00e1bados, domingos e feriados. As demais propostas, com vistas \u00e0 constru\u00e7\u00e3o do Acordo Aditivo do Banco, ser\u00e3o organizadas ap\u00f3s reuni\u00e3o espec\u00edfica para este fim, que aconteceu no \u00faltimo dia 25.<\/p>\n<p>\u00a0<\/p>\n<p><strong>Nenhum direito a menos<\/strong><\/p>\n<p>Em mais de um grupo de trabalho surgiu a indigna\u00e7\u00e3o com a medida adotada pelo INSS de suspender as aposentadorias por invalidez. Os trabalhadores s\u00e3o sumariamente demitidos, muitas vezes enfrentando desemprego ap\u00f3s o cancelamento. Para todos os presentes ficou claro que se trata de mais um ataque aos direitos previdenci\u00e1rios dos trabalhadores. Uma decis\u00e3o comum foi encaminhar a proposta de consultar a assessoria jur\u00eddica da Contraf-CUT para elaborar um plano de a\u00e7\u00e3o nacional para enfrentar o problema.<\/p>\n<p>Para al\u00e9m das quest\u00f5es espec\u00edficas, ficou evidente a preocupa\u00e7\u00e3o dos banc\u00e1rios com a reforma trabalhista do governo ileg\u00edtimo. \u201cNeste momento \u00e9 importante salientar que a categoria banc\u00e1ria precisa estar unida e ciente do seu papel na luta para manter a nossa CCT e ampliar as conquistas. O movimento tem a importante tarefa de lutar pela retomada da democracia\u201d, avaliou Euclides Neto, diretor para Bancos Privados da Fetraf-RJ\/ES e coordenador dos encontros.<\/p>\n<p>O presidente da Fetraf-RJ\/ES, Nilton Dami\u00e3o Esperan\u00e7a, se mostrou satisfeito com o resultado do evento. \u201cFoi um encontro de muita qualidade. Todos os participantes tiveram oportunidade de expor os problemas de sua base, e de discutir e apresentar propostas que ser\u00e3o levadas para os encontros nacionais. Com certeza participaremos e apresentaremos proposi\u00e7\u00f5es que beneficiar\u00e3o a toda a categoria\u201d, avaliou Nilton. \u201cQuero destacar tamb\u00e9m o belo trabalho de organiza\u00e7\u00e3o e condu\u00e7\u00e3o nos debates, realizado por nosso secret\u00e1rio de bancos privados,\u201d acrescentou o sindicalista.<\/p>\n<p>Cerca de 150 banc\u00e1rios e banc\u00e1rias participaram do encontro, vindos das bases de Angra dos Reis, Baixada Fluminense, Campos, Nova Friburgo, Niter\u00f3i, Petr\u00f3polis, Rio de Janeiro, Sul Fluminense, Teres\u00f3polis e Tr\u00eas Rios.<\/p>\n<\/div>\n<p id=\"page-author\"><span style=\"text-decoration: underline;\"><em><strong>Fonte: Seeb RJ<\/strong><\/em><\/span><\/p>\n","protected":false},"excerpt":{"rendered":"<p>Reunidos no audit\u00f3rio do Sindicato dos Banc\u00e1rios do Rio de Janeiro, no \u00faltimo dia 19, os banc\u00e1rios do BMB, Bradesco, Ita\u00fa e Santander discutiram os assuntos que ser\u00e3o encaminhados aos encontros nacionais que ser\u00e3o realizados em junho. A mesa de abertura do encontro foi composta pela presidenta rec\u00e9m-reeleita do sindicato anfitri\u00e3o, Adriana Nalesso, pelo rec\u00e9m-eleito [&hellip;]<\/p>\n","protected":false},"author":2,"featured_media":4270,"comment_status":"","ping_status":"","sticky":false,"template":"","format":"standard","meta":{"footnotes":""},"categories":[3],"tags":[],"class_list":["post-4271","post","type-post","status-publish","format-standard","has-post-thumbnail","hentry","category-noticias"],"_links":{"self":[{"href":"https:\/\/hostnetart.com.br\/baixada\/wp-json\/wp\/v2\/posts\/4271","targetHints":{"allow":["GET"]}}],"collection":[{"href":"https:\/\/hostnetart.com.br\/baixada\/wp-json\/wp\/v2\/posts"}],"about":[{"href":"https:\/\/hostnetart.com.br\/baixada\/wp-json\/wp\/v2\/types\/post"}],"author":[{"embeddable":true,"href":"https:\/\/hostnetart.com.br\/baixada\/wp-json\/wp\/v2\/users\/2"}],"replies":[{"embeddable":true,"href":"https:\/\/hostnetart.com.br\/baixada\/wp-json\/wp\/v2\/comments?post=4271"}],"version-history":[{"count":0,"href":"https:\/\/hostnetart.com.br\/baixada\/wp-json\/wp\/v2\/posts\/4271\/revisions"}],"wp:featuredmedia":[{"embeddable":true,"href":"https:\/\/hostnetart.com.br\/baixada\/wp-json\/wp\/v2\/media\/4270"}],"wp:attachment":[{"href":"https:\/\/hostnetart.com.br\/baixada\/wp-json\/wp\/v2\/media?parent=4271"}],"wp:term":[{"taxonomy":"category","embeddable":true,"href":"https:\/\/hostnetart.com.br\/baixada\/wp-json\/wp\/v2\/categories?post=4271"},{"taxonomy":"post_tag","embeddable":true,"href":"https:\/\/hostnetart.com.br\/baixada\/wp-json\/wp\/v2\/tags?post=4271"}],"curies":[{"name":"wp","href":"https:\/\/api.w.org\/{rel}","templated":true}]}}