{"id":4269,"date":"2018-04-27T18:43:01","date_gmt":"2018-04-27T21:43:01","guid":{"rendered":"https:\/\/hostnetart.com.br\/baixada\/pais-ganha-1-4-milhao-de-desempregados-em-tres-meses-informalidade-cresce\/"},"modified":"2018-04-27T18:43:01","modified_gmt":"2018-04-27T21:43:01","slug":"pais-ganha-1-4-milhao-de-desempregados-em-tres-meses-informalidade-cresce","status":"publish","type":"post","link":"https:\/\/hostnetart.com.br\/baixada\/pais-ganha-1-4-milhao-de-desempregados-em-tres-meses-informalidade-cresce\/","title":{"rendered":"Pa\u00eds &#8216;ganha&#8217; 1,4 milh\u00e3o de desempregados em tr\u00eas meses. Informalidade cresce"},"content":{"rendered":"<p>A taxa de desemprego subiu de 11,8%, em dezembro, para 13,1% no trimestre encerrado em mar\u00e7o, segundo a Pesquisa Nacional por Amostra de Domic\u00edlios (Pnad), do IBGE. O percentual corresponde a 13,689 milh\u00f5es de desempregados no pa\u00eds, 1,379 milh\u00e3o a mais em tr\u00eas meses. Na compara\u00e7\u00e3o com mar\u00e7o do ano passado, a taxa \u00e9 menor (13,7% em 2017) e o mercado abriu 1,6 milh\u00e3o de vagas. Mas, como vem se tornando constante, todas essas vagas s\u00e3o informais e referem-se, principalmente, a empregados no setor privado sem carteira assinada ou a trabalhadores por conta pr\u00f3pria.<\/p>\n<p>Em parte, crescimento de desemprego no primeiro trimestre \u00e9 normal, por efeito sazonal, como a dispensa de trabalhadores contratados por tempo determinado. &#8220;Mas n\u00e3o podemos responsabilizar s\u00f3 a sazonalidade. Tem a perda decorrente do enfraquecimento da economia tamb\u00e9m&#8221;, disse o coordenador de Trabalho e Rendimento do IBGE, Cimar Azeredo.<\/p>\n<p>De dezembro para mar\u00e7o, 149 mil pessoas deixaram a for\u00e7a de trabalho (-0,1%) e o mercado fechou 1,528 milh\u00e3o de vagas, resultando na diferen\u00e7a de 1,379 milh\u00e3o de desempregados a mais. No per\u00edodo de 12 meses, 1,147 milh\u00e3o entraram no mercado, que criou 1,634 milh\u00e3o de postos de trabalho, o que fez diminuir em 487 mil (-3,4%) o total de desempregados.<\/p>\n<p>Mas, ainda na compara\u00e7\u00e3o com mar\u00e7o de 2017, foram perdidas 493 mil ocupa\u00e7\u00f5es de empregados no setor privado com carteira assinada (-1,5%), enquanto o n\u00famero de empregados sem carteira cresceu em 533 mil (5,2%) e o de trabalhadores por conta pr\u00f3pria, em 839 mil (3,8%). Os empregados com com carteira eram 37,6% do total, agora s\u00e3o 36,3%. No mesmo per\u00edodo, os sem carteira passaram de 11,4% para 11,8% e os aut\u00f4nomos, de 24,9% para 25,3%.<\/p>\n<p>Entre os setores, a ind\u00fastria eliminou 327 mil vagas no primeiro trimestre, a constru\u00e7\u00e3o fechou 389 mil e o com\u00e9rcio\/repara\u00e7\u00e3o de ve\u00edculos, 396 mil. Tamb\u00e9m foram fechados postos de trabalho nos servi\u00e7os dom\u00e9sticos (196 mil) e em administra\u00e7\u00e3o p\u00fablica\/defesa\/seguridade\/sa\u00fade\/educa\u00e7\u00e3o (267 mil).\u00a0<\/p>\n<p>Em um ano, a ind\u00fastria cresce 2%, com acr\u00e9scimo de 232 mil vagas e a constru\u00e7\u00e3o cai 4,1%, fechando 280 mil. Com\u00e9rcio\/repara\u00e7\u00e3o de ve\u00edculos tem varia\u00e7\u00e3o de 1,5% (261 mil a mais), enquanto os servi\u00e7os de alojamento e alimenta\u00e7\u00e3o criam 283 mil ocupa\u00e7\u00f5es (5,7%). Tamb\u00e9m cresce o setor que inclui a administra\u00e7\u00e3o p\u00fablica (3,1%), com 467 mil vagas.<\/p>\n<p>Estimado em R$ 2.169, o rendimento m\u00e9dio dos ocupados n\u00e3o tem varia\u00e7\u00e3o no trimestre e nem na compara\u00e7\u00e3o anual. Cai 4,1% entre os empregados sem carteira e tamb\u00e9m fica estacionado entre os trabalhadores por conta pr\u00f3pria.<\/p>\n<p>\u00a0<\/p>\n<p><span style=\"text-decoration: underline;\"><em><strong>FONTE: Rede Brasil Atual<\/strong><\/em><\/span><\/p>\n","protected":false},"excerpt":{"rendered":"<p>A taxa de desemprego subiu de 11,8%, em dezembro, para 13,1% no trimestre encerrado em mar\u00e7o, segundo a Pesquisa Nacional por Amostra de Domic\u00edlios (Pnad), do IBGE. O percentual corresponde a 13,689 milh\u00f5es de desempregados no pa\u00eds, 1,379 milh\u00e3o a mais em tr\u00eas meses. Na compara\u00e7\u00e3o com mar\u00e7o do ano passado, a taxa \u00e9 menor [&hellip;]<\/p>\n","protected":false},"author":2,"featured_media":4268,"comment_status":"","ping_status":"","sticky":false,"template":"","format":"standard","meta":{"footnotes":""},"categories":[3],"tags":[],"class_list":["post-4269","post","type-post","status-publish","format-standard","has-post-thumbnail","hentry","category-noticias"],"_links":{"self":[{"href":"https:\/\/hostnetart.com.br\/baixada\/wp-json\/wp\/v2\/posts\/4269","targetHints":{"allow":["GET"]}}],"collection":[{"href":"https:\/\/hostnetart.com.br\/baixada\/wp-json\/wp\/v2\/posts"}],"about":[{"href":"https:\/\/hostnetart.com.br\/baixada\/wp-json\/wp\/v2\/types\/post"}],"author":[{"embeddable":true,"href":"https:\/\/hostnetart.com.br\/baixada\/wp-json\/wp\/v2\/users\/2"}],"replies":[{"embeddable":true,"href":"https:\/\/hostnetart.com.br\/baixada\/wp-json\/wp\/v2\/comments?post=4269"}],"version-history":[{"count":0,"href":"https:\/\/hostnetart.com.br\/baixada\/wp-json\/wp\/v2\/posts\/4269\/revisions"}],"wp:featuredmedia":[{"embeddable":true,"href":"https:\/\/hostnetart.com.br\/baixada\/wp-json\/wp\/v2\/media\/4268"}],"wp:attachment":[{"href":"https:\/\/hostnetart.com.br\/baixada\/wp-json\/wp\/v2\/media?parent=4269"}],"wp:term":[{"taxonomy":"category","embeddable":true,"href":"https:\/\/hostnetart.com.br\/baixada\/wp-json\/wp\/v2\/categories?post=4269"},{"taxonomy":"post_tag","embeddable":true,"href":"https:\/\/hostnetart.com.br\/baixada\/wp-json\/wp\/v2\/tags?post=4269"}],"curies":[{"name":"wp","href":"https:\/\/api.w.org\/{rel}","templated":true}]}}