{"id":4267,"date":"2018-04-27T18:39:15","date_gmt":"2018-04-27T21:39:15","guid":{"rendered":"https:\/\/hostnetart.com.br\/baixada\/comando-nacional-se-reune-para-debater-estrategias-para-campanha-nacional-de-2018\/"},"modified":"2018-04-27T18:39:15","modified_gmt":"2018-04-27T21:39:15","slug":"comando-nacional-se-reune-para-debater-estrategias-para-campanha-nacional-de-2018","status":"publish","type":"post","link":"https:\/\/hostnetart.com.br\/baixada\/comando-nacional-se-reune-para-debater-estrategias-para-campanha-nacional-de-2018\/","title":{"rendered":"Comando Nacional se re\u00fane para debater estrat\u00e9gias para Campanha Nacional de 2018"},"content":{"rendered":"<div class=\"content\">\n<p>O Comando Nacional dos Banc\u00e1rios se reuniu, na sede da Contraf-CUT, na tarde desta quinta-feira (26) para discutir estrat\u00e9gias da Campanha Nacional dos Banc\u00e1rios 2018. A defesa da Conven\u00e7\u00e3o Coletiva de Trabalho (CCT) foi o t\u00f3pico principal do debate.<\/p>\n<p>De acordo com a presidenta da Contraf-CUT e coordenadora do Comando Nacional, Juvandia Moreira, \u00e9 preciso defender a renova\u00e7\u00e3o do acordo coletivo e para isso a unidade \u00e9 fundamental. \u201cPrecisamos considerar a conjuntura. Estamos num cen\u00e1rio dif\u00edcil e temos que discutir como nos organizar e fazer a articula\u00e7\u00e3o para sairmos vitoriosos. \u00c9 necess\u00e1rio defender a CCT, fazer campanhas, mostrar a hist\u00f3ria e conscientizar a popula\u00e7\u00e3o que tudo o que conquistamos \u00e9 resultado de luta. \u00c9 muito importante permanecermos unidos e refor\u00e7ar a mobiliza\u00e7\u00e3o contra a efetiva\u00e7\u00e3o da Reforma Trabalhista\u201d, afirmou.<\/p>\n<p>A implementa\u00e7\u00e3o da Reforma Trabalhista liberou as institui\u00e7\u00f5es banc\u00e1rias para realizarem a demiss\u00e3o em massa. Prova disso, foi a abertura de Programas de Demiss\u00e3o Voluntaria (PDV) pela Caixa, pelo Banco do Brasil e Bradesco. \u00a0\u201cOs bancos est\u00e3o reduzindo o n\u00famero de funcion\u00e1rios e pressionando cada vez mais os trabalhadores, desrespeitado a Conven\u00e7\u00e3o Coletiva. Por isso \u00e9 muito importante fortalecermos o nosso di\u00e1logo com a base, fazer a consulta, conscientizar sobre o golpe contra os trabalhadores e a retirada dos direitos\u201d, explicou a presidenta do Sindicato dos Banc\u00e1rios de S\u00e3o Paulo, Osasco e regi\u00e3o e coordenadora do Comando Nacional dos Banc\u00e1rios, Ivone Silva.<\/p>\n<p><strong>M\u00eddia da Campanha Nacional dos Banc\u00e1rios 2018<\/strong><\/p>\n<p>A secretaria de Comunica\u00e7\u00e3o da Contraf-CUT apresentou uma proposta de m\u00eddia para a Campanha Nacional dos Banc\u00e1rios 2018 e o Comando Nacional ir\u00e1 avaliar na pr\u00f3xima reuni\u00e3o.<\/p>\n<\/div>\n<p id=\"page-author\"><span style=\"text-decoration: underline;\"><em><strong>Fonte: Contraf-CUT<\/strong><\/em><\/span><\/p>\n","protected":false},"excerpt":{"rendered":"<p>O Comando Nacional dos Banc\u00e1rios se reuniu, na sede da Contraf-CUT, na tarde desta quinta-feira (26) para discutir estrat\u00e9gias da Campanha Nacional dos Banc\u00e1rios 2018. A defesa da Conven\u00e7\u00e3o Coletiva de Trabalho (CCT) foi o t\u00f3pico principal do debate. De acordo com a presidenta da Contraf-CUT e coordenadora do Comando Nacional, Juvandia Moreira, \u00e9 preciso [&hellip;]<\/p>\n","protected":false},"author":2,"featured_media":4266,"comment_status":"","ping_status":"","sticky":false,"template":"","format":"standard","meta":{"footnotes":""},"categories":[3],"tags":[],"class_list":["post-4267","post","type-post","status-publish","format-standard","has-post-thumbnail","hentry","category-noticias"],"_links":{"self":[{"href":"https:\/\/hostnetart.com.br\/baixada\/wp-json\/wp\/v2\/posts\/4267","targetHints":{"allow":["GET"]}}],"collection":[{"href":"https:\/\/hostnetart.com.br\/baixada\/wp-json\/wp\/v2\/posts"}],"about":[{"href":"https:\/\/hostnetart.com.br\/baixada\/wp-json\/wp\/v2\/types\/post"}],"author":[{"embeddable":true,"href":"https:\/\/hostnetart.com.br\/baixada\/wp-json\/wp\/v2\/users\/2"}],"replies":[{"embeddable":true,"href":"https:\/\/hostnetart.com.br\/baixada\/wp-json\/wp\/v2\/comments?post=4267"}],"version-history":[{"count":0,"href":"https:\/\/hostnetart.com.br\/baixada\/wp-json\/wp\/v2\/posts\/4267\/revisions"}],"wp:featuredmedia":[{"embeddable":true,"href":"https:\/\/hostnetart.com.br\/baixada\/wp-json\/wp\/v2\/media\/4266"}],"wp:attachment":[{"href":"https:\/\/hostnetart.com.br\/baixada\/wp-json\/wp\/v2\/media?parent=4267"}],"wp:term":[{"taxonomy":"category","embeddable":true,"href":"https:\/\/hostnetart.com.br\/baixada\/wp-json\/wp\/v2\/categories?post=4267"},{"taxonomy":"post_tag","embeddable":true,"href":"https:\/\/hostnetart.com.br\/baixada\/wp-json\/wp\/v2\/tags?post=4267"}],"curies":[{"name":"wp","href":"https:\/\/api.w.org\/{rel}","templated":true}]}}