{"id":4265,"date":"2018-04-27T13:33:00","date_gmt":"2018-04-27T16:33:00","guid":{"rendered":"https:\/\/hostnetart.com.br\/baixada\/numero-de-acordos-e-convencoes-coletivas-cai-apos-reforma-trabalhista\/"},"modified":"2018-04-27T13:33:00","modified_gmt":"2018-04-27T16:33:00","slug":"numero-de-acordos-e-convencoes-coletivas-cai-apos-reforma-trabalhista","status":"publish","type":"post","link":"https:\/\/hostnetart.com.br\/baixada\/numero-de-acordos-e-convencoes-coletivas-cai-apos-reforma-trabalhista\/","title":{"rendered":"N\u00famero de acordos e conven\u00e7\u00f5es coletivas cai ap\u00f3s reforma trabalhista"},"content":{"rendered":"<p>O n\u00famero de acordos e conven\u00e7\u00f5es trabalhistas entre empres\u00e1rios e trabalhadores caiu entre 2017 e 2018.\u00a0Entre fevereiro de 2017 e igual m\u00eas deste ano, os acordos coletivos entre um \u00fanico sindicato e uma empresa ca\u00edram 24%. J\u00e1 o n\u00famero de conven\u00e7\u00f5es coletivas que envolvem sindicatos de trabalhadores e patronais teve redu\u00e7\u00e3o de 44%.<\/p>\n<p>Os dados s\u00e3o da Funda\u00e7\u00e3o Instituto de Pesquisas Econ\u00f4micas (<a class=\"external-link\" title=\"\" href=\"http:\/\/www.fipe.org.br\/\" target=\"_blank\" rel=\"noopener noreferrer\">Fipe<\/a>), baseados em informa\u00e7\u00f5es do Minist\u00e9rio do Trabalho. Para economistas, os trabalhadores rejeitam propostas que trazem redu\u00e7\u00e3o de direitos impostos pela <a class=\"internal-link\" title=\"\" href=\"http:\/\/www.redebrasilatual.com.br\/trabalho\/2018\/04\/para-juiz-unica-saida-para-nova-lei-trabalhista-e-a-revogacao\" target=\"_blank\" rel=\"noopener noreferrer\">reforma trabalhista do governo Temer<\/a>.<\/p>\n<p>&#8220;Os empregadores apresentam as pautas propondo a introdu\u00e7\u00e3o de mecanismos novos para <a class=\"internal-link\" title=\"\" href=\"http:\/\/www.redebrasilatual.com.br\/trabalho\/2018\/04\/reforma-trabalhista-empurra-pais-para-a-pobreza-diz-juiza-do-trabalho\" target=\"_blank\" rel=\"noopener noreferrer\">flexibilizar ou alterar a forma de contrato<\/a>, mas os sindicatos n\u00e3o querem aceitar esse tipo de mudan\u00e7a que prejudica os trabalhadores. Isso tem dificultado mais as negocia\u00e7\u00f5es coletivas e passam a ter processos de negocia\u00e7\u00e3o mais longos&#8221;, afirma o diretor t\u00e9cnico do Dieese, Clemente Ganz L\u00facio, ao rep\u00f3rter Leandro Chaves, da\u00a0<strong>TVT<\/strong>.<\/p>\n<p>A contrapartida fica por conta da infla\u00e7\u00e3o, para quem est\u00e1 empregado a situa\u00e7\u00e3o \u00e9 mais favor\u00e1vel e quase 90% das negocia\u00e7\u00f5es no primeiro trimestre tiveram ganhos acima do\u00a0\u00cdndice Nacional de Pre\u00e7os ao Consumidor (INPC) que foi de 1,9%. Os quase 800 reajustes fechados no per\u00edodo tiveram ganho real de 0,9%.<\/p>\n<p>Para o Dieese. os n\u00fameros passam uma <a class=\"internal-link\" title=\"\" href=\"http:\/\/www.redebrasilatual.com.br\/economia\/2018\/01\/salario-minimo-de-novo-abaixo-da-inflacao-fim-de-uma-politica-publica\" target=\"_blank\" rel=\"noopener noreferrer\">falsa sensa\u00e7\u00e3o de ganho<\/a>. \u201cUma infla\u00e7\u00e3o menor para quem tem sal\u00e1rio significa que o sal\u00e1rio teve uma menor perda. O que \u00e9 importante tamb\u00e9m observar \u00e9 que essa infla\u00e7\u00e3o extremamente baixa para o padr\u00e3o brasileiro \u00e9 decorrente de uma grave crise, que gera mais de 13 milh\u00f5es de desempregados e outro contingente de pessoas subocupadas. Empregadores rep\u00f5em a infla\u00e7\u00e3o, at\u00e9 d\u00e3o algum tipo de ganho real, mas continuam pressionando para que a conven\u00e7\u00e3o aceite uma redu\u00e7\u00e3o de direitos&#8221;, diz Clemente.<\/p>\n<p>\u00a0<\/p>\n<p><span style=\"text-decoration: underline;\"><em><strong>FONTE: Rede Brasil Atual<\/strong><\/em><\/span><\/p>\n","protected":false},"excerpt":{"rendered":"<p>O n\u00famero de acordos e conven\u00e7\u00f5es trabalhistas entre empres\u00e1rios e trabalhadores caiu entre 2017 e 2018.\u00a0Entre fevereiro de 2017 e igual m\u00eas deste ano, os acordos coletivos entre um \u00fanico sindicato e uma empresa ca\u00edram 24%. J\u00e1 o n\u00famero de conven\u00e7\u00f5es coletivas que envolvem sindicatos de trabalhadores e patronais teve redu\u00e7\u00e3o de 44%. Os dados [&hellip;]<\/p>\n","protected":false},"author":2,"featured_media":4264,"comment_status":"","ping_status":"","sticky":false,"template":"","format":"standard","meta":{"footnotes":""},"categories":[3],"tags":[],"class_list":["post-4265","post","type-post","status-publish","format-standard","has-post-thumbnail","hentry","category-noticias"],"_links":{"self":[{"href":"https:\/\/hostnetart.com.br\/baixada\/wp-json\/wp\/v2\/posts\/4265","targetHints":{"allow":["GET"]}}],"collection":[{"href":"https:\/\/hostnetart.com.br\/baixada\/wp-json\/wp\/v2\/posts"}],"about":[{"href":"https:\/\/hostnetart.com.br\/baixada\/wp-json\/wp\/v2\/types\/post"}],"author":[{"embeddable":true,"href":"https:\/\/hostnetart.com.br\/baixada\/wp-json\/wp\/v2\/users\/2"}],"replies":[{"embeddable":true,"href":"https:\/\/hostnetart.com.br\/baixada\/wp-json\/wp\/v2\/comments?post=4265"}],"version-history":[{"count":0,"href":"https:\/\/hostnetart.com.br\/baixada\/wp-json\/wp\/v2\/posts\/4265\/revisions"}],"wp:featuredmedia":[{"embeddable":true,"href":"https:\/\/hostnetart.com.br\/baixada\/wp-json\/wp\/v2\/media\/4264"}],"wp:attachment":[{"href":"https:\/\/hostnetart.com.br\/baixada\/wp-json\/wp\/v2\/media?parent=4265"}],"wp:term":[{"taxonomy":"category","embeddable":true,"href":"https:\/\/hostnetart.com.br\/baixada\/wp-json\/wp\/v2\/categories?post=4265"},{"taxonomy":"post_tag","embeddable":true,"href":"https:\/\/hostnetart.com.br\/baixada\/wp-json\/wp\/v2\/tags?post=4265"}],"curies":[{"name":"wp","href":"https:\/\/api.w.org\/{rel}","templated":true}]}}